{"id":41117,"date":"2024-07-02T15:25:30","date_gmt":"2024-07-02T20:25:30","guid":{"rendered":"https:\/\/politicosaldesnudo.com.mx\/?p=41117"},"modified":"2024-07-02T15:25:30","modified_gmt":"2024-07-02T20:25:30","slug":"milei-reitera-que-intento-de-golpe-en-bolivia-fue-fraude-y-carga-contra-lula","status":"publish","type":"post","link":"https:\/\/politicosaldesnudo.com.mx\/index.php\/2024\/07\/02\/milei-reitera-que-intento-de-golpe-en-bolivia-fue-fraude-y-carga-contra-lula\/","title":{"rendered":"Milei reitera que intento de golpe en Bolivia fue \u00abfraude\u00bb y carga contra Lula"},"content":{"rendered":"<div>\n<div id=\"content-body-225-12176263\">\n<p><span style=\"font-size: 14pt;\">El\u00a0presidente de Argentina, Javier Milei, critic\u00f3 este martes con dureza a quienes le censuraron por llamar \u00abfraude\u00bb al intento de golpe de Estado en Bolivia, y carg\u00f3 nuevamente contra el mandatario brasile\u00f1o, Luiz In\u00e1cio Lula da Silva.<\/span><\/p>\n<p><span style=\"font-size: 14pt;\">\u00abEl perfecto dinosaurio idiota\u00bb, llam\u00f3 Milei en una publicaci\u00f3n en la red X a sus detractores, luego del conflicto diplom\u00e1tico con Bolivia por tratar de \u00abfalsa denuncia\u00bb el intento de golpe del mi\u00e9rcoles de la semana pasada.<\/span><\/p>\n<\/div>\n<\/div>\n<div>\n<div id=\"dfp-nota-1x3s\" data-google-query-id=\"CPD70-uXiYcDFUuFywEd8jEB3g\">\n<div id=\"google_ads_iframe_\/2000002\/la-prensa\/mexico_nota_1x3_0__container__\"><span style=\"font-size: 14pt;\">\u00abSe conoce el fraude montado en Bolivia y el perfecto idiota, en lugar de aceptar su error\u00bb, lo \u00abcritica por dejar su estupidez a la vista\u00bb, poste\u00f3.<\/span><\/div>\n<\/div>\n<\/div>\n<article>\n<div id=\"content-body-5851641-12176263\">\n<p><span style=\"font-size: 14pt;\">Adem\u00e1s, critic\u00f3 a quien \u00abse come la curva en el caso Bolivia\u00bb y lo \u00abcritica por no declarar de modo inmediato\u00bb.<\/span><\/p>\n<p><span style=\"font-size: 14pt;\">Milei tambi\u00e9n se neg\u00f3 a pedir disculpas a Lula, como le hab\u00eda emplazado el gobernante brasile\u00f1o, porque dijo que es verdad que es \u00abcorrupto\u00bb y \u00abcomunista\u00bb.<\/span><\/p>\n<p><span style=\"font-size: 14pt;\">Luego de las agresiones de Lula (en especial su fuerte interferencia en la campa\u00f1a electoral y apoyo s\u00f3lido a la campa\u00f1a m\u00e1s sucia de la historia)\u00bb, el que lo critica \u00abse queja\u00bb porque le responde \u00abcon verdad (ha estado preso por corrupci\u00f3n y es comunista)public\u00f3 el jefe de Estado argentino.<\/span><\/p>\n<p><span style=\"font-size: 14pt;\">El Gobierno del presidente\u00a0Luis Arce convoc\u00f3 el lunes al embajador de Argentina en La Paz para expresar un \u00aben\u00e9rgico rechazo\u00bb al comunicado difundido el domingo por la Oficina del Presidente de la Rep\u00fablica de Argentina, que cuestion\u00f3 la veracidad del intento de golpe de Esyado y tambi\u00e9n dijo que en Bolivia hay doscientos presos pol\u00edticos.<\/span><\/p>\n<p><span style=\"font-size: 14pt;\">Javier Milei anunci\u00f3 que no asistir\u00e1 a la cumbre de Mercosur, en Asunci\u00f3n, el pr\u00f3ximo 8 de julio, a la que asistir\u00e1n Lula y Arce,\u00a0adem\u00e1s del presidente paraguayo, Santiago Pe\u00f1a, y el uruguayo, Luis Lacalle Pou.<\/span><\/p>\n<p><span style=\"font-size: 14pt;\">Sin embargo, s\u00ed viajar\u00e1 a la ciudad brasile\u00f1a de Cambori\u00fa, para asistir a la Conferencia de Pol\u00edtica de Acci\u00f3n Conservadora,\u00a0donde adem\u00e1s se reunir\u00e1 con el expresidente Jair Bolsonaro (2019-2022), principal rival pol\u00edtico de Lula, seg\u00fan indic\u00f3 el hijo del exmandatario.<\/span><\/p>\n<p><span style=\"font-size: 14pt;\">Si hubi\u00e9ramos hecho las cosas como este gran dinosaurio idiota dec\u00eda, LLA (La Libertad Avanza, el partido de ultraderecha que encabeza Milei) hubiera perdidoen las presidenciales de 2023, fundament\u00f3 el presidente argentino en su publicaci\u00f3n.<\/span><\/p>\n<p><span style=\"font-size: 14pt;\">\u00abNo le hicimos caso y ganamos, y como no puede asimilar su error, entonces ensucia desde el armado de una cr\u00edtica pol\u00edticamente correcta\u00bb, dijo Milei dirigi\u00e9ndose a un adversario que no identific\u00f3 expl\u00edcitamente.<\/span><\/p>\n<\/div>\n<\/article>\n","protected":false},"excerpt":{"rendered":"<p>El\u00a0presidente de Argentina, Javier Milei, critic\u00f3 este martes con dureza a quienes le censuraron por llamar \u00abfraude\u00bb al intento de<\/p>\n","protected":false},"author":4,"featured_media":34656,"comment_status":"closed","ping_status":"closed","sticky":false,"template":"","format":"standard","meta":{"colormag_page_container_layout":"default_layout","colormag_page_sidebar_layout":"default_layout","_jetpack_memberships_contains_paid_content":false,"footnotes":"","jetpack_publicize_message":"","jetpack_publicize_feature_enabled":true,"jetpack_social_post_already_shared":false,"jetpack_social_options":{"image_generator_settings":{"template":"highway","default_image_id":0,"font":"","enabled":false},"version":2}},"categories":[28],"tags":[],"class_list":["post-41117","post","type-post","status-publish","format-standard","has-post-thumbnail","hentry","category-internacional"],"jetpack_publicize_connections":[],"jetpack_featured_media_url":"https:\/\/i0.wp.com\/politicosaldesnudo.com.mx\/wp-content\/uploads\/2024\/04\/Javier-Milei.jpg?fit=800%2C450&ssl=1","jetpack-related-posts":[],"jetpack_sharing_enabled":true,"_links":{"self":[{"href":"https:\/\/politicosaldesnudo.com.mx\/index.php\/wp-json\/wp\/v2\/posts\/41117","targetHints":{"allow":["GET"]}}],"collection":[{"href":"https:\/\/politicosaldesnudo.com.mx\/index.php\/wp-json\/wp\/v2\/posts"}],"about":[{"href":"https:\/\/politicosaldesnudo.com.mx\/index.php\/wp-json\/wp\/v2\/types\/post"}],"author":[{"embeddable":true,"href":"https:\/\/politicosaldesnudo.com.mx\/index.php\/wp-json\/wp\/v2\/users\/4"}],"replies":[{"embeddable":true,"href":"https:\/\/politicosaldesnudo.com.mx\/index.php\/wp-json\/wp\/v2\/comments?post=41117"}],"version-history":[{"count":0,"href":"https:\/\/politicosaldesnudo.com.mx\/index.php\/wp-json\/wp\/v2\/posts\/41117\/revisions"}],"wp:featuredmedia":[{"embeddable":true,"href":"https:\/\/politicosaldesnudo.com.mx\/index.php\/wp-json\/wp\/v2\/media\/34656"}],"wp:attachment":[{"href":"https:\/\/politicosaldesnudo.com.mx\/index.php\/wp-json\/wp\/v2\/media?parent=41117"}],"wp:term":[{"taxonomy":"category","embeddable":true,"href":"https:\/\/politicosaldesnudo.com.mx\/index.php\/wp-json\/wp\/v2\/categories?post=41117"},{"taxonomy":"post_tag","embeddable":true,"href":"https:\/\/politicosaldesnudo.com.mx\/index.php\/wp-json\/wp\/v2\/tags?post=41117"}],"curies":[{"name":"wp","href":"https:\/\/api.w.org\/{rel}","templated":true}]}}