{"id":41121,"date":"2024-07-03T07:47:25","date_gmt":"2024-07-03T12:47:25","guid":{"rendered":"https:\/\/politicosaldesnudo.com.mx\/?p=41121"},"modified":"2024-07-03T07:47:25","modified_gmt":"2024-07-03T12:47:25","slug":"viene-el-tremendo-huracan-byeryl","status":"publish","type":"post","link":"https:\/\/politicosaldesnudo.com.mx\/index.php\/2024\/07\/03\/viene-el-tremendo-huracan-byeryl\/","title":{"rendered":"Viene el tremendo hurac\u00e1n Byeryl"},"content":{"rendered":"<ul style=\"font-weight: 400;\">\n<li><span style=\"font-size: 14pt;\">Es extremadamente peligroso y representa una grave amenaza<\/span><\/li>\n<\/ul>\n<ul>\n<li style=\"font-weight: 400;\"><span style=\"font-size: 14pt;\">El municipio de Tuxpan se encuentra en m\u00e1xima alerta<\/span><\/li>\n<li style=\"font-weight: 400;\"><span style=\"font-size: 14pt;\">Ya se \u201caguaron\u201d los festejos del carnaval de Veracruz<\/span><\/li>\n<\/ul>\n<p style=\"font-weight: 400;\"><span style=\"font-size: 14pt;\"><strong>Por Miguel \u00c1ngel Cristiani G.<\/strong><\/span><\/p>\n<p style=\"font-weight: 400;\"><span style=\"font-size: 14pt;\">\u00a0Despu\u00e9s de su paso devastador por el Caribe, el hurac\u00e1n Byeryl ahora tiene en la mira al estado de Veracruz. Las autoridades han emitido advertencias y ordenado evacuaciones obligatorias en las \u00e1reas costeras, advirtiendo sobre los peligros que representa este potente sistema.<\/span><\/p>\n<p style=\"font-weight: 400;\"><span style=\"font-size: 14pt;\">Seg\u00fan los \u00faltimos pron\u00f3sticos, Byeryl llegar\u00e1 a las costas de Veracruz como un hurac\u00e1n de categor\u00eda 4, con vientos sostenidos de hasta 130 mph (210 km\/h) y r\u00e1fagas a\u00fan m\u00e1s fuertes. Se espera que cause inundaciones severas, marejadas cicl\u00f3nicas peligrosas y da\u00f1os generalizados a la infraestructura.<\/span><\/p>\n<p style=\"font-weight: 400;\"><span style=\"font-size: 14pt;\">\u00abEste no es un hurac\u00e1n ordinario. Byeryl es extremadamente peligroso y representa una grave amenaza para la vida y la propiedad\u00bb, advirti\u00f3 el gobernador del estado, quien llam\u00f3 a la poblaci\u00f3n a tomar las medidas de precauci\u00f3n necesarias de inmediato.<\/span><\/p>\n<p style=\"font-weight: 400;\"><span style=\"font-size: 14pt;\">Expertos meteorol\u00f3gicos advierten que Byeryl podr\u00eda ser uno de los huracanes m\u00e1s fuertes que haya azotado la regi\u00f3n en d\u00e9cadas. Se insta a la poblaci\u00f3n a mantener la calma, seguir las instrucciones de las autoridades y estar preparados para pasar varios d\u00edas sin servicios b\u00e1sicos una vez que el hurac\u00e1n haya pasado.<\/span><\/p>\n<p style=\"font-weight: 400;\"><span style=\"font-size: 14pt;\">Con toda oportunidad, el Gobierno de Tuxpan que preside Jos\u00e9 Manuel Pozos Castro ya se encuentra en m\u00e1xima alerta, dando puntual seguimiento al fen\u00f3meno ya que se esperan fuertes lluvias desde esta noche.<\/span><\/p>\n<p style=\"font-weight: 400;\"><span style=\"font-size: 14pt;\">El Presidente Municipal, licenciado Jos\u00e9 Manuel Pozos Castro ha instruido a todos los directores y coordinadores del Ayuntamiento para que est\u00e9n listos y coordinados para actuar en caso de ser necesario.<\/span><\/p>\n<p style=\"font-weight: 400;\"><span style=\"font-size: 14pt;\">Es importante recordar que se mantiene abierta la Sesi\u00f3n Permanente del Consejo Municipal de Protecci\u00f3n Civil.<\/span><\/p>\n<p style=\"font-weight: 400;\"><span style=\"font-size: 14pt;\">De acuerdo a la informaci\u00f3n disponible, las zonas m\u00e1s vulnerables de Veracruz que podr\u00edan verse severamente afectadas por el hurac\u00e1n Byeryl son:<\/span><\/p>\n<p style=\"font-weight: 400;\"><span style=\"font-size: 14pt;\">Zonas costeras bajas: Las ciudades y pueblos ubicados en la franja costera, como Veracruz, Boca del R\u00edo, Alvarado, Coatzacoalcos y Tuxpan, enfrentar\u00e1n el mayor riesgo de inundaciones por las marejadas cicl\u00f3nicas.<\/span><\/p>\n<p style=\"font-weight: 400;\"><span style=\"font-size: 14pt;\">Estas \u00e1reas suelen tener infraestructura m\u00e1s d\u00e9bil y son m\u00e1s propensas a da\u00f1os por los vientos huracanados y las inundaciones.<\/span><\/p>\n<p style=\"font-weight: 400;\"><span style=\"font-size: 14pt;\">\u00c1reas cercanas a r\u00edos y cuerpos de agua:<\/span><\/p>\n<p style=\"font-weight: 400;\"><span style=\"font-size: 14pt;\">Localidades asentadas a lo largo de los r\u00edos Papaloapan, Coatzacoalcos y Blanco corren peligro de desbordamientos e inundaciones.<\/span><\/p>\n<p style=\"font-weight: 400;\"><span style=\"font-size: 14pt;\">Las zonas aleda\u00f1as a lagunas y estuarios tambi\u00e9n est\u00e1n en alto riesgo.<\/span><\/p>\n<p style=\"font-weight: 400;\"><span style=\"font-size: 14pt;\">Zonas monta\u00f1osas y de laderas:<\/span><\/p>\n<p style=\"font-weight: 400;\"><span style=\"font-size: 14pt;\">Los municipios serranos como Orizaba, C\u00f3rdoba y Xalapa han empezado a sufrir deslizamientos de tierra, derrumbes y cortes de comunicaci\u00f3n por la saturaci\u00f3n de los suelos.<\/span><\/p>\n<p style=\"font-weight: 400;\"><span style=\"font-size: 14pt;\">Asentamientos irregulares y vulnerables: Las colonias populares y comunidades de bajos recursos en las periferias de las ciudades enfrentar\u00e1n mayores riesgos, al contar con viviendas menos resistentes.<\/span><\/p>\n<p style=\"font-weight: 400;\"><span style=\"font-size: 14pt;\">Las autoridades han priorizado la evacuaci\u00f3n de estas zonas consideradas de mayor vulnerabilidad ante el paso inminente del hurac\u00e1n Byeryl. Se hace un llamado urgente a la poblaci\u00f3n a atender las instrucciones de los organismos de protecci\u00f3n civil para preservar sus vidas.<\/span><\/p>\n<p style=\"font-weight: 400;\"><span style=\"font-size: 14pt;\">Por lo pronto los festejos del carnaval de Veracruz, seg\u00fan los conductores de televisi\u00f3n el m\u00e1s alegre del mundo, ya se agu\u00f3 y se tuvieron que suspender dos desfiles del carnaval por las lluvias y aunque se han reprogramado los eventos, ya poca asistencia tienen.<\/span><\/p>\n","protected":false},"excerpt":{"rendered":"<p>Es extremadamente peligroso y representa una grave amenaza El municipio de Tuxpan se encuentra en m\u00e1xima alerta Ya se \u201caguaron\u201d<\/p>\n","protected":false},"author":4,"featured_media":783,"comment_status":"closed","ping_status":"closed","sticky":false,"template":"","format":"standard","meta":{"colormag_page_container_layout":"default_layout","colormag_page_sidebar_layout":"default_layout","_jetpack_memberships_contains_paid_content":false,"footnotes":"","jetpack_publicize_message":"","jetpack_publicize_feature_enabled":true,"jetpack_social_post_already_shared":false,"jetpack_social_options":{"image_generator_settings":{"template":"highway","default_image_id":0,"font":"","enabled":false},"version":2}},"categories":[26],"tags":[],"class_list":["post-41121","post","type-post","status-publish","format-standard","has-post-thumbnail","hentry","category-columnistas"],"jetpack_publicize_connections":[],"jetpack_featured_media_url":"https:\/\/i0.wp.com\/politicosaldesnudo.com.mx\/wp-content\/uploads\/2021\/12\/CRISTIANI.png?fit=1816%2C1016&ssl=1","jetpack-related-posts":[],"jetpack_sharing_enabled":true,"_links":{"self":[{"href":"https:\/\/politicosaldesnudo.com.mx\/index.php\/wp-json\/wp\/v2\/posts\/41121","targetHints":{"allow":["GET"]}}],"collection":[{"href":"https:\/\/politicosaldesnudo.com.mx\/index.php\/wp-json\/wp\/v2\/posts"}],"about":[{"href":"https:\/\/politicosaldesnudo.com.mx\/index.php\/wp-json\/wp\/v2\/types\/post"}],"author":[{"embeddable":true,"href":"https:\/\/politicosaldesnudo.com.mx\/index.php\/wp-json\/wp\/v2\/users\/4"}],"replies":[{"embeddable":true,"href":"https:\/\/politicosaldesnudo.com.mx\/index.php\/wp-json\/wp\/v2\/comments?post=41121"}],"version-history":[{"count":0,"href":"https:\/\/politicosaldesnudo.com.mx\/index.php\/wp-json\/wp\/v2\/posts\/41121\/revisions"}],"wp:featuredmedia":[{"embeddable":true,"href":"https:\/\/politicosaldesnudo.com.mx\/index.php\/wp-json\/wp\/v2\/media\/783"}],"wp:attachment":[{"href":"https:\/\/politicosaldesnudo.com.mx\/index.php\/wp-json\/wp\/v2\/media?parent=41121"}],"wp:term":[{"taxonomy":"category","embeddable":true,"href":"https:\/\/politicosaldesnudo.com.mx\/index.php\/wp-json\/wp\/v2\/categories?post=41121"},{"taxonomy":"post_tag","embeddable":true,"href":"https:\/\/politicosaldesnudo.com.mx\/index.php\/wp-json\/wp\/v2\/tags?post=41121"}],"curies":[{"name":"wp","href":"https:\/\/api.w.org\/{rel}","templated":true}]}}