{"id":41123,"date":"2024-07-03T07:50:37","date_gmt":"2024-07-03T12:50:37","guid":{"rendered":"https:\/\/politicosaldesnudo.com.mx\/?p=41123"},"modified":"2024-07-03T07:50:37","modified_gmt":"2024-07-03T12:50:37","slug":"monitorean-nivel-de-rios-en-el-estado-de-veracruz","status":"publish","type":"post","link":"https:\/\/politicosaldesnudo.com.mx\/index.php\/2024\/07\/03\/monitorean-nivel-de-rios-en-el-estado-de-veracruz\/","title":{"rendered":"Monitorean nivel de r\u00edos en el Estado de Veracruz"},"content":{"rendered":"<p><span style=\"font-size: 14pt;\">Tras las precipitaciones por el paso de la Tormenta Tropical Chris en el Estado de Veracruz, autoridades de la Comisi\u00f3n Nacional del Agua mantienen un monitoreo en el incremento del nivel de los r\u00edos de la entidad.<\/span><\/p>\n<p><span style=\"font-size: 14pt;\">Jessica Luna Lagunes, Jefa de Hidrometeorolog\u00eda de la CONAGUA, se\u00f1al\u00f3 que en la zona norte del estado se mantiene vigilancia en el R\u00edo Cazones, el cual alcanz\u00f3 su nivel desbordamiento a la altura de Poza Rica, mientras que en otras zonas, aunque no present\u00f3 el mismo nivel, continu\u00f3 incrementado durante este martes, por lo que exhort\u00f3 a la poblaci\u00f3n de los municipios de Poza Rica, Cazones y Tihuatl\u00e1n a mantenerse atentos y prevenidos ante cualquier eventualidad.<\/span><\/p>\n<p><span style=\"font-size: 14pt;\">Asimismo es en la estaci\u00f3n de Puente Palomas en el municipio de Venustiano Carranza donde el r\u00edo Cazones super\u00f3 por 5 cent\u00edmetros su nivel cr\u00edtico y present\u00f3 un desbordamiento.<\/span><\/p>\n<p><span style=\"font-size: 14pt;\">Coment\u00f3 que de igual forma el R\u00edo Jamapa present\u00f3 niveles de desbordamiento en las zonas bajas del Municipio de Medell\u00edn, mientras que el R\u00edo Cotaxtla puede superar sus niveles cr\u00edticos.\u00a0<\/span><\/p>\n","protected":false},"excerpt":{"rendered":"<p>Tras las precipitaciones por el paso de la Tormenta Tropical Chris en el Estado de Veracruz, autoridades de la Comisi\u00f3n<\/p>\n","protected":false},"author":4,"featured_media":41124,"comment_status":"closed","ping_status":"closed","sticky":false,"template":"","format":"standard","meta":{"colormag_page_container_layout":"default_layout","colormag_page_sidebar_layout":"default_layout","_jetpack_memberships_contains_paid_content":false,"footnotes":"","jetpack_publicize_message":"","jetpack_publicize_feature_enabled":true,"jetpack_social_post_already_shared":false,"jetpack_social_options":{"image_generator_settings":{"template":"highway","default_image_id":0,"font":"","enabled":false},"version":2}},"categories":[1082],"tags":[],"class_list":["post-41123","post","type-post","status-publish","format-standard","has-post-thumbnail","hentry","category-tuxpan"],"jetpack_publicize_connections":[],"jetpack_featured_media_url":"https:\/\/i0.wp.com\/politicosaldesnudo.com.mx\/wp-content\/uploads\/2024\/07\/monitorean-niveles-de-rios-ante-lluvias-en-veracruz-530856.jpg?fit=800%2C600&ssl=1","jetpack-related-posts":[],"jetpack_sharing_enabled":true,"_links":{"self":[{"href":"https:\/\/politicosaldesnudo.com.mx\/index.php\/wp-json\/wp\/v2\/posts\/41123","targetHints":{"allow":["GET"]}}],"collection":[{"href":"https:\/\/politicosaldesnudo.com.mx\/index.php\/wp-json\/wp\/v2\/posts"}],"about":[{"href":"https:\/\/politicosaldesnudo.com.mx\/index.php\/wp-json\/wp\/v2\/types\/post"}],"author":[{"embeddable":true,"href":"https:\/\/politicosaldesnudo.com.mx\/index.php\/wp-json\/wp\/v2\/users\/4"}],"replies":[{"embeddable":true,"href":"https:\/\/politicosaldesnudo.com.mx\/index.php\/wp-json\/wp\/v2\/comments?post=41123"}],"version-history":[{"count":0,"href":"https:\/\/politicosaldesnudo.com.mx\/index.php\/wp-json\/wp\/v2\/posts\/41123\/revisions"}],"wp:featuredmedia":[{"embeddable":true,"href":"https:\/\/politicosaldesnudo.com.mx\/index.php\/wp-json\/wp\/v2\/media\/41124"}],"wp:attachment":[{"href":"https:\/\/politicosaldesnudo.com.mx\/index.php\/wp-json\/wp\/v2\/media?parent=41123"}],"wp:term":[{"taxonomy":"category","embeddable":true,"href":"https:\/\/politicosaldesnudo.com.mx\/index.php\/wp-json\/wp\/v2\/categories?post=41123"},{"taxonomy":"post_tag","embeddable":true,"href":"https:\/\/politicosaldesnudo.com.mx\/index.php\/wp-json\/wp\/v2\/tags?post=41123"}],"curies":[{"name":"wp","href":"https:\/\/api.w.org\/{rel}","templated":true}]}}