{"id":41126,"date":"2024-07-03T07:51:36","date_gmt":"2024-07-03T12:51:36","guid":{"rendered":"https:\/\/politicosaldesnudo.com.mx\/?p=41126"},"modified":"2024-07-03T07:51:36","modified_gmt":"2024-07-03T12:51:36","slug":"sedena-activa-plan-dn-iii-e-en-municipios-norveracruzanos","status":"publish","type":"post","link":"https:\/\/politicosaldesnudo.com.mx\/index.php\/2024\/07\/03\/sedena-activa-plan-dn-iii-e-en-municipios-norveracruzanos\/","title":{"rendered":"SEDENA activa Plan DN III-E en municipios norveracruzanos"},"content":{"rendered":"<p><span style=\"font-size: 14pt;\">Personal de la Secretar\u00eda de la Defensa Nacional (SEDENA) perteneciente a los batallones 7mo, 39 y 74 de Infanter\u00eda, se encuentran desplegados en por lo menos cuatro municipios de la zona norte en fase de auxilio en el marco del Plan DN III E, tras el paso de la tormenta tropical \u00abChris\u00bb por el Estado de Veracruz.<\/span><\/p>\n<p><span style=\"font-size: 14pt;\">En Papantla, se encuentra personal militar del 7mo Batall\u00f3n; han atendido deslaves en la carretera Mart\u00ednez de la Torre a la altura del puente \u00abRemolino\u00bb y trabajado en la remoci\u00f3n de escombros para reactivar la v\u00eda de acceso.<\/span><\/p>\n<p><span style=\"font-size: 14pt;\">En \u00c1lamo, personal del 39 Batall\u00f3n realiza recorridos en el municipio, misma localidad en donde elementos del 74 Batall\u00f3n rescataron a una persona adulta que hab\u00eda sido arrastrada por la corriente del arroyo Estero del \u00cddolo.<\/span><\/p>\n<p><span style=\"font-size: 14pt;\">En Tantoyuca, otra parte de efectivos del 74 Batall\u00f3n brindan auxilio a viviendas; en dicho lugar atendieron una ca\u00edda de \u00e1rbol sobre una casa en donde no hubo lesionados.<\/span><\/p>\n<p><span style=\"font-size: 14pt;\">Tambi\u00e9n en el municipio El Higo, otra fracci\u00f3n del 74 Batall\u00f3n se encuentra activo en la fase de auxilio tras una ca\u00edda de \u00e1rbol en una escuela primaria y apoyando en la remoci\u00f3n de escombros.<\/span><\/p>\n","protected":false},"excerpt":{"rendered":"<p>Personal de la Secretar\u00eda de la Defensa Nacional (SEDENA) perteneciente a los batallones 7mo, 39 y 74 de Infanter\u00eda, se<\/p>\n","protected":false},"author":4,"featured_media":41127,"comment_status":"closed","ping_status":"closed","sticky":false,"template":"","format":"standard","meta":{"colormag_page_container_layout":"default_layout","colormag_page_sidebar_layout":"default_layout","_jetpack_memberships_contains_paid_content":false,"footnotes":"","jetpack_publicize_message":"","jetpack_publicize_feature_enabled":true,"jetpack_social_post_already_shared":false,"jetpack_social_options":{"image_generator_settings":{"template":"highway","default_image_id":0,"font":"","enabled":false},"version":2}},"categories":[1082],"tags":[],"class_list":["post-41126","post","type-post","status-publish","format-standard","has-post-thumbnail","hentry","category-tuxpan"],"jetpack_publicize_connections":[],"jetpack_featured_media_url":"https:\/\/i0.wp.com\/politicosaldesnudo.com.mx\/wp-content\/uploads\/2024\/07\/images-1.jpg?fit=284%2C177&ssl=1","jetpack-related-posts":[],"jetpack_sharing_enabled":true,"_links":{"self":[{"href":"https:\/\/politicosaldesnudo.com.mx\/index.php\/wp-json\/wp\/v2\/posts\/41126","targetHints":{"allow":["GET"]}}],"collection":[{"href":"https:\/\/politicosaldesnudo.com.mx\/index.php\/wp-json\/wp\/v2\/posts"}],"about":[{"href":"https:\/\/politicosaldesnudo.com.mx\/index.php\/wp-json\/wp\/v2\/types\/post"}],"author":[{"embeddable":true,"href":"https:\/\/politicosaldesnudo.com.mx\/index.php\/wp-json\/wp\/v2\/users\/4"}],"replies":[{"embeddable":true,"href":"https:\/\/politicosaldesnudo.com.mx\/index.php\/wp-json\/wp\/v2\/comments?post=41126"}],"version-history":[{"count":0,"href":"https:\/\/politicosaldesnudo.com.mx\/index.php\/wp-json\/wp\/v2\/posts\/41126\/revisions"}],"wp:featuredmedia":[{"embeddable":true,"href":"https:\/\/politicosaldesnudo.com.mx\/index.php\/wp-json\/wp\/v2\/media\/41127"}],"wp:attachment":[{"href":"https:\/\/politicosaldesnudo.com.mx\/index.php\/wp-json\/wp\/v2\/media?parent=41126"}],"wp:term":[{"taxonomy":"category","embeddable":true,"href":"https:\/\/politicosaldesnudo.com.mx\/index.php\/wp-json\/wp\/v2\/categories?post=41126"},{"taxonomy":"post_tag","embeddable":true,"href":"https:\/\/politicosaldesnudo.com.mx\/index.php\/wp-json\/wp\/v2\/tags?post=41126"}],"curies":[{"name":"wp","href":"https:\/\/api.w.org\/{rel}","templated":true}]}}