{"id":41148,"date":"2024-07-03T08:12:05","date_gmt":"2024-07-03T13:12:05","guid":{"rendered":"https:\/\/politicosaldesnudo.com.mx\/?p=41148"},"modified":"2024-07-03T08:12:05","modified_gmt":"2024-07-03T13:12:05","slug":"la-fed-necesita-mas-pruebas-de-caida-inflacion-antes-de-bajar-las-tasas-jerome-powell","status":"publish","type":"post","link":"https:\/\/politicosaldesnudo.com.mx\/index.php\/2024\/07\/03\/la-fed-necesita-mas-pruebas-de-caida-inflacion-antes-de-bajar-las-tasas-jerome-powell\/","title":{"rendered":"La Fed necesita m\u00e1s pruebas de ca\u00edda inflaci\u00f3n antes de bajar las tasas: Jerome Powell"},"content":{"rendered":"<p><span style=\"font-size: 14pt;\">El presidente de la Reserva Federal de Estados Unidos reconoci\u00f3 que el banco central ha entrado en una fase delicada de sus deliberaciones en la que los riesgos para los objetivos de inflaci\u00f3n y empleo de la Fed \u00abse han acercado mucho m\u00e1s al equilibrio\u00bb.<\/span><\/p>\n<p><span style=\"font-size: 14pt;\">La Reserva Federal (Fed) de Estados Unidos a\u00fan necesita m\u00e1s datos antes de recortar las tasas de inter\u00e9s, para asegurarse de que las recientes lecturas de inflaci\u00f3n m\u00e1s d\u00e9biles dan una imagen real de lo que est\u00e1 sucediendo con las presiones de precios subyacentes, dijo el martes su presidente, Jerome Powell.<\/span><\/p>\n<p><span style=\"font-size: 14pt;\">Datos de mayo mostraron que la medida de inflaci\u00f3n preferida por la Reserva Federal no subi\u00f3 en absoluto en el mes, mientras que la tasa a 12 meses de aumento de los precios se ha reducido al 2,6%, todav\u00eda por encima del objetivo del 2% del banco central, pero en descenso.<\/span><\/p>\n<p><span style=\"font-size: 14pt;\">\u00abS\u00f3lo queremos entender que los niveles que estamos viendo son una lectura real de lo que realmente est\u00e1 ocurriendo con la inflaci\u00f3n subyacente\u00bb, dijo Powell en una conferencia sobre pol\u00edtica monetaria en Portugal patrocinada por el Banco Central Europeo.<\/span><\/p>\n<p><span style=\"font-size: 14pt;\">Queremos tener m\u00e1s confianza y, francamente, como la econom\u00eda estadounidense es fuerte (&#8230;) tenemos la posibilidad de tomarnos nuestro tiempo\u00bb.<\/span><\/p>\n<p><span style=\"font-size: 14pt;\">Aun as\u00ed, Powell reconoci\u00f3 que el banco central ha entrado en una fase delicada de sus deliberaciones en la que los riesgos para los objetivos de inflaci\u00f3n y empleo de la Fed \u00abse han acercado mucho m\u00e1s al equilibrio\u00bb.<\/span><\/p>\n<p><span style=\"font-size: 14pt;\">En particular, algunas medidas del mercado laboral que se siguen de cerca sugieren que la econom\u00eda estadounidense puede estar acerc\u00e1ndose a un punto en el que un mayor progreso en la inflaci\u00f3n implicar\u00e1 como contrapartida un aumento del desempleo que la Fed ha evitado hasta ahora.<\/span><\/p>\n<p><span style=\"font-size: 14pt;\">\u00abNo se puede saber con precisi\u00f3n\u00bb, dijo Powell, \u00abpero se entiende que tenemos riesgos de dos caras\u00bb.<\/span><\/p>\n<p><span style=\"font-size: 14pt;\">\u00abDada la fortaleza que vemos en la econom\u00eda podemos abordar la cuesti\u00f3n con cuidado\u00bb, sostuvo Powell, al tiempo que se\u00f1al\u00f3 que los funcionarios de la Fed no quieren mantener la pol\u00edtica monetaria demasiado restrictiva por mucho tiempo y \u00abperder la expansi\u00f3n\u00bb.<\/span><\/p>\n<p><span style=\"font-size: 14pt;\">La Fed ha mantenido su tasa de inter\u00e9s de referencia estable en el intervalo del 5,25%-5,5% desde julio pasado, pero los responsables est\u00e1n debatiendo cu\u00e1ndo relajar la pol\u00edtica monetaria a medida que la inflaci\u00f3n se acerca de nuevo al objetivo del 2% fijado por el banco central.<\/span><\/p>\n<p><span style=\"font-size: 14pt;\">La inflaci\u00f3n sigue estando m\u00e1s de medio punto porcentual por encima de ese objetivo, seg\u00fan el \u00edndice de precios de los gastos de consumo personal preferido de la Reserva Federal, y se describi\u00f3 como \u00abalta\u00bb en el comunicado de pol\u00edtica monetaria del banco central del 12 de junio.<\/span><\/p>\n<p><span style=\"font-size: 14pt;\">Sin embargo, los datos m\u00e1s recientes sobre inflaci\u00f3n y actividad econ\u00f3mica en general sugieren que las presiones sobre los precios pueden estar relaj\u00e1ndose a\u00fan m\u00e1s, y los inversores prev\u00e9n una reducci\u00f3n inicial de las tasas de un cuarto de punto porcentual en la reuni\u00f3n de la Fed del 17-18 de septiembre.<\/span><\/p>\n<p><span style=\"font-size: 14pt;\">La decisi\u00f3n de la Fed depender\u00e1 de los pr\u00f3ximos reportes sobre el empleo y la inflaci\u00f3n, como el informe mensual sobre el empleo de junio, que se publicar\u00e1 el viernes, y el \u00edndice de precios al consumo de junio, que se publicar\u00e1 el 11 de julio.<\/span><\/p>\n","protected":false},"excerpt":{"rendered":"<p>El presidente de la Reserva Federal de Estados Unidos reconoci\u00f3 que el banco central ha entrado en una fase delicada<\/p>\n","protected":false},"author":4,"featured_media":41149,"comment_status":"closed","ping_status":"closed","sticky":false,"template":"","format":"standard","meta":{"colormag_page_container_layout":"default_layout","colormag_page_sidebar_layout":"default_layout","_jetpack_memberships_contains_paid_content":false,"footnotes":"","jetpack_publicize_message":"","jetpack_publicize_feature_enabled":true,"jetpack_social_post_already_shared":false,"jetpack_social_options":{"image_generator_settings":{"template":"highway","default_image_id":0,"font":"","enabled":false},"version":2}},"categories":[2050],"tags":[],"class_list":["post-41148","post","type-post","status-publish","format-standard","has-post-thumbnail","hentry","category-economia"],"jetpack_publicize_connections":[],"jetpack_featured_media_url":"https:\/\/i0.wp.com\/politicosaldesnudo.com.mx\/wp-content\/uploads\/2024\/07\/BB1phhcZ.jpg?fit=768%2C512&ssl=1","jetpack-related-posts":[],"jetpack_sharing_enabled":true,"_links":{"self":[{"href":"https:\/\/politicosaldesnudo.com.mx\/index.php\/wp-json\/wp\/v2\/posts\/41148","targetHints":{"allow":["GET"]}}],"collection":[{"href":"https:\/\/politicosaldesnudo.com.mx\/index.php\/wp-json\/wp\/v2\/posts"}],"about":[{"href":"https:\/\/politicosaldesnudo.com.mx\/index.php\/wp-json\/wp\/v2\/types\/post"}],"author":[{"embeddable":true,"href":"https:\/\/politicosaldesnudo.com.mx\/index.php\/wp-json\/wp\/v2\/users\/4"}],"replies":[{"embeddable":true,"href":"https:\/\/politicosaldesnudo.com.mx\/index.php\/wp-json\/wp\/v2\/comments?post=41148"}],"version-history":[{"count":0,"href":"https:\/\/politicosaldesnudo.com.mx\/index.php\/wp-json\/wp\/v2\/posts\/41148\/revisions"}],"wp:featuredmedia":[{"embeddable":true,"href":"https:\/\/politicosaldesnudo.com.mx\/index.php\/wp-json\/wp\/v2\/media\/41149"}],"wp:attachment":[{"href":"https:\/\/politicosaldesnudo.com.mx\/index.php\/wp-json\/wp\/v2\/media?parent=41148"}],"wp:term":[{"taxonomy":"category","embeddable":true,"href":"https:\/\/politicosaldesnudo.com.mx\/index.php\/wp-json\/wp\/v2\/categories?post=41148"},{"taxonomy":"post_tag","embeddable":true,"href":"https:\/\/politicosaldesnudo.com.mx\/index.php\/wp-json\/wp\/v2\/tags?post=41148"}],"curies":[{"name":"wp","href":"https:\/\/api.w.org\/{rel}","templated":true}]}}