{"id":4115,"date":"2022-04-19T22:05:26","date_gmt":"2022-04-20T03:05:26","guid":{"rendered":"https:\/\/politicosaldesnudo.com.mx\/?p=4115"},"modified":"2022-04-19T22:06:30","modified_gmt":"2022-04-20T03:06:30","slug":"senado-ratifica-a-laura-esquivel-como-embajadora-en-brasil","status":"publish","type":"post","link":"https:\/\/politicosaldesnudo.com.mx\/index.php\/2022\/04\/19\/senado-ratifica-a-laura-esquivel-como-embajadora-en-brasil\/","title":{"rendered":"Senado ratifica a escritora Laura Esquivel como embajadora en Brasil"},"content":{"rendered":"<p>&nbsp;<\/p>\n<p class=\"p1\"><span style=\"font-size: 14pt;\"><em><strong>Ciudad de M\u00e9xico.<\/strong><\/em> Las comisiones del <strong>Senado<\/strong> ratifican a la <strong>escritora Laura Esquivel como embajadora en Brasil<\/strong> Por unanimidad de 33 votos, las comisiones unidas de Relaciones Exteriores y Relaciones Exteriores Am\u00e9rica Latina y el Caribe aprobaron su nombramiento.<\/span><\/p>\n<p class=\"p1\"><span style=\"font-size: 14pt;\">En la sesi\u00f3n donde la autora de la novela\u00a0<em>Como agua para chocolate<\/em>\u00a0present\u00f3 su plan de trabajo, los senadores de todos los grupos parlamentarios expresaron su respaldo a esta designaci\u00f3n presidencial.<\/span><\/p>\n<p class=\"p1\"><strong><span style=\"font-size: 14pt;\">Laura Esquivel manifest\u00f3 que el fortalecimiento de la relaci\u00f3n entre M\u00e9xico y Brasil es clave en la estrategia del gobierno mexicano de acercamiento sustancial a las naciones de Am\u00e9rica Latina y el Caribe.<\/span><\/strong><\/p>\n<p>&nbsp;<\/p>\n<p><img data-recalc-dims=\"1\" loading=\"lazy\" decoding=\"async\" class=\"aligncenter wp-image-4117 size-large\" src=\"https:\/\/i0.wp.com\/politicosaldesnudo.com.mx\/wp-content\/uploads\/2022\/04\/P-SENADO2-1024x573.png?resize=800%2C448&#038;ssl=1\" alt=\"\" width=\"800\" height=\"448\" srcset=\"https:\/\/i0.wp.com\/politicosaldesnudo.com.mx\/wp-content\/uploads\/2022\/04\/P-SENADO2.png?resize=1024%2C573&amp;ssl=1 1024w, https:\/\/i0.wp.com\/politicosaldesnudo.com.mx\/wp-content\/uploads\/2022\/04\/P-SENADO2.png?resize=300%2C168&amp;ssl=1 300w, https:\/\/i0.wp.com\/politicosaldesnudo.com.mx\/wp-content\/uploads\/2022\/04\/P-SENADO2.png?resize=768%2C430&amp;ssl=1 768w, https:\/\/i0.wp.com\/politicosaldesnudo.com.mx\/wp-content\/uploads\/2022\/04\/P-SENADO2.png?resize=1536%2C859&amp;ssl=1 1536w, https:\/\/i0.wp.com\/politicosaldesnudo.com.mx\/wp-content\/uploads\/2022\/04\/P-SENADO2.png?w=1816&amp;ssl=1 1816w, https:\/\/i0.wp.com\/politicosaldesnudo.com.mx\/wp-content\/uploads\/2022\/04\/P-SENADO2.png?w=1600&amp;ssl=1 1600w\" sizes=\"auto, (max-width: 800px) 100vw, 800px\" \/><\/p>\n<p>&nbsp;<\/p>\n<p class=\"p1\"><span style=\"font-size: 14pt;\">En octubre habr\u00e1 elecciones presidenciales en Brasil donde competir\u00e1 el militante del Partido del Trabajo y amigo personal de Andr\u00e9s Manuel L\u00f3pez Obrador, Inazio Lula da Silva, con grandes posibilidades de ganar en las urnas y con un amplio margen.<\/span><\/p>\n<blockquote>\n<p class=\"p1\"><span style=\"font-size: 14pt;\">Destac\u00f3 que a 188 a\u00f1os de relaciones diplom\u00e1ticas, M\u00e9xico y Brasil son potencias regionales amigas, socias y aliadas, que se refleja en el creciente flujo de inversiones mutuas que alcanza casi 30 mil millones de d\u00f3lares anuales.\u00a0<\/span><\/p>\n<\/blockquote>\n<p class=\"p1\"><span style=\"font-size: 14pt;\">Por otra parte, la escritora destac\u00f3 que uno de los ejes prioritarios de su plan de trabajo ser\u00e1 <strong>estrechar lazos socio-culturales entre Brasil y M\u00e9xico.<\/strong><\/span><\/p>\n<p class=\"p1\"><span style=\"font-size: 14pt;\">Dijo que pondr\u00e1 \u00e9nfasis especial en la difusi\u00f3n de la literatura, la gastronom\u00eda, la m\u00fasica, las artes pl\u00e1sticas y todas las expresiones culturales mexicanas para estrechar los lazos entre ambos pueblos.<\/span><\/p>\n<p>&nbsp;<\/p>\n<p>&nbsp;<\/p>\n<p>&nbsp;<\/p>\n<p>&nbsp;<\/p>\n","protected":false},"excerpt":{"rendered":"<p>&nbsp; Ciudad de M\u00e9xico. Las comisiones del Senado ratifican a la escritora Laura Esquivel como embajadora en Brasil Por unanimidad<\/p>\n","protected":false},"author":4,"featured_media":4116,"comment_status":"closed","ping_status":"closed","sticky":false,"template":"","format":"standard","meta":{"colormag_page_container_layout":"default_layout","colormag_page_sidebar_layout":"default_layout","_jetpack_memberships_contains_paid_content":false,"footnotes":"","jetpack_publicize_message":"","jetpack_publicize_feature_enabled":true,"jetpack_social_post_already_shared":false,"jetpack_social_options":{"image_generator_settings":{"template":"highway","default_image_id":0,"font":"","enabled":false},"version":2}},"categories":[33],"tags":[461,460,357],"class_list":["post-4115","post","type-post","status-publish","format-standard","has-post-thumbnail","hentry","category-nacional","tag-embajadora-de-brasil","tag-laura-esquivel","tag-senado"],"jetpack_publicize_connections":[],"jetpack_featured_media_url":"https:\/\/i0.wp.com\/politicosaldesnudo.com.mx\/wp-content\/uploads\/2022\/04\/P-SENADO1.png?fit=1816%2C1016&ssl=1","jetpack-related-posts":[],"jetpack_sharing_enabled":true,"_links":{"self":[{"href":"https:\/\/politicosaldesnudo.com.mx\/index.php\/wp-json\/wp\/v2\/posts\/4115","targetHints":{"allow":["GET"]}}],"collection":[{"href":"https:\/\/politicosaldesnudo.com.mx\/index.php\/wp-json\/wp\/v2\/posts"}],"about":[{"href":"https:\/\/politicosaldesnudo.com.mx\/index.php\/wp-json\/wp\/v2\/types\/post"}],"author":[{"embeddable":true,"href":"https:\/\/politicosaldesnudo.com.mx\/index.php\/wp-json\/wp\/v2\/users\/4"}],"replies":[{"embeddable":true,"href":"https:\/\/politicosaldesnudo.com.mx\/index.php\/wp-json\/wp\/v2\/comments?post=4115"}],"version-history":[{"count":0,"href":"https:\/\/politicosaldesnudo.com.mx\/index.php\/wp-json\/wp\/v2\/posts\/4115\/revisions"}],"wp:featuredmedia":[{"embeddable":true,"href":"https:\/\/politicosaldesnudo.com.mx\/index.php\/wp-json\/wp\/v2\/media\/4116"}],"wp:attachment":[{"href":"https:\/\/politicosaldesnudo.com.mx\/index.php\/wp-json\/wp\/v2\/media?parent=4115"}],"wp:term":[{"taxonomy":"category","embeddable":true,"href":"https:\/\/politicosaldesnudo.com.mx\/index.php\/wp-json\/wp\/v2\/categories?post=4115"},{"taxonomy":"post_tag","embeddable":true,"href":"https:\/\/politicosaldesnudo.com.mx\/index.php\/wp-json\/wp\/v2\/tags?post=4115"}],"curies":[{"name":"wp","href":"https:\/\/api.w.org\/{rel}","templated":true}]}}