{"id":41166,"date":"2024-07-03T08:25:47","date_gmt":"2024-07-03T13:25:47","guid":{"rendered":"https:\/\/politicosaldesnudo.com.mx\/?p=41166"},"modified":"2024-07-03T08:25:47","modified_gmt":"2024-07-03T13:25:47","slug":"reconstruiran-rio-papalotla-para-evitar-afectaciones-a-cultivos-en-atenco","status":"publish","type":"post","link":"https:\/\/politicosaldesnudo.com.mx\/index.php\/2024\/07\/03\/reconstruiran-rio-papalotla-para-evitar-afectaciones-a-cultivos-en-atenco\/","title":{"rendered":"Reconstruir\u00e1n r\u00edo Papalotla para evitar afectaciones a cultivos en Atenco"},"content":{"rendered":"<p class=\"western\"><span style=\"font-size: 14pt;\">El bordo del r\u00edo Papalotla que se desgaj\u00f3 en el municipio de Atenco ser\u00e1 reconstruido para evitar sigan las afectaciones a las tierras de cultivo o viviendas aleda\u00f1as.<\/span><\/p>\n<div class=\"teads-inread\">\n<div>\n<div id=\"teads0\" class=\"teads-player\"><span style=\"font-size: 14pt;\">En tanto, por la inundaci\u00f3n que se registr\u00f3 en m\u00e1s de 150 hect\u00e1reas de tierras de cultivo, aparecieron enormes grietas en los campos y en la colonia Amanal que mantiene en alerta a los campesinos.<\/span><\/div>\n<\/div>\n<\/div>\n<p class=\"western\"><span style=\"font-size: 14pt;\">Las grietas tienen extesiones de 80 metros y una profundidad de hasta metro y medio.<\/span><\/p>\n<p class=\"western\"><span style=\"font-size: 14pt;\">Adri\u00e1n Hern\u00e1ndez Romero, director de Protecci\u00f3n Civil del Estado de M\u00e9xico, realiz\u00f3 la ma\u00f1ana de este martes un recorrido por las m\u00e1rgenes del r\u00edo y la colonia Amanal de Atenco, justo en las inmediaciones de la autopista Pe\u00f1\u00f3n-Pir\u00e1mides.<\/span><\/p>\n<p class=\"western\"><span style=\"font-size: 14pt;\">Indic\u00f3 que los drenajes laterales a la v\u00eda de cuota impidieron que el agua anegara vialidades y anunci\u00f3 que ser\u00e1 necesaria la intervenci\u00f3n de maquinaria y arena para la rehabilitaci\u00f3n del r\u00edo.<\/span><\/p>\n<p class=\"western\"><span style=\"font-size: 14pt;\">Ayer por la tarde, el r\u00edo tuvo fracturas en sus bordes, en tres puntos, en el tramo que corre por Atenco. En uno de estos puntos se hizo un boquete de unos 15 metros de largo que ocasion\u00f3 inundaciones en los cultivos.<\/span><\/p>\n<div class=\"teads-inread sm-screen\">\n<div>\n<div id=\"teads1\" class=\"teads-player\"><span style=\"font-size: 14pt;\">En la noche, unos 200 campesinos del Frente de Pueblos en Defensa de la Tierra (FPDT), encabezados por Ignacio del Valle y C\u00e9sar Del Valle, colocaron costaleras para taponear moment\u00e1neamente el boquete.<\/span><\/div>\n<\/div>\n<\/div>\n<p class=\"western\"><span style=\"font-size: 14pt;\">Durante este martes, personal de Conagua, en coordinaci\u00f3n con los ejidatarios, comenzaron los trabajos de reconstrucci\u00f3n del bordo derribado. Se espera que en los pr\u00f3ximos d\u00edas quede reparada la falla.<\/span><\/p>\n","protected":false},"excerpt":{"rendered":"<p>El bordo del r\u00edo Papalotla que se desgaj\u00f3 en el municipio de Atenco ser\u00e1 reconstruido para evitar sigan las afectaciones<\/p>\n","protected":false},"author":4,"featured_media":41167,"comment_status":"closed","ping_status":"closed","sticky":false,"template":"","format":"standard","meta":{"colormag_page_container_layout":"default_layout","colormag_page_sidebar_layout":"default_layout","_jetpack_memberships_contains_paid_content":false,"footnotes":"","jetpack_publicize_message":"","jetpack_publicize_feature_enabled":true,"jetpack_social_post_already_shared":false,"jetpack_social_options":{"image_generator_settings":{"template":"highway","default_image_id":0,"font":"","enabled":false},"version":2}},"categories":[30],"tags":[],"class_list":["post-41166","post","type-post","status-publish","format-standard","has-post-thumbnail","hentry","category-estados"],"jetpack_publicize_connections":[],"jetpack_featured_media_url":"https:\/\/i0.wp.com\/politicosaldesnudo.com.mx\/wp-content\/uploads\/2024\/07\/At2.png?fit=960%2C599&ssl=1","jetpack-related-posts":[],"jetpack_sharing_enabled":true,"_links":{"self":[{"href":"https:\/\/politicosaldesnudo.com.mx\/index.php\/wp-json\/wp\/v2\/posts\/41166","targetHints":{"allow":["GET"]}}],"collection":[{"href":"https:\/\/politicosaldesnudo.com.mx\/index.php\/wp-json\/wp\/v2\/posts"}],"about":[{"href":"https:\/\/politicosaldesnudo.com.mx\/index.php\/wp-json\/wp\/v2\/types\/post"}],"author":[{"embeddable":true,"href":"https:\/\/politicosaldesnudo.com.mx\/index.php\/wp-json\/wp\/v2\/users\/4"}],"replies":[{"embeddable":true,"href":"https:\/\/politicosaldesnudo.com.mx\/index.php\/wp-json\/wp\/v2\/comments?post=41166"}],"version-history":[{"count":0,"href":"https:\/\/politicosaldesnudo.com.mx\/index.php\/wp-json\/wp\/v2\/posts\/41166\/revisions"}],"wp:featuredmedia":[{"embeddable":true,"href":"https:\/\/politicosaldesnudo.com.mx\/index.php\/wp-json\/wp\/v2\/media\/41167"}],"wp:attachment":[{"href":"https:\/\/politicosaldesnudo.com.mx\/index.php\/wp-json\/wp\/v2\/media?parent=41166"}],"wp:term":[{"taxonomy":"category","embeddable":true,"href":"https:\/\/politicosaldesnudo.com.mx\/index.php\/wp-json\/wp\/v2\/categories?post=41166"},{"taxonomy":"post_tag","embeddable":true,"href":"https:\/\/politicosaldesnudo.com.mx\/index.php\/wp-json\/wp\/v2\/tags?post=41166"}],"curies":[{"name":"wp","href":"https:\/\/api.w.org\/{rel}","templated":true}]}}