{"id":41175,"date":"2024-07-03T08:33:10","date_gmt":"2024-07-03T13:33:10","guid":{"rendered":"https:\/\/politicosaldesnudo.com.mx\/?p=41175"},"modified":"2024-07-03T08:33:10","modified_gmt":"2024-07-03T13:33:10","slug":"suben-a-3-las-personas-fallecidas-en-el-noreste-de-venezuela-por-el-paso-del-huracan-beryl","status":"publish","type":"post","link":"https:\/\/politicosaldesnudo.com.mx\/index.php\/2024\/07\/03\/suben-a-3-las-personas-fallecidas-en-el-noreste-de-venezuela-por-el-paso-del-huracan-beryl\/","title":{"rendered":"Suben a 3 las personas fallecidas en el noreste de Venezuela por el paso del hurac\u00e1n Beryl"},"content":{"rendered":"<div>\n<div id=\"content-body-225-12181518\">\n<p><span style=\"font-size: 14pt;\">La cifra de\u00a0fallecidos\u00a0por el desbordamiento de un r\u00edo por el paso del\u00a0hurac\u00e1n Beryl\u00a0en\u00a0Venezuela\u00a0subi\u00f3 a tres.\u00a0Sumado a que el fen\u00f3meno meteorol\u00f3gico\u00a0caus\u00f3 la p\u00e9rdida total de 400 viviendas, de acuerdo el presidente Nicol\u00e1s Maduro, quien orden\u00f3 \u00abapoyo integral y completo\u00bb a las familias.<\/span><\/p>\n<p><span style=\"font-size: 14pt;\">Adem\u00e1s, el balance oficial de la situaci\u00f3n en una localidad del estado Sucre, Venezuela, transmitido por el canal estatal VTV, inform\u00f3 que\u00a0hay cuatro desaparecidos, dos hombres y dos mujeres, por lo que se llevan a cabo labores de b\u00fasqueda.<\/span><\/p>\n<\/div>\n<\/div>\n<div>\n<div id=\"dfp-nota-1x3s\" data-google-query-id=\"CPyLm7_9iocDFUikywEdD_kL1g\">\n<div id=\"google_ads_iframe_\/2000002\/la-prensa\/mexico_nota_1x3_0__container__\">\n<div id=\"inArticle_1\">\n<div>\n<div>\n<div>\n<div><span style=\"font-size: 14pt;\">Tambi\u00e9n hay 8 mil viviendas afectadas y unas 80 familias en \u00abrefugio temporal\u00bb, a las que se les garantiza \u00abagua, alimentos, medicina, atenci\u00f3n m\u00e9dica y todo lo que haga falta\u00bb, a la vez que se habilitaron dos centros de acopio, indic\u00f3 Maduro.<\/span><\/div>\n<\/div>\n<\/div>\n<\/div>\n<\/div>\n<\/div>\n<\/div>\n<\/div>\n<article>\n<div id=\"content-body-5851641-12181518\">\n<p><span style=\"font-size: 14pt;\">Funcionarios venezolanos resultan heridos tras inspecci\u00f3n de da\u00f1os del hurac\u00e1n Beryl<\/span><\/p>\n<p><span style=\"font-size: 14pt;\">Nicol\u00e1s Maduro dijo que, tras conocer los hechos en Sucre, envi\u00f3 \u00abinmediatamente\u00bb a la\u00a0vicepresidenta ejecutiva, Delcy Rodr\u00edguez, quien sufri\u00f3 \u00abvarios\u00a0golpes importantes\u00bb por la ca\u00edda de un \u00e1rbol, aunque asegur\u00f3 que la funcionaria \u00abest\u00e1 consciente\u00bb y \u00abse va a recuperar\u00bb.<\/span><\/p>\n<p><span style=\"font-size: 14pt;\">Asimismo, se\u00f1al\u00f3 que los\u00a0ministros de Relaciones Interiores y de Atenci\u00f3n de las Aguas, Remigio Ceballos y Rodolfo Marco Torres, respectivamente, tambi\u00e9n resultaron heridos por la ca\u00edda del \u00e1rbol, as\u00ed como el\u00a0alcalde\u00a0del municipio Montes, Tom\u00e1s Bello, y el\u00a0comandante\u00a0de la Regi\u00f3n Estrat\u00e9gica de Defensa Integral (REDI) en la regi\u00f3n oriental, Juan Sulbar\u00e1n, quien sufri\u00f3 una\u00a0\u00abfractura fuerte\u00a0en una mano\u00bb.<\/span><\/p>\n<\/div>\n<\/article>\n","protected":false},"excerpt":{"rendered":"<p>La cifra de\u00a0fallecidos\u00a0por el desbordamiento de un r\u00edo por el paso del\u00a0hurac\u00e1n Beryl\u00a0en\u00a0Venezuela\u00a0subi\u00f3 a tres.\u00a0Sumado a que el fen\u00f3meno meteorol\u00f3gico\u00a0caus\u00f3<\/p>\n","protected":false},"author":4,"featured_media":41176,"comment_status":"closed","ping_status":"closed","sticky":false,"template":"","format":"standard","meta":{"colormag_page_container_layout":"default_layout","colormag_page_sidebar_layout":"default_layout","_jetpack_memberships_contains_paid_content":false,"footnotes":"","jetpack_publicize_message":"","jetpack_publicize_feature_enabled":true,"jetpack_social_post_already_shared":false,"jetpack_social_options":{"image_generator_settings":{"template":"highway","default_image_id":0,"font":"","enabled":false},"version":2}},"categories":[28],"tags":[],"class_list":["post-41175","post","type-post","status-publish","format-standard","has-post-thumbnail","hentry","category-internacional"],"jetpack_publicize_connections":[],"jetpack_featured_media_url":"https:\/\/i0.wp.com\/politicosaldesnudo.com.mx\/wp-content\/uploads\/2024\/07\/principal_huracan_beryl_venezuela.jpg?fit=1280%2C720&ssl=1","jetpack-related-posts":[],"jetpack_sharing_enabled":true,"_links":{"self":[{"href":"https:\/\/politicosaldesnudo.com.mx\/index.php\/wp-json\/wp\/v2\/posts\/41175","targetHints":{"allow":["GET"]}}],"collection":[{"href":"https:\/\/politicosaldesnudo.com.mx\/index.php\/wp-json\/wp\/v2\/posts"}],"about":[{"href":"https:\/\/politicosaldesnudo.com.mx\/index.php\/wp-json\/wp\/v2\/types\/post"}],"author":[{"embeddable":true,"href":"https:\/\/politicosaldesnudo.com.mx\/index.php\/wp-json\/wp\/v2\/users\/4"}],"replies":[{"embeddable":true,"href":"https:\/\/politicosaldesnudo.com.mx\/index.php\/wp-json\/wp\/v2\/comments?post=41175"}],"version-history":[{"count":0,"href":"https:\/\/politicosaldesnudo.com.mx\/index.php\/wp-json\/wp\/v2\/posts\/41175\/revisions"}],"wp:featuredmedia":[{"embeddable":true,"href":"https:\/\/politicosaldesnudo.com.mx\/index.php\/wp-json\/wp\/v2\/media\/41176"}],"wp:attachment":[{"href":"https:\/\/politicosaldesnudo.com.mx\/index.php\/wp-json\/wp\/v2\/media?parent=41175"}],"wp:term":[{"taxonomy":"category","embeddable":true,"href":"https:\/\/politicosaldesnudo.com.mx\/index.php\/wp-json\/wp\/v2\/categories?post=41175"},{"taxonomy":"post_tag","embeddable":true,"href":"https:\/\/politicosaldesnudo.com.mx\/index.php\/wp-json\/wp\/v2\/tags?post=41175"}],"curies":[{"name":"wp","href":"https:\/\/api.w.org\/{rel}","templated":true}]}}