{"id":4124,"date":"2022-04-19T09:37:15","date_gmt":"2022-04-19T14:37:15","guid":{"rendered":"https:\/\/politicosaldesnudo.com.mx\/?p=4124"},"modified":"2022-04-19T23:07:35","modified_gmt":"2022-04-20T04:07:35","slug":"remocion-a-consejera-electoral-de-puebla-tenia-dos-chambas","status":"publish","type":"post","link":"https:\/\/politicosaldesnudo.com.mx\/index.php\/2022\/04\/19\/remocion-a-consejera-electoral-de-puebla-tenia-dos-chambas\/","title":{"rendered":"Remoci\u00f3n a Consejera electoral de Puebla, ten\u00eda dos chambas"},"content":{"rendered":"<p>&nbsp;<\/p>\n<p class=\"p1\"><span style=\"font-size: 14pt;\"><em><strong>Puebla.<\/strong><\/em> <strong>Evangelina Mendoza Corona, consejera electoral del Instituto Estatal Electoral fue denunciada por una ciudadana de tener dos trabajos incompatibles<\/strong>, por lo que se inici\u00f3 su <strong>proceso de remoci\u00f3n<\/strong>.<\/span><\/p>\n<p class=\"p1\"><span style=\"font-size: 14pt;\">A pesar de existen mecanismo tanto en las juntas locales como estatales y en el propio INE para evitar esto, <strong>la consejera llevaba varios a\u00f1os cobrando en ambos lados<\/strong>.<\/span><\/p>\n<p class=\"p1\"><span style=\"font-size: 14pt;\">En el INE existe un \u00e1rea denominada Direcci\u00f3n Ejecutiva del Servicio Profesional Electoral, encargada de detectar este tipo de anomal\u00edas, pero pareciera que la autoridad electoral no vive sus mejores momentos.<\/span><\/p>\n<blockquote>\n<p class=\"p1\"><span style=\"font-size: 14pt;\">Elisa Morales Santiago\u00a0solicit\u00f3 al INE iniciar un\u00a0proceso de remoci\u00f3n\u00a0de la consejera electoral del IEE,\u00a0Evangelina Mendoza Corona,\u00a0quien est\u00e1 tambi\u00e9n adscrita como trabajadora de la Secretar\u00eda de Gobernaci\u00f3n estatal.<\/span><\/p>\n<\/blockquote>\n<p class=\"p1\"><strong><span style=\"font-size: 14pt;\">Lo anterior fue asentado en el expediente\u00a0UT\/SCG\/PRCE\/EMS\/JL\/PUE\/2\/2022\u00a0radicado en la Unidad T\u00e9cnica de lo Contencioso Electoral (UTCE), del Instituto Nacional Electoral (INE), que fue ingresado el 18 de abril.<\/span><\/strong><\/p>\n<blockquote>\n<p class=\"p1\"><span style=\"font-size: 14pt;\">En el documento se detalla:\u00a0\u00abSe presenta escrito de queja en contra de Evangelina Mendoza Corona, Consejera Electoral del OPLE de Puebla, derivado de aparecer adscrita a la Oficina del Secretario de Gobernaci\u00f3n del estado de Puebla\u201d.<\/span><\/p>\n<\/blockquote>\n<p class=\"p1\"><span style=\"font-size: 14pt;\">Mendoza Corona\u00a0fue designada consejera del Instituto Electoral del Estado (IEE) el 3 de noviembre de 2018\u00a0por un periodo de 7 a\u00f1os, es decir, hasta el 2 de noviembre de 2025. <\/span><\/p>\n<p class=\"p1\"><span style=\"font-size: 14pt;\">Adem\u00e1s, es presidenta de las Comisiones Permanente Administrativa y de la de Seguimiento al Servicio Profesional Electoral Nacional y del Personal de la Rama Administrativa.<\/span><\/p>\n<p>&nbsp;<\/p>\n<p>&nbsp;<\/p>\n<p>&nbsp;<\/p>\n","protected":false},"excerpt":{"rendered":"<p>&nbsp; Puebla. Evangelina Mendoza Corona, consejera electoral del Instituto Estatal Electoral fue denunciada por una ciudadana de tener dos trabajos<\/p>\n","protected":false},"author":4,"featured_media":4125,"comment_status":"closed","ping_status":"closed","sticky":false,"template":"","format":"standard","meta":{"colormag_page_container_layout":"default_layout","colormag_page_sidebar_layout":"default_layout","_jetpack_memberships_contains_paid_content":false,"footnotes":"","jetpack_publicize_message":"","jetpack_publicize_feature_enabled":true,"jetpack_social_post_already_shared":false,"jetpack_social_options":{"image_generator_settings":{"template":"highway","default_image_id":0,"font":"","enabled":false},"version":2}},"categories":[30],"tags":[464,465,106],"class_list":["post-4124","post","type-post","status-publish","format-standard","has-post-thumbnail","hentry","category-estados","tag-consejera-ine","tag-evangelina-mendoza-corona","tag-puebla"],"jetpack_publicize_connections":[],"jetpack_featured_media_url":"https:\/\/i0.wp.com\/politicosaldesnudo.com.mx\/wp-content\/uploads\/2022\/04\/P-PUEBLA.png?fit=1816%2C1016&ssl=1","jetpack-related-posts":[],"jetpack_sharing_enabled":true,"_links":{"self":[{"href":"https:\/\/politicosaldesnudo.com.mx\/index.php\/wp-json\/wp\/v2\/posts\/4124","targetHints":{"allow":["GET"]}}],"collection":[{"href":"https:\/\/politicosaldesnudo.com.mx\/index.php\/wp-json\/wp\/v2\/posts"}],"about":[{"href":"https:\/\/politicosaldesnudo.com.mx\/index.php\/wp-json\/wp\/v2\/types\/post"}],"author":[{"embeddable":true,"href":"https:\/\/politicosaldesnudo.com.mx\/index.php\/wp-json\/wp\/v2\/users\/4"}],"replies":[{"embeddable":true,"href":"https:\/\/politicosaldesnudo.com.mx\/index.php\/wp-json\/wp\/v2\/comments?post=4124"}],"version-history":[{"count":0,"href":"https:\/\/politicosaldesnudo.com.mx\/index.php\/wp-json\/wp\/v2\/posts\/4124\/revisions"}],"wp:featuredmedia":[{"embeddable":true,"href":"https:\/\/politicosaldesnudo.com.mx\/index.php\/wp-json\/wp\/v2\/media\/4125"}],"wp:attachment":[{"href":"https:\/\/politicosaldesnudo.com.mx\/index.php\/wp-json\/wp\/v2\/media?parent=4124"}],"wp:term":[{"taxonomy":"category","embeddable":true,"href":"https:\/\/politicosaldesnudo.com.mx\/index.php\/wp-json\/wp\/v2\/categories?post=4124"},{"taxonomy":"post_tag","embeddable":true,"href":"https:\/\/politicosaldesnudo.com.mx\/index.php\/wp-json\/wp\/v2\/tags?post=4124"}],"curies":[{"name":"wp","href":"https:\/\/api.w.org\/{rel}","templated":true}]}}