{"id":4127,"date":"2022-04-19T23:03:16","date_gmt":"2022-04-20T04:03:16","guid":{"rendered":"https:\/\/politicosaldesnudo.com.mx\/?p=4127"},"modified":"2022-04-19T23:08:48","modified_gmt":"2022-04-20T04:08:48","slug":"litio-sera-de-mexico-aprueban-senado-ley-minera","status":"publish","type":"post","link":"https:\/\/politicosaldesnudo.com.mx\/index.php\/2022\/04\/19\/litio-sera-de-mexico-aprueban-senado-ley-minera\/","title":{"rendered":"Litio es de M\u00e9xico, aprueba senado Ley Minera"},"content":{"rendered":"<p>&nbsp;<\/p>\n<p class=\"p1\"><span style=\"font-size: 14pt;\"><em><strong>Ciudad de M\u00e9xico.<\/strong> <\/em>Una <strong>reforma de la ley minera<\/strong> propuesta por el <strong>presidente Andr\u00e9s Manuel L\u00f3pez Obrador<\/strong> sali\u00f3 adelante en apenas dos d\u00edas en las dos c\u00e1maras del congreso mexicano.<strong> El lunes fue aprobada por la c\u00e1mara de diputados y un d\u00eda despu\u00e9s por el Senado. No se cambi\u00f3 ni una coma.<\/strong><\/span><\/p>\n<p class=\"p1\"><span style=\"font-size: 14pt;\"><strong>Con 87 votos a favor, 20 en contra y 16 abstenciones, el Senado aval\u00f3 en lo general la reforma a la Ley Minera<span class=\"Apple-converted-space\">\u00a0<\/span><\/strong><\/span><\/p>\n<blockquote>\n<p class=\"p1\"><span style=\"font-size: 14pt;\">Se reconoce que el litio es patrimonio de la Naci\u00f3n y su exploraci\u00f3n, explotaci\u00f3n y aprovechamiento se reserva para beneficio exclusivo del pueblo de M\u00e9xico\u00bb, indica la ley que, adem\u00e1s, establece la creaci\u00f3n de un organismo p\u00fablico descentralizado para este fin.<\/span><\/p>\n<\/blockquote>\n<p class=\"p1\"><span style=\"font-size: 14pt;\"><strong>La minuta, que modifica los art\u00edculos 1, 5, 9 y 10 de la Ley Minera, fue aprobada en lo general, con 87 votos a favor, 20 en contra y 16 abstenciones. \u00a0<\/strong><\/span><\/p>\n<p>&nbsp;<\/p>\n<p><img data-recalc-dims=\"1\" loading=\"lazy\" decoding=\"async\" class=\"aligncenter wp-image-4129 size-large\" src=\"https:\/\/i0.wp.com\/politicosaldesnudo.com.mx\/wp-content\/uploads\/2022\/04\/P-LITIO2-1024x573.png?resize=800%2C448&#038;ssl=1\" alt=\"\" width=\"800\" height=\"448\" srcset=\"https:\/\/i0.wp.com\/politicosaldesnudo.com.mx\/wp-content\/uploads\/2022\/04\/P-LITIO2.png?resize=1024%2C573&amp;ssl=1 1024w, https:\/\/i0.wp.com\/politicosaldesnudo.com.mx\/wp-content\/uploads\/2022\/04\/P-LITIO2.png?resize=300%2C168&amp;ssl=1 300w, https:\/\/i0.wp.com\/politicosaldesnudo.com.mx\/wp-content\/uploads\/2022\/04\/P-LITIO2.png?resize=768%2C430&amp;ssl=1 768w, https:\/\/i0.wp.com\/politicosaldesnudo.com.mx\/wp-content\/uploads\/2022\/04\/P-LITIO2.png?resize=1536%2C859&amp;ssl=1 1536w, https:\/\/i0.wp.com\/politicosaldesnudo.com.mx\/wp-content\/uploads\/2022\/04\/P-LITIO2.png?w=1816&amp;ssl=1 1816w, https:\/\/i0.wp.com\/politicosaldesnudo.com.mx\/wp-content\/uploads\/2022\/04\/P-LITIO2.png?w=1600&amp;ssl=1 1600w\" sizes=\"auto, (max-width: 800px) 100vw, 800px\" \/><\/p>\n<p>&nbsp;<\/p>\n<p class=\"p1\"><span style=\"font-size: 14pt;\">La presidenta de la Mesa Directiva, Olga S\u00e1nchez Cordero, destac\u00f3 que el desempe\u00f1o de este \u00f3rgano legislativo, en la conducci\u00f3n del tr\u00e1mite de esta importante reforma, se caracteriz\u00f3 por la aplicaci\u00f3n rigurosa de las reglas del procedimiento legislativo y de la discusi\u00f3n y votaci\u00f3n que rige para cualquier proyecto o decreto.\u00a0<\/span><\/p>\n<blockquote>\n<p class=\"p1\"><span style=\"font-size: 14pt;\">Por lo que hago un reconocimiento a los integrantes de la Mesa Directiva, y a todas y todos los integrantes que conforman este Pleno del Senado por cumplir en t\u00e9rminos de Ley y reglamentarios el procedimiento\u201d, subray\u00f3.\u00a0 \u00a0<\/span><\/p>\n<\/blockquote>\n<p class=\"p1\"><span style=\"font-size: 14pt;\">De momento el pa\u00eds s\u00f3lo cuenta con una mina de este mineral que pudiera estar cerca de iniciar operaciones. Se ubica en el estado de Sonora, lim\u00edtrofe con Estados Unidos, y actualmente se encuentra en manos de una empresa china, pero ahora el gobierno podr\u00eda asumir su explotaci\u00f3n.<\/span><\/p>\n<p class=\"p1\"><span style=\"font-size: 14pt;\"><strong>L\u00f3pez Obrador opt\u00f3 por enviar esta iniciativa una vez que la reforma constitucional en materia energ\u00e9tica \u2014que inclu\u00eda el tema del litio\u2014 fue bloqueada el domingo en la C\u00e1mara de Diputados.<\/strong><\/span><\/p>\n<p class=\"p1\"><span style=\"font-size: 14pt;\">Distintas organizaciones civiles han pedido durante a\u00f1os cambios en la ley minera para garantizar los derechos de los pueblos originarios en cuyos territorios hay proyectos de explotaci\u00f3n, pero nada de esto se incluy\u00f3 en la iniciativa.<\/span><\/p>\n<p>&nbsp;<\/p>\n<p class=\"p1\"><span style=\"font-size: 14pt;\"><em><strong>Informaci\u00f3n: AP<\/strong><\/em><\/span><\/p>\n<p>&nbsp;<\/p>\n<p>&nbsp;<\/p>\n<p>&nbsp;<\/p>\n","protected":false},"excerpt":{"rendered":"<p>&nbsp; Ciudad de M\u00e9xico. Una reforma de la ley minera propuesta por el presidente Andr\u00e9s Manuel L\u00f3pez Obrador sali\u00f3 adelante<\/p>\n","protected":false},"author":4,"featured_media":4128,"comment_status":"closed","ping_status":"closed","sticky":false,"template":"","format":"standard","meta":{"colormag_page_container_layout":"default_layout","colormag_page_sidebar_layout":"default_layout","_jetpack_memberships_contains_paid_content":false,"footnotes":"","jetpack_publicize_message":"","jetpack_publicize_feature_enabled":true,"jetpack_social_post_already_shared":false,"jetpack_social_options":{"image_generator_settings":{"template":"highway","default_image_id":0,"font":"","enabled":false},"version":2}},"categories":[33],"tags":[407,466,357],"class_list":["post-4127","post","type-post","status-publish","format-standard","has-post-thumbnail","hentry","category-nacional","tag-litio","tag-reforma-minera","tag-senado"],"jetpack_publicize_connections":[],"jetpack_featured_media_url":"https:\/\/i0.wp.com\/politicosaldesnudo.com.mx\/wp-content\/uploads\/2022\/04\/P-LITIO1.png?fit=1816%2C1016&ssl=1","jetpack-related-posts":[],"jetpack_sharing_enabled":true,"_links":{"self":[{"href":"https:\/\/politicosaldesnudo.com.mx\/index.php\/wp-json\/wp\/v2\/posts\/4127","targetHints":{"allow":["GET"]}}],"collection":[{"href":"https:\/\/politicosaldesnudo.com.mx\/index.php\/wp-json\/wp\/v2\/posts"}],"about":[{"href":"https:\/\/politicosaldesnudo.com.mx\/index.php\/wp-json\/wp\/v2\/types\/post"}],"author":[{"embeddable":true,"href":"https:\/\/politicosaldesnudo.com.mx\/index.php\/wp-json\/wp\/v2\/users\/4"}],"replies":[{"embeddable":true,"href":"https:\/\/politicosaldesnudo.com.mx\/index.php\/wp-json\/wp\/v2\/comments?post=4127"}],"version-history":[{"count":0,"href":"https:\/\/politicosaldesnudo.com.mx\/index.php\/wp-json\/wp\/v2\/posts\/4127\/revisions"}],"wp:featuredmedia":[{"embeddable":true,"href":"https:\/\/politicosaldesnudo.com.mx\/index.php\/wp-json\/wp\/v2\/media\/4128"}],"wp:attachment":[{"href":"https:\/\/politicosaldesnudo.com.mx\/index.php\/wp-json\/wp\/v2\/media?parent=4127"}],"wp:term":[{"taxonomy":"category","embeddable":true,"href":"https:\/\/politicosaldesnudo.com.mx\/index.php\/wp-json\/wp\/v2\/categories?post=4127"},{"taxonomy":"post_tag","embeddable":true,"href":"https:\/\/politicosaldesnudo.com.mx\/index.php\/wp-json\/wp\/v2\/tags?post=4127"}],"curies":[{"name":"wp","href":"https:\/\/api.w.org\/{rel}","templated":true}]}}