{"id":41275,"date":"2024-07-05T07:55:10","date_gmt":"2024-07-05T12:55:10","guid":{"rendered":"https:\/\/politicosaldesnudo.com.mx\/?p=41275"},"modified":"2024-07-05T07:55:10","modified_gmt":"2024-07-05T12:55:10","slug":"continua-la-atencion-a-la-ciudadania-a-traves-de-la-jornada-de-salud-visual","status":"publish","type":"post","link":"https:\/\/politicosaldesnudo.com.mx\/index.php\/2024\/07\/05\/continua-la-atencion-a-la-ciudadania-a-traves-de-la-jornada-de-salud-visual\/","title":{"rendered":"Continua la atenci\u00f3n a la ciudadan\u00eda a trav\u00e9s de la Jornada de Salud Visual"},"content":{"rendered":"<p><span style=\"font-size: 14pt;\">Como cada semana, ayer jueves se llev\u00f3 a cabo la Jornada de Salud Visual que organiza la Sindicatura \u00danica del Gobierno de Tuxpan, a cargo de la Mtra. Beatriz Pi\u00f1a Vergara, en la planta baja de la presidencia municipal.<\/span><\/p>\n<p><span style=\"font-size: 14pt;\">La atenci\u00f3n a la ciudadan\u00eda ha sido permanente con la finalidad de atender al mayor n\u00famero de personas que padecen afectaciones de la vista.<\/span><\/p>\n<p><span style=\"font-size: 14pt;\">La Sindica Beatriz Pi\u00f1a mencion\u00f3 que a trav\u00e9s de esta campa\u00f1a se busca apoyar, a quien as\u00ed lo requiera, con ex\u00e1menes de la vista de manera gratuita, adem\u00e1s de la adquisici\u00f3n de lentes graduados a bajo costo.<\/span><\/p>\n<p><span style=\"font-size: 14pt;\">Por ello invit\u00f3 a la poblaci\u00f3n a que asista los jueves, de 10:00 a 15:00 horas, a la planta baja de presidencia municipal para que sean atendidos por especialistas del Grupo \u00d3ptico del Totonacapan.<\/span><\/p>\n<p><span style=\"font-size: 14pt;\">Acercando estos programas y acciones de salud, se ayuda a consolidar mejores condiciones de vida de las familias tuxpe\u00f1as.<\/span><\/p>\n","protected":false},"excerpt":{"rendered":"<p>Como cada semana, ayer jueves se llev\u00f3 a cabo la Jornada de Salud Visual que organiza la Sindicatura \u00danica del<\/p>\n","protected":false},"author":4,"featured_media":41276,"comment_status":"closed","ping_status":"closed","sticky":false,"template":"","format":"standard","meta":{"colormag_page_container_layout":"default_layout","colormag_page_sidebar_layout":"default_layout","_jetpack_memberships_contains_paid_content":false,"footnotes":"","jetpack_publicize_message":"","jetpack_publicize_feature_enabled":true,"jetpack_social_post_already_shared":false,"jetpack_social_options":{"image_generator_settings":{"template":"highway","default_image_id":0,"font":"","enabled":false},"version":2}},"categories":[3205,1082],"tags":[],"class_list":["post-41275","post","type-post","status-publish","format-standard","has-post-thumbnail","hentry","category-gobierno-tuxpan","category-tuxpan"],"jetpack_publicize_connections":[],"jetpack_featured_media_url":"https:\/\/i0.wp.com\/politicosaldesnudo.com.mx\/wp-content\/uploads\/2024\/07\/WhatsApp-Image-2024-07-04-at-4.03.13-PM.jpeg?fit=1600%2C915&ssl=1","jetpack-related-posts":[],"jetpack_sharing_enabled":true,"_links":{"self":[{"href":"https:\/\/politicosaldesnudo.com.mx\/index.php\/wp-json\/wp\/v2\/posts\/41275","targetHints":{"allow":["GET"]}}],"collection":[{"href":"https:\/\/politicosaldesnudo.com.mx\/index.php\/wp-json\/wp\/v2\/posts"}],"about":[{"href":"https:\/\/politicosaldesnudo.com.mx\/index.php\/wp-json\/wp\/v2\/types\/post"}],"author":[{"embeddable":true,"href":"https:\/\/politicosaldesnudo.com.mx\/index.php\/wp-json\/wp\/v2\/users\/4"}],"replies":[{"embeddable":true,"href":"https:\/\/politicosaldesnudo.com.mx\/index.php\/wp-json\/wp\/v2\/comments?post=41275"}],"version-history":[{"count":0,"href":"https:\/\/politicosaldesnudo.com.mx\/index.php\/wp-json\/wp\/v2\/posts\/41275\/revisions"}],"wp:featuredmedia":[{"embeddable":true,"href":"https:\/\/politicosaldesnudo.com.mx\/index.php\/wp-json\/wp\/v2\/media\/41276"}],"wp:attachment":[{"href":"https:\/\/politicosaldesnudo.com.mx\/index.php\/wp-json\/wp\/v2\/media?parent=41275"}],"wp:term":[{"taxonomy":"category","embeddable":true,"href":"https:\/\/politicosaldesnudo.com.mx\/index.php\/wp-json\/wp\/v2\/categories?post=41275"},{"taxonomy":"post_tag","embeddable":true,"href":"https:\/\/politicosaldesnudo.com.mx\/index.php\/wp-json\/wp\/v2\/tags?post=41275"}],"curies":[{"name":"wp","href":"https:\/\/api.w.org\/{rel}","templated":true}]}}