{"id":41343,"date":"2024-07-06T01:13:34","date_gmt":"2024-07-06T06:13:34","guid":{"rendered":"https:\/\/politicosaldesnudo.com.mx\/?p=41343"},"modified":"2024-07-06T01:13:34","modified_gmt":"2024-07-06T06:13:34","slug":"detienen-a-edil-de-huehuetla-puebla-por-portacion-ilegal-de-arma","status":"publish","type":"post","link":"https:\/\/politicosaldesnudo.com.mx\/index.php\/2024\/07\/06\/detienen-a-edil-de-huehuetla-puebla-por-portacion-ilegal-de-arma\/","title":{"rendered":"Detienen a edil de Huehuetla, Puebla por portaci\u00f3n ilegal de arma"},"content":{"rendered":"<p><span style=\"font-size: 14pt;\">Rafael Lara Mart\u00ednez, alcalde de Huehuetla, Puebla en los l\u00edmites de las sierras Norte y de Papantla, fue detenido la tarde de este jueves en el estado de Tlaxcala, debido a que no pudo acreditar la legal procedencia de cerca de medio mill\u00f3n de pesos que llevaba consigo y por portaci\u00f3n ilegal de arma de fuego.<\/span><\/p>\n<div class=\"teads-inread\">\n<div>\n<div id=\"teads0\" class=\"teads-player\"><span style=\"font-size: 14pt;\">La detenci\u00f3n estuvo a cargo de agentes de la Guardia Nacional (GN) cuando el presidente municipal circulaba cerca de la caseta de El Carmen del municipio tlaxcalteca de Cuapiaxtla, sitio en donde las autoridades le practicaron una revisi\u00f3n en un ret\u00e9n.<\/span><\/div>\n<\/div>\n<\/div>\n<p><span style=\"font-size: 14pt;\">De acuerdo con las versiones difundidas hasta este viernes, el mun\u00edcipe no pudo acreditar la legal procedencia del efectivo y tampoco ten\u00eda permiso para portar un arma de fuego, por lo que fue detenido y posteriormente puesto a disposici\u00f3n de un agente del Ministerio P\u00fablico de la Procuradur\u00eda General de Justicia (PGJ) de Tlaxcala.<\/span><\/p>\n<p><span style=\"font-size: 14pt;\">Se espera que en las pr\u00f3ximas horas el ayuntamiento de Huehuetla emita una postura sobre la situaci\u00f3n que priva en el municipio.<\/span><\/p>\n","protected":false},"excerpt":{"rendered":"<p>Rafael Lara Mart\u00ednez, alcalde de Huehuetla, Puebla en los l\u00edmites de las sierras Norte y de Papantla, fue detenido la<\/p>\n","protected":false},"author":4,"featured_media":41344,"comment_status":"closed","ping_status":"closed","sticky":false,"template":"","format":"standard","meta":{"colormag_page_container_layout":"default_layout","colormag_page_sidebar_layout":"default_layout","_jetpack_memberships_contains_paid_content":false,"footnotes":"","jetpack_publicize_message":"","jetpack_publicize_feature_enabled":true,"jetpack_social_post_already_shared":false,"jetpack_social_options":{"image_generator_settings":{"template":"highway","default_image_id":0,"font":"","enabled":false},"version":2}},"categories":[30],"tags":[],"class_list":["post-41343","post","type-post","status-publish","format-standard","has-post-thumbnail","hentry","category-estados"],"jetpack_publicize_connections":[],"jetpack_featured_media_url":"https:\/\/i0.wp.com\/politicosaldesnudo.com.mx\/wp-content\/uploads\/2024\/07\/WhatsApp-Image-2024-07-05-at-8.40.42-PM-696x391-1.jpeg?fit=696%2C391&ssl=1","jetpack-related-posts":[],"jetpack_sharing_enabled":true,"_links":{"self":[{"href":"https:\/\/politicosaldesnudo.com.mx\/index.php\/wp-json\/wp\/v2\/posts\/41343","targetHints":{"allow":["GET"]}}],"collection":[{"href":"https:\/\/politicosaldesnudo.com.mx\/index.php\/wp-json\/wp\/v2\/posts"}],"about":[{"href":"https:\/\/politicosaldesnudo.com.mx\/index.php\/wp-json\/wp\/v2\/types\/post"}],"author":[{"embeddable":true,"href":"https:\/\/politicosaldesnudo.com.mx\/index.php\/wp-json\/wp\/v2\/users\/4"}],"replies":[{"embeddable":true,"href":"https:\/\/politicosaldesnudo.com.mx\/index.php\/wp-json\/wp\/v2\/comments?post=41343"}],"version-history":[{"count":0,"href":"https:\/\/politicosaldesnudo.com.mx\/index.php\/wp-json\/wp\/v2\/posts\/41343\/revisions"}],"wp:featuredmedia":[{"embeddable":true,"href":"https:\/\/politicosaldesnudo.com.mx\/index.php\/wp-json\/wp\/v2\/media\/41344"}],"wp:attachment":[{"href":"https:\/\/politicosaldesnudo.com.mx\/index.php\/wp-json\/wp\/v2\/media?parent=41343"}],"wp:term":[{"taxonomy":"category","embeddable":true,"href":"https:\/\/politicosaldesnudo.com.mx\/index.php\/wp-json\/wp\/v2\/categories?post=41343"},{"taxonomy":"post_tag","embeddable":true,"href":"https:\/\/politicosaldesnudo.com.mx\/index.php\/wp-json\/wp\/v2\/tags?post=41343"}],"curies":[{"name":"wp","href":"https:\/\/api.w.org\/{rel}","templated":true}]}}