{"id":41456,"date":"2024-07-08T07:52:44","date_gmt":"2024-07-08T12:52:44","guid":{"rendered":"https:\/\/politicosaldesnudo.com.mx\/?p=41456"},"modified":"2024-07-08T07:52:44","modified_gmt":"2024-07-08T12:52:44","slug":"anticipan-compras-de-nuevo-ciclo-escolar","status":"publish","type":"post","link":"https:\/\/politicosaldesnudo.com.mx\/index.php\/2024\/07\/08\/anticipan-compras-de-nuevo-ciclo-escolar\/","title":{"rendered":"Anticipan compras de nuevo ciclo escolar"},"content":{"rendered":"<p><span style=\"font-size: 14pt;\">Aunque en muchas escuelas todav\u00eda se realizan las clausuras, festivales de fin de a\u00f1o o graduaciones en los diversos niveles educativos; tanto padres de familia como comerciantes comienzan a preparar todo para cuando sea el inicio del ciclo escolar 2024-2025, mismo que arrancar\u00e1 a finales del mes de agosto,\u00a0 aunque en universidades y preparatorias podr\u00eda variar y arrancar d\u00edas despu\u00e9s o antes que la educaci\u00f3n b\u00e1sica,\u00a0 ya que los calendarios suelen ser distintos al ser estudios semestrales.<\/span><\/p>\n<p><span style=\"font-size: 14pt;\">Por lo anterior comerciantes ya ofertan en sus negocios en cualquier punto de la ciudad, desde mochilas, uniformes,\u00a0 cuadernos,\u00a0 zapatos, tenis,\u00a0 entre muchos otros materiales que son necesarios ya sea en el preescolar, primaria,\u00a0 secundaria,\u00a0 bachillerato o universidad.<\/span><\/p>\n<p><span style=\"font-size: 14pt;\">En este sentido se anuncian a trav\u00e9s de redes sociales,\u00a0 grupos de WhatsApp, con el fin de dar a conocer la mercanc\u00eda con la que cuentan, y aunque muchos son materiales nuevos, hay tambi\u00e9n quienes ofertan uniformes escolares, tenis, zapatos,\u00a0 mochilas, entre otros de segunda mano en \u00f3ptimas condiciones, obteniendo tambi\u00e9n muy buena respuesta de personas que no tal vez se les complica m\u00e1s, comprar todo nuevo.<\/span><\/p>\n<p><span style=\"font-size: 14pt;\">La se\u00f1ora Aurora S\u00e1nchez,\u00a0 mencion\u00f3 \u00abTengo dos hijos y uno termin\u00f3 la secundaria,\u00a0 el otro avanz\u00f3 a cuarto de primaria,\u00a0 y tuve gastos con la graduaci\u00f3n y las inscripciones,\u00a0 as\u00ed es que mi ni\u00f1o seguir\u00e1 usando sus mismos uniformes y tenis, solo le comprar\u00e9 zapatos y \u00fatiles,\u00a0 porque la mochila est\u00e1 buena a\u00fan; y al que va a la preparatoria tendr\u00e9 que comprar uniformes pero tambi\u00e9n llevar\u00e1 la misma mochila, al menos el primer semestre,\u00a0 porque han sido muchos gastos y sus inscripciones\u00bb.<\/span><\/p>\n<p><span style=\"font-size: 14pt;\">As\u00ed como la situaci\u00f3n antes se\u00f1alada, existen muchas similares entre los padres de familia tuxpe\u00f1os,\u00a0 por lo que desde estos momentos comienzan a prepararse para el inicio del otro ciclo escolar,\u00a0 aunque el actual apenas lo est\u00e9n concluyendo.<\/span><\/p>\n<p><span style=\"font-size: 14pt;\">Tambi\u00e9n el se\u00f1or Luis E. Dom\u00ednguez, dijo \u00abYo tengo una hija en bachillerato y otro universitario en Poza Rica, los dos tienen beca, y van ayudar con la compra de algunas cosas que necesitan,\u00a0 porque entienden que los gastos en esos niveles de educaci\u00f3n son m\u00e1s altos, afortunadamente mis hijos son conscientes, y s\u00ed no echan la mano, con esfuerzo nunca les ha faltado como estudiantes\u00bb.<\/span><\/p>\n<p><span style=\"font-size: 14pt;\">Esta semana pr\u00e1cticamente concluyen las clausuras escolares y la entrega de documentaci\u00f3n a quienes concluyen alg\u00fan nivel,\u00a0 para dar paso a los tr\u00e1mites que siguen, en el caso de quienes contin\u00faan con otro pelda\u00f1o educativo.<\/span><\/p>\n","protected":false},"excerpt":{"rendered":"<p>Aunque en muchas escuelas todav\u00eda se realizan las clausuras, festivales de fin de a\u00f1o o graduaciones en los diversos niveles<\/p>\n","protected":false},"author":4,"featured_media":41457,"comment_status":"closed","ping_status":"closed","sticky":false,"template":"","format":"standard","meta":{"colormag_page_container_layout":"default_layout","colormag_page_sidebar_layout":"default_layout","_jetpack_memberships_contains_paid_content":false,"footnotes":"","jetpack_publicize_message":"","jetpack_publicize_feature_enabled":true,"jetpack_social_post_already_shared":false,"jetpack_social_options":{"image_generator_settings":{"template":"highway","default_image_id":0,"font":"","enabled":false},"version":2}},"categories":[1082],"tags":[],"class_list":["post-41456","post","type-post","status-publish","format-standard","has-post-thumbnail","hentry","category-tuxpan"],"jetpack_publicize_connections":[],"jetpack_featured_media_url":"https:\/\/i0.wp.com\/politicosaldesnudo.com.mx\/wp-content\/uploads\/2024\/07\/5a-1.jpg?fit=1200%2C541&ssl=1","jetpack-related-posts":[],"jetpack_sharing_enabled":true,"_links":{"self":[{"href":"https:\/\/politicosaldesnudo.com.mx\/index.php\/wp-json\/wp\/v2\/posts\/41456","targetHints":{"allow":["GET"]}}],"collection":[{"href":"https:\/\/politicosaldesnudo.com.mx\/index.php\/wp-json\/wp\/v2\/posts"}],"about":[{"href":"https:\/\/politicosaldesnudo.com.mx\/index.php\/wp-json\/wp\/v2\/types\/post"}],"author":[{"embeddable":true,"href":"https:\/\/politicosaldesnudo.com.mx\/index.php\/wp-json\/wp\/v2\/users\/4"}],"replies":[{"embeddable":true,"href":"https:\/\/politicosaldesnudo.com.mx\/index.php\/wp-json\/wp\/v2\/comments?post=41456"}],"version-history":[{"count":0,"href":"https:\/\/politicosaldesnudo.com.mx\/index.php\/wp-json\/wp\/v2\/posts\/41456\/revisions"}],"wp:featuredmedia":[{"embeddable":true,"href":"https:\/\/politicosaldesnudo.com.mx\/index.php\/wp-json\/wp\/v2\/media\/41457"}],"wp:attachment":[{"href":"https:\/\/politicosaldesnudo.com.mx\/index.php\/wp-json\/wp\/v2\/media?parent=41456"}],"wp:term":[{"taxonomy":"category","embeddable":true,"href":"https:\/\/politicosaldesnudo.com.mx\/index.php\/wp-json\/wp\/v2\/categories?post=41456"},{"taxonomy":"post_tag","embeddable":true,"href":"https:\/\/politicosaldesnudo.com.mx\/index.php\/wp-json\/wp\/v2\/tags?post=41456"}],"curies":[{"name":"wp","href":"https:\/\/api.w.org\/{rel}","templated":true}]}}