{"id":41459,"date":"2024-07-08T07:54:39","date_gmt":"2024-07-08T12:54:39","guid":{"rendered":"https:\/\/politicosaldesnudo.com.mx\/?p=41459"},"modified":"2024-07-08T07:54:39","modified_gmt":"2024-07-08T12:54:39","slug":"persiste-acumulacion-de-basura-en-via-publica","status":"publish","type":"post","link":"https:\/\/politicosaldesnudo.com.mx\/index.php\/2024\/07\/08\/persiste-acumulacion-de-basura-en-via-publica\/","title":{"rendered":"Persiste acumulaci\u00f3n de basura en v\u00eda p\u00fablica"},"content":{"rendered":"<p><span style=\"font-size: 14pt;\">Son al menos 7 puntos de acumulaci\u00f3n de basura en zonas p\u00fablicas los que se han identificado en la ciudad, que se suman a los basureros clandestinos que se han atendido, as\u00ed lo confirm\u00f3 Nelson Hern\u00e1ndez Cruz, Coordinador de Limpia P\u00fablica\u00a0<\/span><\/p>\n<p><span style=\"font-size: 14pt;\">Se trata de c\u00famulos de basura que la poblaci\u00f3n coloca sobre la v\u00eda p\u00fablica en el libramiento Adolfo L\u00f3pez Mateos, Calle H\u00e9roes del 47, Calle Cuitl\u00e1huac esquina con Vicente Guerrero, Avenida Las Am\u00e9ricas, sobre la banqueta del sitio de taxis de los kil\u00f3metros, en bajos del Rastro Municipal y cerca de la UV.\u00a0<\/span><\/p>\n<p><span style=\"font-size: 14pt;\">Ante ello, las autoridades exhortaron a la ciudadan\u00eda a no generar este tipo de contaminaci\u00f3n y depositar la basura en los contendores y lugares correspondientes, as\u00ed como sacarla durante los horarios en que pasa el cami\u00f3n recolector para evitar que los residuos sean regados por los perritos.\u00a0<\/span><\/p>\n<p><span style=\"font-size: 14pt;\">Indic\u00f3 que aunque estas incidencias han disminuido cerca de un 50 por ciento, desarrollan una serie de acciones para implementar multas y sanciones, de manera que puedan contrarrestar en mayor medida el problema.\u00a0<\/span><\/p>\n","protected":false},"excerpt":{"rendered":"<p>Son al menos 7 puntos de acumulaci\u00f3n de basura en zonas p\u00fablicas los que se han identificado en la ciudad,<\/p>\n","protected":false},"author":4,"featured_media":41460,"comment_status":"closed","ping_status":"closed","sticky":false,"template":"","format":"standard","meta":{"colormag_page_container_layout":"default_layout","colormag_page_sidebar_layout":"default_layout","_jetpack_memberships_contains_paid_content":false,"footnotes":"","jetpack_publicize_message":"","jetpack_publicize_feature_enabled":true,"jetpack_social_post_already_shared":false,"jetpack_social_options":{"image_generator_settings":{"template":"highway","default_image_id":0,"font":"","enabled":false},"version":2}},"categories":[1082],"tags":[],"class_list":["post-41459","post","type-post","status-publish","format-standard","has-post-thumbnail","hentry","category-tuxpan"],"jetpack_publicize_connections":[],"jetpack_featured_media_url":"https:\/\/i0.wp.com\/politicosaldesnudo.com.mx\/wp-content\/uploads\/2024\/07\/quejas-por-fallas-en-la-recoleccion-de-basura-en-tuxpan-389769.jpg?fit=800%2C600&ssl=1","jetpack-related-posts":[],"jetpack_sharing_enabled":true,"_links":{"self":[{"href":"https:\/\/politicosaldesnudo.com.mx\/index.php\/wp-json\/wp\/v2\/posts\/41459","targetHints":{"allow":["GET"]}}],"collection":[{"href":"https:\/\/politicosaldesnudo.com.mx\/index.php\/wp-json\/wp\/v2\/posts"}],"about":[{"href":"https:\/\/politicosaldesnudo.com.mx\/index.php\/wp-json\/wp\/v2\/types\/post"}],"author":[{"embeddable":true,"href":"https:\/\/politicosaldesnudo.com.mx\/index.php\/wp-json\/wp\/v2\/users\/4"}],"replies":[{"embeddable":true,"href":"https:\/\/politicosaldesnudo.com.mx\/index.php\/wp-json\/wp\/v2\/comments?post=41459"}],"version-history":[{"count":0,"href":"https:\/\/politicosaldesnudo.com.mx\/index.php\/wp-json\/wp\/v2\/posts\/41459\/revisions"}],"wp:featuredmedia":[{"embeddable":true,"href":"https:\/\/politicosaldesnudo.com.mx\/index.php\/wp-json\/wp\/v2\/media\/41460"}],"wp:attachment":[{"href":"https:\/\/politicosaldesnudo.com.mx\/index.php\/wp-json\/wp\/v2\/media?parent=41459"}],"wp:term":[{"taxonomy":"category","embeddable":true,"href":"https:\/\/politicosaldesnudo.com.mx\/index.php\/wp-json\/wp\/v2\/categories?post=41459"},{"taxonomy":"post_tag","embeddable":true,"href":"https:\/\/politicosaldesnudo.com.mx\/index.php\/wp-json\/wp\/v2\/tags?post=41459"}],"curies":[{"name":"wp","href":"https:\/\/api.w.org\/{rel}","templated":true}]}}