{"id":41462,"date":"2024-07-08T07:58:46","date_gmt":"2024-07-08T12:58:46","guid":{"rendered":"https:\/\/politicosaldesnudo.com.mx\/?p=41462"},"modified":"2024-07-08T07:58:46","modified_gmt":"2024-07-08T12:58:46","slug":"reportan-dos-explosiones-en-el-cereso-de-acapulco-guerrero","status":"publish","type":"post","link":"https:\/\/politicosaldesnudo.com.mx\/index.php\/2024\/07\/08\/reportan-dos-explosiones-en-el-cereso-de-acapulco-guerrero\/","title":{"rendered":"Reportan dos explosiones en el Cereso de Acapulco, Guerrero"},"content":{"rendered":"<div>\n<div id=\"content-body-225-12205998\">\n<p><span style=\"font-size: 14pt;\">El interior del\u00a0Centro de Reinserci\u00f3n Social (Cereso) de Acapulco, Guerrero, registro dos explosiones. Ante ello, el Ej\u00e9rcito Mexicano, Guardia Nacional y polic\u00edas estatales realizan inspecciones en Las Cruces, zona en la que se ubica el penal.<\/span><\/p>\n<p><span style=\"font-size: 14pt;\">En el Cereso se registr\u00f3 una fuerte movilizaci\u00f3n derivado del estallido de ambos artefactos y\u00a0hasta el momento no\u00a0se han reportado personas\u00a0lesionadas, pese a que el\u00a0penal alberga a m\u00e1s de mil 500 internos\u00a0por delitos del orden federal y local.<\/span><\/p>\n<\/div>\n<\/div>\n<div>\n<div id=\"dfp-nota-1x3s\" data-google-query-id=\"CMSU-K-_l4cDFYGxywEdGzQKBw\">\n<div id=\"google_ads_iframe_\/2000002\/la-prensa\/mexico_nota_1x3_0__container__\">\n<div id=\"inArticle_1\">\n<div>\n<div>\n<div>\n<div><span style=\"font-size: 14pt;\">Cerca de las 18:15 horas se dio aviso de la explosi\u00f3n y 30 minutos m\u00e1s tarde personal de distintas corporaciones policiacas manten\u00edan los operativos y recorridos al interior del Cereso de Acapulco.<\/span><\/div>\n<\/div>\n<\/div>\n<\/div>\n<\/div>\n<\/div>\n<\/div>\n<\/div>\n<article>\n<div id=\"content-body-5851641-12205998\">\n<p><span style=\"font-size: 14pt;\">Hasta el momento no hay informaci\u00f3n oficial sobre c\u00f3mo se realizaron las explosiones. Sin embargo, reportes preliminares indican un supuesto uso de drones para lanzar los aparatos explosivos.<\/span><\/p>\n<p><span style=\"font-size: 14pt;\">Sin embargo, este no es el \u00fanico incidente que se ha registrado dentro del Cereso de Acapulco, pues en 2023 un grupo de reos se amotin\u00f3 para impedir un traslado, lo cual dej\u00f3 un saldo de varios lesionados, entre ellos dos custodios.<\/span><\/p>\n<\/div>\n<\/article>\n","protected":false},"excerpt":{"rendered":"<p>El interior del\u00a0Centro de Reinserci\u00f3n Social (Cereso) de Acapulco, Guerrero, registro dos explosiones. Ante ello, el Ej\u00e9rcito Mexicano, Guardia Nacional<\/p>\n","protected":false},"author":4,"featured_media":41463,"comment_status":"closed","ping_status":"closed","sticky":false,"template":"","format":"standard","meta":{"colormag_page_container_layout":"default_layout","colormag_page_sidebar_layout":"default_layout","_jetpack_memberships_contains_paid_content":false,"footnotes":"","jetpack_publicize_message":"","jetpack_publicize_feature_enabled":true,"jetpack_social_post_already_shared":false,"jetpack_social_options":{"image_generator_settings":{"template":"highway","default_image_id":0,"font":"","enabled":false},"version":2}},"categories":[33],"tags":[],"class_list":["post-41462","post","type-post","status-publish","format-standard","has-post-thumbnail","hentry","category-nacional"],"jetpack_publicize_connections":[],"jetpack_featured_media_url":"https:\/\/i0.wp.com\/politicosaldesnudo.com.mx\/wp-content\/uploads\/2024\/07\/carcel-cereso-acapulco.jpeg?fit=960%2C599&ssl=1","jetpack-related-posts":[],"jetpack_sharing_enabled":true,"_links":{"self":[{"href":"https:\/\/politicosaldesnudo.com.mx\/index.php\/wp-json\/wp\/v2\/posts\/41462","targetHints":{"allow":["GET"]}}],"collection":[{"href":"https:\/\/politicosaldesnudo.com.mx\/index.php\/wp-json\/wp\/v2\/posts"}],"about":[{"href":"https:\/\/politicosaldesnudo.com.mx\/index.php\/wp-json\/wp\/v2\/types\/post"}],"author":[{"embeddable":true,"href":"https:\/\/politicosaldesnudo.com.mx\/index.php\/wp-json\/wp\/v2\/users\/4"}],"replies":[{"embeddable":true,"href":"https:\/\/politicosaldesnudo.com.mx\/index.php\/wp-json\/wp\/v2\/comments?post=41462"}],"version-history":[{"count":0,"href":"https:\/\/politicosaldesnudo.com.mx\/index.php\/wp-json\/wp\/v2\/posts\/41462\/revisions"}],"wp:featuredmedia":[{"embeddable":true,"href":"https:\/\/politicosaldesnudo.com.mx\/index.php\/wp-json\/wp\/v2\/media\/41463"}],"wp:attachment":[{"href":"https:\/\/politicosaldesnudo.com.mx\/index.php\/wp-json\/wp\/v2\/media?parent=41462"}],"wp:term":[{"taxonomy":"category","embeddable":true,"href":"https:\/\/politicosaldesnudo.com.mx\/index.php\/wp-json\/wp\/v2\/categories?post=41462"},{"taxonomy":"post_tag","embeddable":true,"href":"https:\/\/politicosaldesnudo.com.mx\/index.php\/wp-json\/wp\/v2\/tags?post=41462"}],"curies":[{"name":"wp","href":"https:\/\/api.w.org\/{rel}","templated":true}]}}