{"id":41465,"date":"2024-07-08T08:01:15","date_gmt":"2024-07-08T13:01:15","guid":{"rendered":"https:\/\/politicosaldesnudo.com.mx\/?p=41465"},"modified":"2024-07-08T08:01:15","modified_gmt":"2024-07-08T13:01:15","slug":"rescatan-a-tigrilla-en-peligro-de-extincion","status":"publish","type":"post","link":"https:\/\/politicosaldesnudo.com.mx\/index.php\/2024\/07\/08\/rescatan-a-tigrilla-en-peligro-de-extincion\/","title":{"rendered":"Rescatan a tigrilla en peligro de extinci\u00f3n"},"content":{"rendered":"<div>\n<div id=\"content-body-225-12205535\">\n<p><span style=\"font-size: 14pt;\">El\u00a015 de junio, elementos de la\u00a0Guardia Nacional\u00a0rescataron\u00a0a una\u00a0tigrilla. La\u00a0especie en\u00a0peligro de extinci\u00f3n\u00a0estaba deshidratada en la carretera Santa Mar\u00eda del Oro a Valle de Ju\u00e1rez, Jalisco.<\/span><\/p>\n<p><span style=\"font-size: 14pt;\">La\u00a0Guardia Nacional entreg\u00f3 a la tigrilla a la\u00a0Procuradur\u00eda Federal de Protecci\u00f3n al Ambiente (Profepa), instituci\u00f3n que\u00a0decidi\u00f3 reubicar\u00a0al felino en el \u00c1rea Natural Protegida del\u00a0Parque Nacional Volc\u00e1n Nevado de Colima.<\/span><\/p>\n<\/div>\n<\/div>\n<div>\n<div id=\"dfp-nota-1x3s\" data-google-query-id=\"CIz3ydK_l4cDFWOsywEdbMoOrA\">\n<div id=\"google_ads_iframe_\/2000002\/la-prensa\/mexico_nota_1x3_0__container__\">\n<div id=\"inArticle_1\">\n<div>\n<div>\n<div>\n<div><span style=\"font-size: 14pt;\">El sitio se ubica a 40 kil\u00f3metros del pie de carretera, zona inaccesible para los humanos.<\/span><\/div>\n<div><\/div>\n<div><span style=\"font-size: 14pt;\">El ejemplar se hidrat\u00f3, se canaliz\u00f3 a un Centro Especializado en Felinos. No contaba con ninguna lesi\u00f3n, simplemente la deshidrataci\u00f3n. Afortunadamente en el lapso de rehabilitaci\u00f3n subi\u00f3 casi 500 gramos.Luis Cayo, titular de la Unidad de Rescate de Fauna Silvestre.<\/span><\/div>\n<\/div>\n<\/div>\n<\/div>\n<\/div>\n<\/div>\n<\/div>\n<\/div>\n<article>\n<div id=\"content-body-5851641-12205535\">\n<p><span style=\"font-size: 14pt;\">El Parque Nacional Volc\u00e1n Nevado de Colima alberga a 240 especies<\/span><\/p>\n<p><span style=\"font-size: 14pt;\">Tras analizar diversas \u00e1reas, se determin\u00f3 que el sitio ideal para la reubicaci\u00f3n de la tigrilla era el\u00a0Parque Nacional Nevado de Colima, un \u00e1rea de 100 mil hect\u00e1reas de bosque donde se encuentran m\u00e1s de\u00a0240 especies de aves y mam\u00edferos, incluyendo todos los\u00a0felinos\u00a0mexicanos.<\/span><\/p>\n<p><span style=\"font-size: 14pt;\">\u00abNadie entra aqu\u00ed, es una\u00a0zona de alta biodiversidad, aqu\u00ed est\u00e1n los\u00a06 felinos mexicanos,\u00a0aqu\u00ed hemos fotografiado el\u00a0jaguar,\u00a0puma,\u00a0ocelote, tigrillo, jaguarundi, lince. Estamos muy contentos de que el Nevado de Colima sea uno de los \u00faltimos refugios para la biodiversidad\u00bb, se\u00f1al\u00f3 Jos\u00e9 Villa Castillo, director del Parque Nacional Volc\u00e1n Nevado de Colima, a trav\u00e9s de un comunicado difundido este domingo por el Gobierno de Tlajomulco.<\/span><\/p>\n<p><span style=\"font-size: 14pt;\">El personal de la Unidad de Fauna Silvestre de Tlajomulco tard\u00f3 2 horas y media de trayecto para poder regresar a este ejemplar. La tigrilla corri\u00f3 por 15 segundos y luego se perdi\u00f3 de vista.<\/span><\/p>\n<\/div>\n<\/article>\n","protected":false},"excerpt":{"rendered":"<p>El\u00a015 de junio, elementos de la\u00a0Guardia Nacional\u00a0rescataron\u00a0a una\u00a0tigrilla. La\u00a0especie en\u00a0peligro de extinci\u00f3n\u00a0estaba deshidratada en la carretera Santa Mar\u00eda del Oro<\/p>\n","protected":false},"author":4,"featured_media":41466,"comment_status":"closed","ping_status":"closed","sticky":false,"template":"","format":"standard","meta":{"colormag_page_container_layout":"default_layout","colormag_page_sidebar_layout":"default_layout","_jetpack_memberships_contains_paid_content":false,"footnotes":"","jetpack_publicize_message":"","jetpack_publicize_feature_enabled":true,"jetpack_social_post_already_shared":false,"jetpack_social_options":{"image_generator_settings":{"template":"highway","default_image_id":0,"font":"","enabled":false},"version":2}},"categories":[33],"tags":[],"class_list":["post-41465","post","type-post","status-publish","format-standard","has-post-thumbnail","hentry","category-nacional"],"jetpack_publicize_connections":[],"jetpack_featured_media_url":"https:\/\/i0.wp.com\/politicosaldesnudo.com.mx\/wp-content\/uploads\/2024\/07\/Fauna.jpeg?fit=768%2C530&ssl=1","jetpack-related-posts":[],"jetpack_sharing_enabled":true,"_links":{"self":[{"href":"https:\/\/politicosaldesnudo.com.mx\/index.php\/wp-json\/wp\/v2\/posts\/41465","targetHints":{"allow":["GET"]}}],"collection":[{"href":"https:\/\/politicosaldesnudo.com.mx\/index.php\/wp-json\/wp\/v2\/posts"}],"about":[{"href":"https:\/\/politicosaldesnudo.com.mx\/index.php\/wp-json\/wp\/v2\/types\/post"}],"author":[{"embeddable":true,"href":"https:\/\/politicosaldesnudo.com.mx\/index.php\/wp-json\/wp\/v2\/users\/4"}],"replies":[{"embeddable":true,"href":"https:\/\/politicosaldesnudo.com.mx\/index.php\/wp-json\/wp\/v2\/comments?post=41465"}],"version-history":[{"count":0,"href":"https:\/\/politicosaldesnudo.com.mx\/index.php\/wp-json\/wp\/v2\/posts\/41465\/revisions"}],"wp:featuredmedia":[{"embeddable":true,"href":"https:\/\/politicosaldesnudo.com.mx\/index.php\/wp-json\/wp\/v2\/media\/41466"}],"wp:attachment":[{"href":"https:\/\/politicosaldesnudo.com.mx\/index.php\/wp-json\/wp\/v2\/media?parent=41465"}],"wp:term":[{"taxonomy":"category","embeddable":true,"href":"https:\/\/politicosaldesnudo.com.mx\/index.php\/wp-json\/wp\/v2\/categories?post=41465"},{"taxonomy":"post_tag","embeddable":true,"href":"https:\/\/politicosaldesnudo.com.mx\/index.php\/wp-json\/wp\/v2\/tags?post=41465"}],"curies":[{"name":"wp","href":"https:\/\/api.w.org\/{rel}","templated":true}]}}