{"id":41469,"date":"2024-07-08T08:04:52","date_gmt":"2024-07-08T13:04:52","guid":{"rendered":"https:\/\/politicosaldesnudo.com.mx\/?p=41469"},"modified":"2024-07-08T08:04:52","modified_gmt":"2024-07-08T13:04:52","slug":"curiosos-dan-vida-al-tren-maya-aun-asi-opera-a-la-mitad-de-su-capacidad","status":"publish","type":"post","link":"https:\/\/politicosaldesnudo.com.mx\/index.php\/2024\/07\/08\/curiosos-dan-vida-al-tren-maya-aun-asi-opera-a-la-mitad-de-su-capacidad\/","title":{"rendered":"Curiosos dan vida al Tren Maya; a\u00fan as\u00ed opera a la mitad de su capacidad"},"content":{"rendered":"<div>\n<div id=\"content-body-225-12204491\">\n<p><span style=\"font-size: 14pt;\">Puerto Morelos, Quintana Roo. El\u00a0Tren Maya\u00a0tiene como\u00a0principales usuarios\u00a0a los\u00a0curiosos\u00a0por\u00a0viajar\u00a0por primera vez en\u00a0tren\u00a0o quienes\u00a0desean recordar\u00a0como era la\u00a0experiencia. La obra insignia del presidente Andr\u00e9s Manuel L\u00f3pez Obrador, a 85 d\u00edas de que deje el cargo,\u00a0contin\u00faa en construcci\u00f3n.<\/span><\/p>\n<p><span style=\"font-size: 14pt;\">El\u00a0Tren Maya reactiv\u00f3 su servicio ayer, tras suspenderlo durante el paso del\u00a0hurac\u00e1n Beryl\u00a0por el estado, la\u00a0afluencia\u00a0que se observ\u00f3 fue\u00a0moderada, pues de\u00a0200 asientos que tiene un tren solo se llenaron 100, de acuerdo con personal de la estaci\u00f3n Playa del Carmen.<\/span><\/p>\n<\/div>\n<\/div>\n<div>\n<div id=\"dfp-nota-1x3s\" data-google-query-id=\"CKmInqfAl4cDFSuDywEdmsAM4w\">\n<div id=\"google_ads_iframe_\/2000002\/la-prensa\/mexico_nota_1x3_0__container__\"><span style=\"font-size: 14pt;\">Locales vac\u00edos, escaleras el\u00e9ctricas sin funcionar y obras en las inmediaciones\u00a0son el paisaje que recibe al visitante en la estaci\u00f3n de Puerto Morelos, en la cual apenas se subieron dos pasajeros, Pedro es uno de ellos.<\/span><\/div>\n<\/div>\n<\/div>\n<article>\n<div id=\"content-body-5851641-12204491\">\n<p><span style=\"font-size: 14pt;\">Pedro, de 55 a\u00f1os,\u00a0viaj\u00f3\u00a0desde San Angelo, Texas, a la pen\u00ednsula de Yucat\u00e1n\u00a0exclusivamente para conocer el Tren Maya.<\/span><\/p>\n<div>\n<div>\n<div id=\"teads1\"><span style=\"font-size: 14pt;\">\u201cA visitar el Tren, especialmente a eso vinimos\u201d.<\/span><\/div>\n<\/div>\n<\/div>\n<p><span style=\"font-size: 14pt;\">Pedro\u00a0reconoci\u00f3 que\u00a0la obra a\u00fan est\u00e1 inconclusa, sin embargo, destac\u00f3 que la\u00a0experiencia es agradable, pues volvi\u00f3 a viajar en tren despu\u00e9s de 30 a\u00f1os.<\/span><\/p>\n<p><span style=\"font-size: 14pt;\">Es una experiencia para recordar antes de que nos quitaran los ferrocarriles en 1992, desde entonces no me sub\u00eda uno, para m\u00ed es una experiencia muy bonita, recordar los a\u00f1os de cuando uno era joven.Pedro.<\/span><\/p>\n<p><span style=\"font-size: 14pt;\">Los trabajadores de la estaci\u00f3n Playa del Carmen detallaron que 95 personas abordaron el tren en M\u00e9rida y se bajaron en Playa del Carmen, los otros cinco asientos se ocuparon en la estaci\u00f3n del Aeropuerto de Canc\u00fan.<\/span><\/p>\n<div>\n<div>\n<div>\n<div id=\"standard_5\">\n<div>\n<div>\n<div><\/div>\n<\/div>\n<\/div>\n<\/div>\n<div>\n<h4><span style=\"font-size: 14pt;\">El Tren Maya opera a la mitad de su capacidad<\/span><\/h4>\n<\/div>\n<\/div>\n<\/div>\n<\/div>\n<p><span style=\"font-size: 14pt;\">Los trabajadores estiman que\u00a0en promedio viajan 120 personas por tren,\u00a0es decir, que el\u00a0Tren Maya opera a la mitad de su capacidad.<\/span><\/p>\n<div>\n<div>\n<div><span style=\"font-size: 14pt;\">Para otros la experiencia no pudo concretarse por la informaci\u00f3n imprecisa que hay en la p\u00e1gina de internet del Tren Maya\u00a0y las\u00a0escasas salidas, ese es el caso de Jonathan Ram\u00f3n, un turista de 36 a\u00f1os proveniente de Guerrero.<\/span><\/div>\n<div><\/div>\n<div><span style=\"font-size: 14pt;\">\u201cDentro de la p\u00e1gina oficial del Tren Maya nos indicaba que la salida era la una y media y nosotros ajustamos nuestros horarios para llegar una antes y tomar el tren, conocerlo. Llegando ac\u00e1 nos damos cuenta que los horarios de internet no son los mismos que hay en la estaci\u00f3n, resulta que es a las 3:30 y ya no hay regreso, as\u00ed que ya ser\u00eda m\u00e1s complicado tomar el tren\u201d, coment\u00f3.<\/span><\/div>\n<\/div>\n<\/div>\n<p><span style=\"font-size: 14pt;\">Nunca he viajado en tren as\u00ed que se me hace interesante la primera vez de viajar en tren.Jonathan Ram\u00f3n.<\/span><\/p>\n<p><span style=\"font-size: 14pt;\">Jonathan Ram\u00f3n atribuy\u00f3 que el\u00a0Tren Maya opere a la mitad de su capacidad a las escasas salidas.\u00a0Sumado a ello, aunque el primer tramo de Campeche a Canc\u00fan se inaugur\u00f3 el 15 de diciembre de 2023, a menos de una a\u00f1o de servicio ha presentado intermitencias por fallas t\u00e9cnicas.<\/span><\/p>\n<\/div>\n<\/article>\n","protected":false},"excerpt":{"rendered":"<p>Puerto Morelos, Quintana Roo. El\u00a0Tren Maya\u00a0tiene como\u00a0principales usuarios\u00a0a los\u00a0curiosos\u00a0por\u00a0viajar\u00a0por primera vez en\u00a0tren\u00a0o quienes\u00a0desean recordar\u00a0como era la\u00a0experiencia. La obra insignia del<\/p>\n","protected":false},"author":4,"featured_media":41470,"comment_status":"closed","ping_status":"closed","sticky":false,"template":"","format":"standard","meta":{"colormag_page_container_layout":"default_layout","colormag_page_sidebar_layout":"default_layout","_jetpack_memberships_contains_paid_content":false,"footnotes":"","jetpack_publicize_message":"","jetpack_publicize_feature_enabled":true,"jetpack_social_post_already_shared":false,"jetpack_social_options":{"image_generator_settings":{"template":"highway","default_image_id":0,"font":"","enabled":false},"version":2}},"categories":[33],"tags":[],"class_list":["post-41469","post","type-post","status-publish","format-standard","has-post-thumbnail","hentry","category-nacional"],"jetpack_publicize_connections":[],"jetpack_featured_media_url":"https:\/\/i0.wp.com\/politicosaldesnudo.com.mx\/wp-content\/uploads\/2024\/07\/Tren-Maya.jpg?fit=1140%2C712&ssl=1","jetpack-related-posts":[],"jetpack_sharing_enabled":true,"_links":{"self":[{"href":"https:\/\/politicosaldesnudo.com.mx\/index.php\/wp-json\/wp\/v2\/posts\/41469","targetHints":{"allow":["GET"]}}],"collection":[{"href":"https:\/\/politicosaldesnudo.com.mx\/index.php\/wp-json\/wp\/v2\/posts"}],"about":[{"href":"https:\/\/politicosaldesnudo.com.mx\/index.php\/wp-json\/wp\/v2\/types\/post"}],"author":[{"embeddable":true,"href":"https:\/\/politicosaldesnudo.com.mx\/index.php\/wp-json\/wp\/v2\/users\/4"}],"replies":[{"embeddable":true,"href":"https:\/\/politicosaldesnudo.com.mx\/index.php\/wp-json\/wp\/v2\/comments?post=41469"}],"version-history":[{"count":0,"href":"https:\/\/politicosaldesnudo.com.mx\/index.php\/wp-json\/wp\/v2\/posts\/41469\/revisions"}],"wp:featuredmedia":[{"embeddable":true,"href":"https:\/\/politicosaldesnudo.com.mx\/index.php\/wp-json\/wp\/v2\/media\/41470"}],"wp:attachment":[{"href":"https:\/\/politicosaldesnudo.com.mx\/index.php\/wp-json\/wp\/v2\/media?parent=41469"}],"wp:term":[{"taxonomy":"category","embeddable":true,"href":"https:\/\/politicosaldesnudo.com.mx\/index.php\/wp-json\/wp\/v2\/categories?post=41469"},{"taxonomy":"post_tag","embeddable":true,"href":"https:\/\/politicosaldesnudo.com.mx\/index.php\/wp-json\/wp\/v2\/tags?post=41469"}],"curies":[{"name":"wp","href":"https:\/\/api.w.org\/{rel}","templated":true}]}}