{"id":41472,"date":"2024-07-08T08:10:56","date_gmt":"2024-07-08T13:10:56","guid":{"rendered":"https:\/\/politicosaldesnudo.com.mx\/?p=41472"},"modified":"2024-07-08T08:10:56","modified_gmt":"2024-07-08T13:10:56","slug":"alto-a-la-violencia-politica-de-genero","status":"publish","type":"post","link":"https:\/\/politicosaldesnudo.com.mx\/index.php\/2024\/07\/08\/alto-a-la-violencia-politica-de-genero\/","title":{"rendered":"Alto a la violencia pol\u00edtica de g\u00e9nero"},"content":{"rendered":"<p><em><strong><span style=\"font-size: 14pt;\">Los h\u00e1bitos de dominio y superioridad sobre la mujer, heredados por siglos, deben desaparecer en todo el mundo<\/span><\/strong><\/em><\/p>\n<p><strong><span style=\"font-size: 14pt;\">Por \u00c1ngel \u00c1lvaro Pe\u00f1a<\/span><\/strong><\/p>\n<p><span style=\"font-size: 14pt;\">La falta de respeto a la autonom\u00eda en las decisiones de las mujeres estaba tan arraigada en el mundo pol\u00edtico que hasta el momento hay quienes desconocen que est\u00e1n incurriendo en un delito al marginarlas o considerar sus expresiones como parte de la manipulaci\u00f3n de un hombre.<\/span><\/p>\n<p><span style=\"font-size: 14pt;\">La precisi\u00f3n en los discursos debi\u00f3 ce\u00f1irse a un respeto generalizado, que siempre debi\u00f3 existir, hacia las mujeres de la vida pol\u00edtica de M\u00e9xico.<\/span><\/p>\n<p><span style=\"font-size: 14pt;\">As\u00ed en los \u00faltimos cuatro a\u00f1os se sancion\u00f3 a m\u00e1s de 363 personas por incurrir en Violencia Pol\u00edtica contra las Mujeres en Raz\u00f3n de G\u00e9nero, seg\u00fan cifras del INE.<\/span><\/p>\n<p><span style=\"font-size: 14pt;\">En M\u00e9xico, por ejemplo, a la triunfadora en las urnas para la gubernatura de Veracruz, se le dijo de todo, se le coloc\u00f3 en el centro de una guerra sucia impunemente y se est\u00e9 a favor o en contra de su pol\u00edtica, merece respeto. De ella se habl\u00f3 mucho, menos que es la primera mujer gobernadora del estado, lo cual es un hecho hist\u00f3rico, que debe alentar la lucha de las mujeres y la admiraci\u00f3n de los hombres dentro y fuera del estado.<\/span><\/p>\n<p><span style=\"font-size: 14pt;\">El antecedente m\u00e1s reciente de un alto cargo en la estructura pol\u00edtica veracruzana es durante el gobierno de Miguel Alem\u00e1n Velasco, quien design\u00f3 como secretaria de gobierno a la licenciada Nohem\u00ed Quirasco Hern\u00e1ndez, licenciada en Derecho, egresada de la Universidad Veracruzana, desde esa \u00e9poca hasta ahora no hubo una mujer en los altos vuelos de la pol\u00edtica del estado.<\/span><\/p>\n<p><span style=\"font-size: 14pt;\">La historia puede esperar cuando se trata de reconocer a las mujeres, lo cual implica una agresi\u00f3n. De los 212 municipios de Veracruz, s\u00f3lo 51 son gobernados por mujeres. Esto debe ser parte de la reflexi\u00f3n no s\u00f3lo de los veracruzanos sino de todos los mexicanos, principalmente quienes se dedican a la pol\u00edtica.<\/span><\/p>\n<p><span style=\"font-size: 14pt;\">Es por ello que los datos indican que de los sancionados por violencia pol\u00edtico de g\u00e9nero del 7 de septiembre de 2023 al 4 de julio de ese a\u00f1o 289 han sido hombres y 74 mujeres. Es decir, entre las mujeres hay misoginia. En el pa\u00eds m\u00e1s de una mujer dijo que M\u00e9xico no estaba preparado para tener una mujer presidenta.<\/span><\/p>\n<p><span style=\"font-size: 14pt;\">As\u00ed que debemos poner atenci\u00f3n en hechos como el caso de que Oaxaca, sea la entidad con el mayor n\u00famero de personas registradas, con 142 casos; sin embargo, tambi\u00e9n establece que, del total de sanciones en las diferentes entidades, 78 han sido aplicadas a presidentes o presidentas municipales; 58 a regidores o regidoras y 14 a s\u00edndicos o s\u00edndicas.<\/span><\/p>\n<p><span style=\"font-size: 14pt;\">La agresi\u00f3n hacia las mujeres en el mundo de la pol\u00edtica no proviene s\u00f3lo de los hombres.<\/span><\/p>\n<p><span style=\"font-size: 14pt;\">El INE se\u00f1al\u00f3 que adicionalmente a la inscripci\u00f3n en el Registro Nacional de Personas sancionadas, la autoridad puede imponer sanciones econ\u00f3micas, correcciones disciplinarias o medidas de prevenci\u00f3n.<\/span><\/p>\n<p><span style=\"font-size: 14pt;\">La definici\u00f3n de violencia contra las mujeres, ampliamente legitimada, es la que se deriva de la Declaraci\u00f3n de las Naciones Unidas sobre la eliminaci\u00f3n de la violencia contra las mujeres y se entiende como \u00abtodo acto de violencia basado en la pertenencia al sexo femenino que tenga o pueda tener como resultado un da\u00f1o o sufrimiento f\u00edsico, sexual o psicol\u00f3gico para la mujer, as\u00ed como las amenazas de tales actos, la coacci\u00f3n o la privaci\u00f3n arbitraria de la libertad, tanto si se producen en la vida p\u00fablica como en la vida privada\u00bb. La violencia de g\u00e9nero, es una expresi\u00f3n de la discriminaci\u00f3n hacia las mujeres, viola sus derechos y tiene como resultado impedir la participaci\u00f3n de las mujeres en las mismas condiciones que los hombres, en la vida pol\u00edtica, social, econ\u00f3mica y cultural.<\/span><\/p>\n<p><span style=\"font-size: 14pt;\">Las agresiones pol\u00edticas de g\u00e9nero m\u00e1s comunes son: Discriminaci\u00f3n y subordinaci\u00f3n; acoso sexual; violencia verbal y psicol\u00f3gica, y Violencia f\u00edsica.<\/span><\/p>\n<p><span style=\"font-size: 14pt;\">Tras cada agresi\u00f3n se descubre no s\u00f3lo un impulso de poder y dominio sobre la otra persona sino miedo. As\u00ed que desde la perspectiva de una pol\u00edtica cada vez m\u00e1s sana en M\u00e9xico, se exhiben reflexiones que contribuyan a una verdadera igualdad entre todos los seres humanos sin importar la edad, la ideolog\u00eda ni el g\u00e9nero; sin embargo, esto no puede absorber todo nuestro pensamiento pol\u00edtico sin dejar de reconocer que en el pasado debieron existir muchos reconocimientos, como los antes mencionados que no s\u00f3lo todav\u00eda, a estas alturas, se evitan sino que se ocultan.<\/span><\/p>\n<p><span style=\"font-size: 14pt;\">La autora Daniela Cerva Cerna, se\u00f1ala:\u00a0M\u00e1s mujeres en la pol\u00edtica se percibe como una amenaza debido a que la tradicional competencia que se daba s\u00f3lo entre varones es suprimida dando paso a que las militantes exijan ser incluidas en los cargos dentro del partido, as\u00ed como en las candidaturas a elecciones populares. Antes de las cuotas, las mujeres ten\u00edan una presencia aislada, sin ning\u00fan tipo de poder y en algunos casos -cuando llegaba a figurar- era fruto de la concesi\u00f3n que el partido hac\u00eda por su relaci\u00f3n familiar con la \u00e9lite o los grupos de poder. Hoy en d\u00eda, las mujeres comienzan a \u00abestorbar\u00bb porque quieren incidir en la pol\u00edtica, con programas de trabajo y propuestas independientes\u201d.<\/span><\/p>\n<p><span style=\"font-size: 14pt;\">Si bien la violencia pol\u00edtica contra las mujeres tiene historia no por ello puede tener justificaci\u00f3n.<\/span><\/p>\n","protected":false},"excerpt":{"rendered":"<p>Los h\u00e1bitos de dominio y superioridad sobre la mujer, heredados por siglos, deben desaparecer en todo el mundo Por \u00c1ngel<\/p>\n","protected":false},"author":4,"featured_media":41473,"comment_status":"closed","ping_status":"closed","sticky":false,"template":"","format":"standard","meta":{"colormag_page_container_layout":"default_layout","colormag_page_sidebar_layout":"default_layout","_jetpack_memberships_contains_paid_content":false,"footnotes":"","jetpack_publicize_message":"","jetpack_publicize_feature_enabled":true,"jetpack_social_post_already_shared":false,"jetpack_social_options":{"image_generator_settings":{"template":"highway","default_image_id":0,"font":"","enabled":false},"version":2}},"categories":[33],"tags":[],"class_list":["post-41472","post","type-post","status-publish","format-standard","has-post-thumbnail","hentry","category-nacional"],"jetpack_publicize_connections":[],"jetpack_featured_media_url":"https:\/\/i0.wp.com\/politicosaldesnudo.com.mx\/wp-content\/uploads\/2024\/07\/crop-w3292-h2480-viim092722-promovip-01-focus-0-0-732-549.jpg?fit=604%2C388&ssl=1","jetpack-related-posts":[],"jetpack_sharing_enabled":true,"_links":{"self":[{"href":"https:\/\/politicosaldesnudo.com.mx\/index.php\/wp-json\/wp\/v2\/posts\/41472","targetHints":{"allow":["GET"]}}],"collection":[{"href":"https:\/\/politicosaldesnudo.com.mx\/index.php\/wp-json\/wp\/v2\/posts"}],"about":[{"href":"https:\/\/politicosaldesnudo.com.mx\/index.php\/wp-json\/wp\/v2\/types\/post"}],"author":[{"embeddable":true,"href":"https:\/\/politicosaldesnudo.com.mx\/index.php\/wp-json\/wp\/v2\/users\/4"}],"replies":[{"embeddable":true,"href":"https:\/\/politicosaldesnudo.com.mx\/index.php\/wp-json\/wp\/v2\/comments?post=41472"}],"version-history":[{"count":0,"href":"https:\/\/politicosaldesnudo.com.mx\/index.php\/wp-json\/wp\/v2\/posts\/41472\/revisions"}],"wp:featuredmedia":[{"embeddable":true,"href":"https:\/\/politicosaldesnudo.com.mx\/index.php\/wp-json\/wp\/v2\/media\/41473"}],"wp:attachment":[{"href":"https:\/\/politicosaldesnudo.com.mx\/index.php\/wp-json\/wp\/v2\/media?parent=41472"}],"wp:term":[{"taxonomy":"category","embeddable":true,"href":"https:\/\/politicosaldesnudo.com.mx\/index.php\/wp-json\/wp\/v2\/categories?post=41472"},{"taxonomy":"post_tag","embeddable":true,"href":"https:\/\/politicosaldesnudo.com.mx\/index.php\/wp-json\/wp\/v2\/tags?post=41472"}],"curies":[{"name":"wp","href":"https:\/\/api.w.org\/{rel}","templated":true}]}}