{"id":41500,"date":"2024-07-08T08:33:14","date_gmt":"2024-07-08T13:33:14","guid":{"rendered":"https:\/\/politicosaldesnudo.com.mx\/?p=41500"},"modified":"2024-07-08T08:33:14","modified_gmt":"2024-07-08T13:33:14","slug":"detienen-a-dos-reporteros-y-un-activista-durante-protesta-en-toluca","status":"publish","type":"post","link":"https:\/\/politicosaldesnudo.com.mx\/index.php\/2024\/07\/08\/detienen-a-dos-reporteros-y-un-activista-durante-protesta-en-toluca\/","title":{"rendered":"Detienen a dos reporteros y un activista durante protesta en Toluca"},"content":{"rendered":"<p><span style=\"font-size: 14pt;\">Elementos de la polic\u00eda estatal detuvieron esta tarde a tres personas, dos de ellos identificados como reporteros de un medio digital en el Estado de M\u00e9xico y uno m\u00e1s activista de derechos humanos, en el marco de una protesta que demandaba el retiro del monumento al ex gobernador Carlos Hank Gonz\u00e1lez, ubicado en Paseo Tollocan, la principal v\u00eda de acceso a la capital mexiquense.<\/span><\/p>\n<p><span style=\"font-size: 14pt;\">La detenci\u00f3n fue transmitida en redes sociales por los reporteros, quienes se quejaron de la actuaci\u00f3n arbitraria de los uniformados que sin mediar palabra los esposaron y subieron a un veh\u00edculo oficial.<\/span><\/p>\n<p><span style=\"font-size: 14pt;\">Tras su detenci\u00f3n, la organizaci\u00f3n Frente Popular Revolucionario (FPR), difundi\u00f3 un comunicado en el que refiri\u00f3 que la detenci\u00f3n ocurri\u00f3 alrededor de las 13:40 horas en el camell\u00f3n central de Paseo Tollocan, cuando Carlos \u201cN\u201d y V\u00edctor \u201cN\u201d realizaban la cobertura de la manifestaci\u00f3n.<\/span><\/p>\n<p><span style=\"font-size: 14pt;\">Tambi\u00e9n la organizaci\u00f3n Art\u00edculo 19 alert\u00f3 de la detenci\u00f3n y pidi\u00f3 que fueran presentados los reporteros y el activista, pues durante al menos un par de horas se desconoci\u00f3 su paradero.<\/span><\/p>\n<p><span style=\"font-size: 14pt;\">\u201cArt\u00edculo 19 se mantiene al pendiente del caso, exige el respeto y garant\u00edas de los detenidos y llama a la Secretar\u00eda de Seguridad del Estado de M\u00e9xico a liberar a los periodistas y activista, reiterando las obligaciones de la instancia a proteger el derecho a la libertad de expresi\u00f3n y de protesta pac\u00edfica\u201d.<\/span><\/p>\n<p><span style=\"font-size: 14pt;\">Alrededor de las 16:00 horas la Secretar\u00eda de Seguridad del Estado de M\u00e9xico, emiti\u00f3 una tarjeta informativa donde se inform\u00f3 que los dos periodistas y el activista, fueron captados por c\u00e1maras de vigilancia mientras realizaban pintas sobre el monumento a Carlos Hank y se les detuvo por la falta administrativa.<\/span><\/p>\n<p><span style=\"font-size: 14pt;\">Se indic\u00f3 que las personas detenidas no realizaban ninguna cobertura de periodistas, sino que participaban activamente en la protesta.<\/span><\/p>\n<p><span style=\"font-size: 14pt;\">En la tarjeta informativa se dijo que como parte de los protocolos de seguridad en las pertenencias de los tres detenidos, se encontraron bolsas con marihuana.<\/span><\/p>\n<p><span style=\"font-size: 14pt;\">Al activista Dante \u201cN\u201d, adem\u00e1s se le encontr\u00f3 como una lata de aerosol con la que se habr\u00edan realizado las pintas, y se difundi\u00f3 un video donde se muestra a un par de j\u00f3venes realizando grafitis en la base del monumento.<\/span><\/p>\n<p><span style=\"font-size: 14pt;\">Por este motivo, se aclar\u00f3 que los detenidos fueron puestos a disposici\u00f3n del Ministerio P\u00fablico.<\/span><\/p>\n","protected":false},"excerpt":{"rendered":"<p>Elementos de la polic\u00eda estatal detuvieron esta tarde a tres personas, dos de ellos identificados como reporteros de un medio<\/p>\n","protected":false},"author":4,"featured_media":41501,"comment_status":"closed","ping_status":"closed","sticky":false,"template":"","format":"standard","meta":{"colormag_page_container_layout":"default_layout","colormag_page_sidebar_layout":"default_layout","_jetpack_memberships_contains_paid_content":false,"footnotes":"","jetpack_publicize_message":"","jetpack_publicize_feature_enabled":true,"jetpack_social_post_already_shared":false,"jetpack_social_options":{"image_generator_settings":{"template":"highway","default_image_id":0,"font":"","enabled":false},"version":2}},"categories":[30],"tags":[],"class_list":["post-41500","post","type-post","status-publish","format-standard","has-post-thumbnail","hentry","category-estados"],"jetpack_publicize_connections":[],"jetpack_featured_media_url":"https:\/\/i0.wp.com\/politicosaldesnudo.com.mx\/wp-content\/uploads\/2024\/07\/Reporteros-detencion-Toluca.png?fit=400%2C250&ssl=1","jetpack-related-posts":[],"jetpack_sharing_enabled":true,"_links":{"self":[{"href":"https:\/\/politicosaldesnudo.com.mx\/index.php\/wp-json\/wp\/v2\/posts\/41500","targetHints":{"allow":["GET"]}}],"collection":[{"href":"https:\/\/politicosaldesnudo.com.mx\/index.php\/wp-json\/wp\/v2\/posts"}],"about":[{"href":"https:\/\/politicosaldesnudo.com.mx\/index.php\/wp-json\/wp\/v2\/types\/post"}],"author":[{"embeddable":true,"href":"https:\/\/politicosaldesnudo.com.mx\/index.php\/wp-json\/wp\/v2\/users\/4"}],"replies":[{"embeddable":true,"href":"https:\/\/politicosaldesnudo.com.mx\/index.php\/wp-json\/wp\/v2\/comments?post=41500"}],"version-history":[{"count":0,"href":"https:\/\/politicosaldesnudo.com.mx\/index.php\/wp-json\/wp\/v2\/posts\/41500\/revisions"}],"wp:featuredmedia":[{"embeddable":true,"href":"https:\/\/politicosaldesnudo.com.mx\/index.php\/wp-json\/wp\/v2\/media\/41501"}],"wp:attachment":[{"href":"https:\/\/politicosaldesnudo.com.mx\/index.php\/wp-json\/wp\/v2\/media?parent=41500"}],"wp:term":[{"taxonomy":"category","embeddable":true,"href":"https:\/\/politicosaldesnudo.com.mx\/index.php\/wp-json\/wp\/v2\/categories?post=41500"},{"taxonomy":"post_tag","embeddable":true,"href":"https:\/\/politicosaldesnudo.com.mx\/index.php\/wp-json\/wp\/v2\/tags?post=41500"}],"curies":[{"name":"wp","href":"https:\/\/api.w.org\/{rel}","templated":true}]}}