{"id":41539,"date":"2024-07-09T07:58:59","date_gmt":"2024-07-09T12:58:59","guid":{"rendered":"https:\/\/politicosaldesnudo.com.mx\/?p=41539"},"modified":"2024-07-09T07:58:59","modified_gmt":"2024-07-09T12:58:59","slug":"atletas-tuxpenos-participaran-en-juegos-paraestatales-2024","status":"publish","type":"post","link":"https:\/\/politicosaldesnudo.com.mx\/index.php\/2024\/07\/09\/atletas-tuxpenos-participaran-en-juegos-paraestatales-2024\/","title":{"rendered":"Atletas tuxpe\u00f1os participar\u00e1n en Juegos Paraestatales 2024"},"content":{"rendered":"<p><span style=\"font-size: 14pt;\">Ser\u00e1 el 9 y 10 de agosto cuando se lleven a cabo los Juegos Paraestatales convocados por el Instituto Veracruzano del Deporte en el municipio de Boca del R\u00edo, Veracruz, ante ello la delegaci\u00f3n tuxpe\u00f1a ya se prepara para participar en tal justa deportiva.\u00a0<\/span><\/p>\n<p><span style=\"font-size: 14pt;\">Gabriel Cruz Reyes, Activista e impulsor de la inclusi\u00f3n en Tuxpan se\u00f1al\u00f3 que la Delegaci\u00f3n est\u00e1 conformada por 16 Personas entre Deportistas, Entrenadores y Staff y participaran en las disciplinas de Para atletismo y Paranataci\u00f3n en las Modalidades de Intelecdown y Talla Baja.\u00a0<\/span><\/p>\n<p><span style=\"font-size: 14pt;\">Durante los juegos se tendr\u00e1 la participaci\u00f3n de atletas paraestatales de toda la entidad veracruzana, mismos que competir\u00e1n en las 5 disciplinas que se desarrollaran en el caso de la Delegaci\u00f3n tuxpe\u00f1a se espera una destacada participaci\u00f3n y la clasificaci\u00f3n para los juegos paranacionales.\u00a0<\/span><\/p>\n","protected":false},"excerpt":{"rendered":"<p>Ser\u00e1 el 9 y 10 de agosto cuando se lleven a cabo los Juegos Paraestatales convocados por el Instituto Veracruzano<\/p>\n","protected":false},"author":4,"featured_media":41540,"comment_status":"closed","ping_status":"closed","sticky":false,"template":"","format":"standard","meta":{"colormag_page_container_layout":"default_layout","colormag_page_sidebar_layout":"default_layout","_jetpack_memberships_contains_paid_content":false,"footnotes":"","jetpack_publicize_message":"","jetpack_publicize_feature_enabled":true,"jetpack_social_post_already_shared":false,"jetpack_social_options":{"image_generator_settings":{"template":"highway","default_image_id":0,"font":"","enabled":false},"version":2}},"categories":[1082],"tags":[],"class_list":["post-41539","post","type-post","status-publish","format-standard","has-post-thumbnail","hentry","category-tuxpan"],"jetpack_publicize_connections":[],"jetpack_featured_media_url":"https:\/\/i0.wp.com\/politicosaldesnudo.com.mx\/wp-content\/uploads\/2024\/07\/emiten-convocatoria-para-los-paraestatales-veracruz-2024-530807.jpg?fit=800%2C600&ssl=1","jetpack-related-posts":[],"jetpack_sharing_enabled":true,"_links":{"self":[{"href":"https:\/\/politicosaldesnudo.com.mx\/index.php\/wp-json\/wp\/v2\/posts\/41539","targetHints":{"allow":["GET"]}}],"collection":[{"href":"https:\/\/politicosaldesnudo.com.mx\/index.php\/wp-json\/wp\/v2\/posts"}],"about":[{"href":"https:\/\/politicosaldesnudo.com.mx\/index.php\/wp-json\/wp\/v2\/types\/post"}],"author":[{"embeddable":true,"href":"https:\/\/politicosaldesnudo.com.mx\/index.php\/wp-json\/wp\/v2\/users\/4"}],"replies":[{"embeddable":true,"href":"https:\/\/politicosaldesnudo.com.mx\/index.php\/wp-json\/wp\/v2\/comments?post=41539"}],"version-history":[{"count":0,"href":"https:\/\/politicosaldesnudo.com.mx\/index.php\/wp-json\/wp\/v2\/posts\/41539\/revisions"}],"wp:featuredmedia":[{"embeddable":true,"href":"https:\/\/politicosaldesnudo.com.mx\/index.php\/wp-json\/wp\/v2\/media\/41540"}],"wp:attachment":[{"href":"https:\/\/politicosaldesnudo.com.mx\/index.php\/wp-json\/wp\/v2\/media?parent=41539"}],"wp:term":[{"taxonomy":"category","embeddable":true,"href":"https:\/\/politicosaldesnudo.com.mx\/index.php\/wp-json\/wp\/v2\/categories?post=41539"},{"taxonomy":"post_tag","embeddable":true,"href":"https:\/\/politicosaldesnudo.com.mx\/index.php\/wp-json\/wp\/v2\/tags?post=41539"}],"curies":[{"name":"wp","href":"https:\/\/api.w.org\/{rel}","templated":true}]}}