{"id":41542,"date":"2024-07-09T07:59:59","date_gmt":"2024-07-09T12:59:59","guid":{"rendered":"https:\/\/politicosaldesnudo.com.mx\/?p=41542"},"modified":"2024-07-09T07:59:59","modified_gmt":"2024-07-09T12:59:59","slug":"llaman-a-prevenir-afectaciones-ante-llegada-de-la-canicula","status":"publish","type":"post","link":"https:\/\/politicosaldesnudo.com.mx\/index.php\/2024\/07\/09\/llaman-a-prevenir-afectaciones-ante-llegada-de-la-canicula\/","title":{"rendered":"Llaman a prevenir afectaciones ante llegada de la can\u00edcula"},"content":{"rendered":"<p><span style=\"font-size: 14pt;\">El incremento en las temperaturas pronosticadas para la \u00faltima quincena de julio y hasta el mes de agosto debido a la can\u00edcula, pueden generar afectaciones en la salud al no protegerse debidamente del sol, ante ello autoridades del Sector Salud llamaron a prevenir afectaciones a trav\u00e9s de una serie de recomendaciones.<\/span><\/p>\n<p><span style=\"font-size: 14pt;\">\u00c9lfega Del \u00c1ngel Salazar, Epidemi\u00f3loga de la Jurisdicci\u00f3n Sanitaria N\u00famero II, se\u00f1al\u00f3 que es importante mantener los alimentos en refrigeraci\u00f3n y evitar consumir los de la v\u00eda p\u00fablica, los cuales pueden encontrarse en descomposici\u00f3n por las altas temperaturas y ocasionar enfermedades diarreicas o gastroenteritis.<\/span><\/p>\n<p><span style=\"font-size: 14pt;\">Asimismo, coment\u00f3 que los horarios de mayor riesgo por el incremento del calor van de las 10 de la ma\u00f1ana a las 4 de la tarde, por lo que exhort\u00f3 a la poblaci\u00f3n a utilizar sombrillas, gorras y ropa calara y holgada para no exponerse al sol de manera directa, as\u00ed como mantenerse hidratados con el consumo de agua y suero oral.\u00a0<\/span><\/p>\n<p><span style=\"font-size: 14pt;\">Finalmente, indic\u00f3 que en caso de presentar sintomatolog\u00eda como mareos, p\u00e9rdida del conocimiento, sudoraci\u00f3n excesiva y aumento de la temperatura, se debe acudir de inmediato al m\u00e9dico, pues podr\u00eda tratarse de un golpe de calor.\u00a0<\/span><\/p>\n","protected":false},"excerpt":{"rendered":"<p>El incremento en las temperaturas pronosticadas para la \u00faltima quincena de julio y hasta el mes de agosto debido a<\/p>\n","protected":false},"author":4,"featured_media":41543,"comment_status":"closed","ping_status":"closed","sticky":false,"template":"","format":"standard","meta":{"colormag_page_container_layout":"default_layout","colormag_page_sidebar_layout":"default_layout","_jetpack_memberships_contains_paid_content":false,"footnotes":"","jetpack_publicize_message":"","jetpack_publicize_feature_enabled":true,"jetpack_social_post_already_shared":false,"jetpack_social_options":{"image_generator_settings":{"template":"highway","default_image_id":0,"font":"","enabled":false},"version":2}},"categories":[1082],"tags":[],"class_list":["post-41542","post","type-post","status-publish","format-standard","has-post-thumbnail","hentry","category-tuxpan"],"jetpack_publicize_connections":[],"jetpack_featured_media_url":"https:\/\/i0.wp.com\/politicosaldesnudo.com.mx\/wp-content\/uploads\/2024\/07\/calor.jpeg?fit=400%2C250&ssl=1","jetpack-related-posts":[],"jetpack_sharing_enabled":true,"_links":{"self":[{"href":"https:\/\/politicosaldesnudo.com.mx\/index.php\/wp-json\/wp\/v2\/posts\/41542","targetHints":{"allow":["GET"]}}],"collection":[{"href":"https:\/\/politicosaldesnudo.com.mx\/index.php\/wp-json\/wp\/v2\/posts"}],"about":[{"href":"https:\/\/politicosaldesnudo.com.mx\/index.php\/wp-json\/wp\/v2\/types\/post"}],"author":[{"embeddable":true,"href":"https:\/\/politicosaldesnudo.com.mx\/index.php\/wp-json\/wp\/v2\/users\/4"}],"replies":[{"embeddable":true,"href":"https:\/\/politicosaldesnudo.com.mx\/index.php\/wp-json\/wp\/v2\/comments?post=41542"}],"version-history":[{"count":0,"href":"https:\/\/politicosaldesnudo.com.mx\/index.php\/wp-json\/wp\/v2\/posts\/41542\/revisions"}],"wp:featuredmedia":[{"embeddable":true,"href":"https:\/\/politicosaldesnudo.com.mx\/index.php\/wp-json\/wp\/v2\/media\/41543"}],"wp:attachment":[{"href":"https:\/\/politicosaldesnudo.com.mx\/index.php\/wp-json\/wp\/v2\/media?parent=41542"}],"wp:term":[{"taxonomy":"category","embeddable":true,"href":"https:\/\/politicosaldesnudo.com.mx\/index.php\/wp-json\/wp\/v2\/categories?post=41542"},{"taxonomy":"post_tag","embeddable":true,"href":"https:\/\/politicosaldesnudo.com.mx\/index.php\/wp-json\/wp\/v2\/tags?post=41542"}],"curies":[{"name":"wp","href":"https:\/\/api.w.org\/{rel}","templated":true}]}}