{"id":41791,"date":"2024-07-12T08:25:40","date_gmt":"2024-07-12T13:25:40","guid":{"rendered":"https:\/\/politicosaldesnudo.com.mx\/?p=41791"},"modified":"2024-07-12T08:25:40","modified_gmt":"2024-07-12T13:25:40","slug":"george-clooney-hablo-con-obama-antes-de-pedir-la-retirada-de-biden-segun-medio-politico","status":"publish","type":"post","link":"https:\/\/politicosaldesnudo.com.mx\/index.php\/2024\/07\/12\/george-clooney-hablo-con-obama-antes-de-pedir-la-retirada-de-biden-segun-medio-politico\/","title":{"rendered":"George Clooney habl\u00f3 con Obama antes de pedir la retirada de Biden, seg\u00fan medio Pol\u00edtico"},"content":{"rendered":"<div>\n<div id=\"content-body-225-12227136\">\n<p><span style=\"font-size: 14pt;\">El actor y\u00a0director\u00a0George Clooney\u00a0se puso en contacto con el expresidente de Estados Unidos,\u00a0Barack Obama,\u00a0antes de publicar el art\u00edculo de opini\u00f3n en\u00a0The New York Times\u00a0en el que ped\u00eda la retirada de\u00a0Joe Biden\u00a0como candidato dem\u00f3crata para las pr\u00f3ximas\u00a0elecciones.<\/span><\/p>\n<p><span style=\"font-size: 14pt;\">Aunque Obama no alent\u00f3 ni aconsej\u00f3 a Clooney a pedir a\u00a0Biden\u00a0que no se presentara a la reelecci\u00f3n, tampoco se opuso a ello, aseguraron personas familiarizadas recogidas por el medio estadounidense Pol\u00edtico.<\/span><\/p>\n<\/div>\n<\/div>\n<div>\n<div id=\"dfp-nota-1x3s\" data-google-query-id=\"CL752cfMoYcDFYmvywEdaAwL9A\">\n<div id=\"google_ads_iframe_\/2000002\/la-prensa\/mexico_nota_1x3_0__container__\">\n<div id=\"inArticle_1\">\n<div>\n<div>\n<div>\n<div><span style=\"font-size: 14pt;\">El actor, un donante dem\u00f3crata\u00a0muy influyente, que ha participado en diversas\u00a0campa\u00f1as presidenciales en EU\u00a0y apoyado hasta ahora la reelecci\u00f3n del presidente Joe Biden, se uni\u00f3 ayer al carrusel de voces que piden la retirada del actual inquilino de la\u00a0Casa Blanca como candidato dem\u00f3crata para las presidenciales.<\/span><\/div>\n<\/div>\n<\/div>\n<\/div>\n<\/div>\n<\/div>\n<\/div>\n<\/div>\n<article>\n<div id=\"content-body-5851641-12227136\">\n<p><span style=\"font-size: 14pt;\">Tras la titubeante actuaci\u00f3n de Biden\u00a0en el debate electoral del pasado 27 de junio contra su principal rival, el expresidente republicano\u00a0Donald Trump, cada vez son m\u00e1s los multimillonarios e influyentes donantes que han perdido la confianza en el candidato dem\u00f3crata y amenazan con cortar el flujo de financiaci\u00f3n a la contienda presidencial y dedicarla la legislativa.<\/span><\/p>\n<p><span style=\"font-size: 14pt;\">La opini\u00f3n p\u00fablica tambi\u00e9n demanda un cambio entre las filas dem\u00f3cratas: m\u00e1s de dos tercios de los estadounidenses y el 54 % de los votantes dem\u00f3cratas creen que el presidente estadounidense se debe retirar de la contienda electoral y no optar por la reelecci\u00f3n, de acuerdo con un sondeo publicado hoy por\u00a0ABC News\u00a0y el\u00a0Washington Post.<\/span><\/p>\n<p><span style=\"font-size: 14pt;\">La columna de opini\u00f3n de\u00a0Clooney\u00a0coincidi\u00f3 el mi\u00e9rcoles con unas declaraciones de la influyente congresista dem\u00f3crata por California,\u00a0Nancy Pelosi, que asegur\u00f3 que el mandatario todav\u00eda tiene tiempo para decidirse y no le dio un apoyo expl\u00edcito.<\/span><\/p>\n<p><span style=\"font-size: 14pt;\">Un hipot\u00e9tico cambio de candidato dem\u00f3crata podr\u00eda llevar a la actual vicepresidenta y tambi\u00e9n californiana,\u00a0Kamala Harris, a encabezar la contienda frente a\u00a0Trump\u00a0en noviembre, mientras que otro importante pol\u00edtico de California, el gobernador\u00a0Gavin Newsom, tambi\u00e9n est\u00e1 en la apuestas para el nuevo liderazgo dem\u00f3crata.<\/span><\/p>\n<\/div>\n<\/article>\n","protected":false},"excerpt":{"rendered":"<p>El actor y\u00a0director\u00a0George Clooney\u00a0se puso en contacto con el expresidente de Estados Unidos,\u00a0Barack Obama,\u00a0antes de publicar el art\u00edculo de opini\u00f3n<\/p>\n","protected":false},"author":4,"featured_media":41792,"comment_status":"closed","ping_status":"closed","sticky":false,"template":"","format":"standard","meta":{"colormag_page_container_layout":"default_layout","colormag_page_sidebar_layout":"default_layout","_jetpack_memberships_contains_paid_content":false,"footnotes":"","jetpack_publicize_message":"","jetpack_publicize_feature_enabled":true,"jetpack_social_post_already_shared":false,"jetpack_social_options":{"image_generator_settings":{"template":"highway","default_image_id":0,"font":"","enabled":false},"version":2}},"categories":[28],"tags":[],"class_list":["post-41791","post","type-post","status-publish","format-standard","has-post-thumbnail","hentry","category-internacional"],"jetpack_publicize_connections":[],"jetpack_featured_media_url":"https:\/\/i0.wp.com\/politicosaldesnudo.com.mx\/wp-content\/uploads\/2024\/07\/george-clooney-y-barack-obama-en-2006.jpeg?fit=720%2C480&ssl=1","jetpack-related-posts":[],"jetpack_sharing_enabled":true,"_links":{"self":[{"href":"https:\/\/politicosaldesnudo.com.mx\/index.php\/wp-json\/wp\/v2\/posts\/41791","targetHints":{"allow":["GET"]}}],"collection":[{"href":"https:\/\/politicosaldesnudo.com.mx\/index.php\/wp-json\/wp\/v2\/posts"}],"about":[{"href":"https:\/\/politicosaldesnudo.com.mx\/index.php\/wp-json\/wp\/v2\/types\/post"}],"author":[{"embeddable":true,"href":"https:\/\/politicosaldesnudo.com.mx\/index.php\/wp-json\/wp\/v2\/users\/4"}],"replies":[{"embeddable":true,"href":"https:\/\/politicosaldesnudo.com.mx\/index.php\/wp-json\/wp\/v2\/comments?post=41791"}],"version-history":[{"count":0,"href":"https:\/\/politicosaldesnudo.com.mx\/index.php\/wp-json\/wp\/v2\/posts\/41791\/revisions"}],"wp:featuredmedia":[{"embeddable":true,"href":"https:\/\/politicosaldesnudo.com.mx\/index.php\/wp-json\/wp\/v2\/media\/41792"}],"wp:attachment":[{"href":"https:\/\/politicosaldesnudo.com.mx\/index.php\/wp-json\/wp\/v2\/media?parent=41791"}],"wp:term":[{"taxonomy":"category","embeddable":true,"href":"https:\/\/politicosaldesnudo.com.mx\/index.php\/wp-json\/wp\/v2\/categories?post=41791"},{"taxonomy":"post_tag","embeddable":true,"href":"https:\/\/politicosaldesnudo.com.mx\/index.php\/wp-json\/wp\/v2\/tags?post=41791"}],"curies":[{"name":"wp","href":"https:\/\/api.w.org\/{rel}","templated":true}]}}