{"id":4182,"date":"2022-04-21T08:12:35","date_gmt":"2022-04-21T13:12:35","guid":{"rendered":"https:\/\/politicosaldesnudo.com.mx\/?p=4182"},"modified":"2022-04-21T08:12:35","modified_gmt":"2022-04-21T13:12:35","slug":"eu-aspira-alcanzar-acuerdo-migratorio-en-latinoamerica","status":"publish","type":"post","link":"https:\/\/politicosaldesnudo.com.mx\/index.php\/2022\/04\/21\/eu-aspira-alcanzar-acuerdo-migratorio-en-latinoamerica\/","title":{"rendered":"EU aspira alcanzar acuerdo migratorio en Latinoam\u00e9rica"},"content":{"rendered":"<p>&nbsp;<\/p>\n<p class=\"p1\"><span style=\"font-size: 14pt;\"><em><strong>Panam\u00e1.<\/strong><\/em>\u00a0Un acuerdo <strong>\u00abfirme\u00bb y \u00abcolaborativo\u00bb sobre la migraci\u00f3n<\/strong>. Eso es lo que <strong>Estados Unidos quiere lograr con los pa\u00edses de Am\u00e9rica Latina<\/strong>, anunci\u00f3 el secretario de Estado estadounidense, Antony Blinken, desde Panam\u00e1, en una reuni\u00f3n con ministros de una veintena de pa\u00edses latinoamericanos.<\/span><\/p>\n<blockquote>\n<p class=\"p1\"><span style=\"font-size: 14pt;\">Nos preocupa el bienestar de millones de personas en todo el hemisferio que han tomado la decisi\u00f3n desesperada de abandonar sus hogares y comunidades en busca de una vida mejor. Los viajes son a menudo peligrosos. Los migrantes son vulnerables a todo tipo de explotaci\u00f3n. Muchos son ni\u00f1os y su destino, su futuro, es muy incierto. Tenemos la responsabilidad, la responsabilidad compartida de velar por ellos\u00bb, declar\u00f3 Blinken.<\/span><\/p>\n<\/blockquote>\n<p class=\"p1\"><span style=\"font-size: 14pt;\">La ministra de Asuntos Exteriores paname\u00f1a, <strong>Erika Mouynes, consider\u00f3 que\u00a0este fen\u00f3meno migratorio aumentar\u00e1 a causa de diferentes factores<\/strong>:<\/span><\/p>\n<blockquote>\n<p class=\"p1\"><span style=\"font-size: 14pt;\">Es el fen\u00f3meno social del siglo XXI, ese fen\u00f3meno que en particular responde a situaciones coyunturales que lo alteran y lo amplifican. La pandemia de Covid, por ejemplo, el cambio clim\u00e1tico, la inestabilidad pol\u00edtica, Y, por supuesto, los conflictos b\u00e9licos\u201d<\/span><\/p>\n<\/blockquote>\n<p>&nbsp;<\/p>\n<p><img data-recalc-dims=\"1\" loading=\"lazy\" decoding=\"async\" class=\"aligncenter wp-image-4184 size-large\" src=\"https:\/\/i0.wp.com\/politicosaldesnudo.com.mx\/wp-content\/uploads\/2022\/04\/P-PANAMA%CC%812-1024x573.png?resize=800%2C448&#038;ssl=1\" alt=\"\" width=\"800\" height=\"448\" srcset=\"https:\/\/i0.wp.com\/politicosaldesnudo.com.mx\/wp-content\/uploads\/2022\/04\/P-PANAMA%CC%812.png?resize=1024%2C573&amp;ssl=1 1024w, https:\/\/i0.wp.com\/politicosaldesnudo.com.mx\/wp-content\/uploads\/2022\/04\/P-PANAMA%CC%812.png?resize=300%2C168&amp;ssl=1 300w, https:\/\/i0.wp.com\/politicosaldesnudo.com.mx\/wp-content\/uploads\/2022\/04\/P-PANAMA%CC%812.png?resize=768%2C430&amp;ssl=1 768w, https:\/\/i0.wp.com\/politicosaldesnudo.com.mx\/wp-content\/uploads\/2022\/04\/P-PANAMA%CC%812.png?resize=1536%2C859&amp;ssl=1 1536w, https:\/\/i0.wp.com\/politicosaldesnudo.com.mx\/wp-content\/uploads\/2022\/04\/P-PANAMA%CC%812.png?w=1816&amp;ssl=1 1816w, https:\/\/i0.wp.com\/politicosaldesnudo.com.mx\/wp-content\/uploads\/2022\/04\/P-PANAMA%CC%812.png?w=1600&amp;ssl=1 1600w\" sizes=\"auto, (max-width: 800px) 100vw, 800px\" \/><\/p>\n<p>&nbsp;<\/p>\n<p class=\"p1\"><strong><span style=\"font-size: 14pt;\">PANDILLAS EN EL SALVADOR<\/span><\/strong><\/p>\n<p class=\"p1\"><span style=\"font-size: 14pt;\">Antony Blinken tambi\u00e9n aprovech\u00f3 la ocasi\u00f3n para abordar <strong>la situaci\u00f3n actual en El Salvador<\/strong>,\u00a0en donde las restricciones impuestas por <strong>el presidente Nayib Bukele para combatir la guerra contra las pandillas, preocuparon a organismos internacionales<\/strong>. Seg\u00fan Blinken,\u00a0<strong>El Salvador ha experimentado retrocesos en la gobernanza dem\u00f3cratica y la separaci\u00f3n de poderes.<\/strong><\/span><\/p>\n<p class=\"p1\"><span style=\"font-size: 14pt;\">Durante la reuni\u00f3n en Panam\u00e1, <strong>Blinken llam\u00f3 a combatir las causas fundamentales de la migraci\u00f3n irregular y apoyar a pa\u00edses como\u00a0Colombia, M\u00e9xico, Panam\u00e1 y Costa Rica, que est\u00e1n asistiendo a los migrantes.<\/strong><\/span><\/p>\n<p class=\"p1\"><span style=\"font-size: 14pt;\">Estados Unidos y los gobiernos de Am\u00e9rica Latina buscan tambi\u00e9n crear rutas legales para los migrantes y ofrecer oportunidades econ\u00f3micas, con la ayuda de organismos internacionales, que generen empleo y desalienten la migraci\u00f3n irregular.<\/span><\/p>\n<blockquote>\n<p class=\"p1\"><span style=\"font-size: 14pt;\">Nosotros podemos hacer una profunda diferencia en la vida de nuestros conciudadanos m\u00e1s vulnerables y por el futuro de nuestra regi\u00f3n\u00bb, dijo Blinken.<\/span><\/p>\n<\/blockquote>\n<p class=\"p1\"><strong><span style=\"font-size: 14pt;\">Estados Unidos se volver\u00e1 a reunir con los l\u00edderes de los pa\u00edses americanos en la pr\u00f3xima\u00a0Cumbre de las Am\u00e9ricas del 6 al 10 de junio.<\/span><\/strong><\/p>\n<p>&nbsp;<\/p>\n<p>&nbsp;<\/p>\n<p>&nbsp;<\/p>\n<p>&nbsp;<\/p>\n","protected":false},"excerpt":{"rendered":"<p>&nbsp; Panam\u00e1.\u00a0Un acuerdo \u00abfirme\u00bb y \u00abcolaborativo\u00bb sobre la migraci\u00f3n. Eso es lo que Estados Unidos quiere lograr con los pa\u00edses<\/p>\n","protected":false},"author":4,"featured_media":4183,"comment_status":"closed","ping_status":"closed","sticky":false,"template":"","format":"standard","meta":{"colormag_page_container_layout":"default_layout","colormag_page_sidebar_layout":"default_layout","_jetpack_memberships_contains_paid_content":false,"footnotes":"","jetpack_publicize_message":"","jetpack_publicize_feature_enabled":true,"jetpack_social_post_already_shared":false,"jetpack_social_options":{"image_generator_settings":{"template":"highway","default_image_id":0,"font":"","enabled":false},"version":2}},"categories":[28],"tags":[482,481,480],"class_list":["post-4182","post","type-post","status-publish","format-standard","has-post-thumbnail","hentry","category-internacional","tag-antony-blinken","tag-migracion","tag-panama"],"jetpack_publicize_connections":[],"jetpack_featured_media_url":"https:\/\/i0.wp.com\/politicosaldesnudo.com.mx\/wp-content\/uploads\/2022\/04\/P-PANAMA%CC%811.png?fit=1816%2C1016&ssl=1","jetpack-related-posts":[],"jetpack_sharing_enabled":true,"_links":{"self":[{"href":"https:\/\/politicosaldesnudo.com.mx\/index.php\/wp-json\/wp\/v2\/posts\/4182","targetHints":{"allow":["GET"]}}],"collection":[{"href":"https:\/\/politicosaldesnudo.com.mx\/index.php\/wp-json\/wp\/v2\/posts"}],"about":[{"href":"https:\/\/politicosaldesnudo.com.mx\/index.php\/wp-json\/wp\/v2\/types\/post"}],"author":[{"embeddable":true,"href":"https:\/\/politicosaldesnudo.com.mx\/index.php\/wp-json\/wp\/v2\/users\/4"}],"replies":[{"embeddable":true,"href":"https:\/\/politicosaldesnudo.com.mx\/index.php\/wp-json\/wp\/v2\/comments?post=4182"}],"version-history":[{"count":0,"href":"https:\/\/politicosaldesnudo.com.mx\/index.php\/wp-json\/wp\/v2\/posts\/4182\/revisions"}],"wp:featuredmedia":[{"embeddable":true,"href":"https:\/\/politicosaldesnudo.com.mx\/index.php\/wp-json\/wp\/v2\/media\/4183"}],"wp:attachment":[{"href":"https:\/\/politicosaldesnudo.com.mx\/index.php\/wp-json\/wp\/v2\/media?parent=4182"}],"wp:term":[{"taxonomy":"category","embeddable":true,"href":"https:\/\/politicosaldesnudo.com.mx\/index.php\/wp-json\/wp\/v2\/categories?post=4182"},{"taxonomy":"post_tag","embeddable":true,"href":"https:\/\/politicosaldesnudo.com.mx\/index.php\/wp-json\/wp\/v2\/tags?post=4182"}],"curies":[{"name":"wp","href":"https:\/\/api.w.org\/{rel}","templated":true}]}}