{"id":41830,"date":"2024-07-13T01:26:21","date_gmt":"2024-07-13T06:26:21","guid":{"rendered":"https:\/\/politicosaldesnudo.com.mx\/?p=41830"},"modified":"2024-07-13T01:26:21","modified_gmt":"2024-07-13T06:26:21","slug":"mas-legisladores-democratas-piden-a-biden-renunciar-a-la-candidatura-tras-rueda-de-prensa","status":"publish","type":"post","link":"https:\/\/politicosaldesnudo.com.mx\/index.php\/2024\/07\/13\/mas-legisladores-democratas-piden-a-biden-renunciar-a-la-candidatura-tras-rueda-de-prensa\/","title":{"rendered":"M\u00e1s legisladores dem\u00f3cratas piden a Biden renunciar a la candidatura tras rueda de prensa"},"content":{"rendered":"<div>\n<div id=\"content-body-225-12230707\">\n<p><span style=\"font-size: 14pt;\">Tres legisladores dem\u00f3cratas le pidieron a\u00a0Joe Biden\u00a0que se retire de la candidatura\u00a0de su partido a las elecciones, inmediatamente despu\u00e9s de que el presidente de Estados Unidos diera su primera rueda de prensa en solitario en casi un a\u00f1o.<\/span><\/p>\n<p><span style=\"font-size: 14pt;\">Los congresistas de la C\u00e1mara de Representantes\u00a0Eric Sorensen, Scott Peters y Jim Himes\u00a0publicaron comunicados reconociendo la labor de Biden en su mandato, pero\u00a0solicit\u00e1ndole\u00a0que\u00a0abra paso a un liderazgo distinto de cara a las presidenciales.<\/span><\/p>\n<\/div>\n<\/div>\n<div>\n<div id=\"dfp-nota-1x3s\" data-google-query-id=\"CM_Vn9Owo4cDFS2ppgQd3cMPIQ\">\n<div id=\"google_ads_iframe_\/2000002\/la-prensa\/mexico_nota_1x3_0__container__\"><span style=\"font-size: 14pt;\">Debemos presentar al candidato m\u00e1s fuerte posible ya no creo que ese sea.Jim Himes.<\/span><\/div>\n<\/div>\n<\/div>\n<article>\n<div id=\"content-body-5851641-12230707\">\n<p><span style=\"font-size: 14pt;\">Con ellos,\u00a0ya son 17 congresistas\u00a0del propio partido del presidente los que han\u00a0expresado p\u00fablicamente su deseo de que sea otro candidato\u00a0quien se enfrente al expresidente Donald Trump en noviembre.<\/span><\/p>\n<div id=\"standard_14\"><span style=\"font-size: 14pt;\">Y es que, en los pr\u00f3ximos d\u00edas, se espera una avalancha de m\u00e1s voces dem\u00f3cratas en contra de una candidatura de Biden.<\/span><\/div>\n<p><span style=\"font-size: 14pt;\">Seg\u00fan adelant\u00f3 la cadena estadounidense CBS,\u00a0\u00abdocenas\u00bb de legisladores est\u00e1n planeando\u00a0de manera \u00abcoordinada\u00bb publicar declaraciones haciendo un\u00a0llamado al mandatario, de 81, para\u00a0abandonar sus aspiraciones\u00a0a las reelecci\u00f3n.<\/span><\/p>\n<section>\n<div>\n<div>\n<div><span style=\"font-size: 14pt;\">Los\u00a0l\u00edderes del partido dem\u00f3crata\u00a0habr\u00edan\u00a0pedido ayuda\u00a0al expresidente\u00a0Barack Obama y\u00a0a la expresidenta de la C\u00e1mara Baja\u00a0Nancy Pelosi\u00a0para convencer a Biden\u00a0de que se haga a un lado, seg\u00fan informaron fuentes dem\u00f3cratas a la cadena CNN.<\/span><\/div>\n<\/div>\n<\/div>\n<\/section>\n<p><span style=\"font-size: 14pt;\">Los dos pesos pesados de la \u00e9lite del partido azul han ya mantenido conversaciones sobre el tema, pero no est\u00e1n seguros sobre c\u00f3mo proceder, destac\u00f3 el medio.<\/span><\/p>\n<p><span style=\"font-size: 14pt;\">Biden reiter\u00f3 que seguir\u00e1 con su campa\u00f1a<\/span><\/p>\n<p><span style=\"font-size: 14pt;\">En la rueda de prensa de este jueves, en el marco de la cumbre de la OTAN que termin\u00f3 en Washington,\u00a0Biden\u00a0se atrincher\u00f3 a\u00fan m\u00e1s:\u00a0reiter\u00f3 que seguir\u00e1 con su campa\u00f1a, rechaz\u00f3 tener problemas de salud o estar d\u00e9bil y asegur\u00f3 que hasta los l\u00edderes de la alianza le han pedido que se quede para vencer a Trump.<\/span><\/p>\n<p><span style=\"font-size: 14pt;\">Pese a su insistencia, dos lapsus verbales -uno durante una comparecencia con los l\u00edderes de la OTAN y aliados y otro en su primera rueda de prensa en solitario desde noviembre- no ayudan a despejar las\u00a0dudas\u00a0sobre su\u00a0capacidad de gobernar cuatro a\u00f1os m\u00e1s, hasta cumplir los 86 a\u00f1os, si gana las elecciones.<\/span><\/p>\n<p><span style=\"font-size: 14pt;\">Siguen los errores de Biden: confunde a Zelenski con Putin y a Harris con Trump<\/span><\/p>\n<p><span style=\"font-size: 14pt;\">Primero,\u00a0Biden introdujo al presidente ucraniano, Volod\u00edmir Zelenski, como \u00abpresidente Putin\u00bb\u00a0y al inicio de su rueda de prensa se refiri\u00f3 a la vicepresidenta Kamala\u00a0Harris\u00a0como\u00a0\u00abvicepresidente Trump\u00bb.<\/span><\/p>\n<section>\n<div>\n<div><span style=\"font-size: 14pt;\">Trump no perdi\u00f3 el tiempo y, antes incluso de que terminara la comparecencia de Biden, ya se estaba\u00a0burlando del dem\u00f3crata\u00a0en la red social Truth.<\/span><\/div>\n<\/div>\n<\/section>\n<p><span style=\"font-size: 14pt;\">\u00abQu\u00e9 gran trabajo, Joe\u00bb, escribi\u00f3 el republicano junto a un clip que muestra uno de los lapsus del presidente en la conferencia, donde confundi\u00f3 a Harris con Trump.<\/span><\/p>\n<section>\n<div>\n<div><span style=\"font-size: 14pt;\">\u00abEl corrupto de Joe\u00a0tiene un caso grave del\u00a0s\u00edndrome del trastorno Trump\u00bb, escribi\u00f3 el pol\u00edtico y se refiri\u00f3 a las declaraciones de Biden como una \u00abrueda de prensa de hombrecito\u00bb.<\/span><\/div>\n<\/div>\n<\/section>\n<p><span style=\"font-size: 14pt;\">A esta altura de su mandato presidencial, Biden ha celebrado menos ruedas de prensa que cualquier otro presidente desde Ronald Reagan en la d\u00e9cada de 1980.<\/span><\/p>\n<p><span style=\"font-size: 14pt;\">Seg\u00fan el recuento de la Universidad de California en Santa B\u00e1rbara,\u00a0Biden ha dado 36 ruedas de prensa\u00a0desde que lleg\u00f3 a la Casa Blanca en enero de 2021, mientras que\u00a0Trump\u00a0en sus cuatro a\u00f1os en la Presidencia\u00a0dio 88.<\/span><\/p>\n<\/div>\n<\/article>\n","protected":false},"excerpt":{"rendered":"<p>Tres legisladores dem\u00f3cratas le pidieron a\u00a0Joe Biden\u00a0que se retire de la candidatura\u00a0de su partido a las elecciones, inmediatamente despu\u00e9s de<\/p>\n","protected":false},"author":4,"featured_media":41040,"comment_status":"closed","ping_status":"closed","sticky":false,"template":"","format":"standard","meta":{"colormag_page_container_layout":"default_layout","colormag_page_sidebar_layout":"default_layout","_jetpack_memberships_contains_paid_content":false,"footnotes":"","jetpack_publicize_message":"","jetpack_publicize_feature_enabled":true,"jetpack_social_post_already_shared":false,"jetpack_social_options":{"image_generator_settings":{"template":"highway","default_image_id":0,"font":"","enabled":false},"version":2}},"categories":[28],"tags":[],"class_list":["post-41830","post","type-post","status-publish","format-standard","has-post-thumbnail","hentry","category-internacional"],"jetpack_publicize_connections":[],"jetpack_featured_media_url":"https:\/\/i0.wp.com\/politicosaldesnudo.com.mx\/wp-content\/uploads\/2024\/07\/Joe-Biden.jpg?fit=400%2C250&ssl=1","jetpack-related-posts":[],"jetpack_sharing_enabled":true,"_links":{"self":[{"href":"https:\/\/politicosaldesnudo.com.mx\/index.php\/wp-json\/wp\/v2\/posts\/41830","targetHints":{"allow":["GET"]}}],"collection":[{"href":"https:\/\/politicosaldesnudo.com.mx\/index.php\/wp-json\/wp\/v2\/posts"}],"about":[{"href":"https:\/\/politicosaldesnudo.com.mx\/index.php\/wp-json\/wp\/v2\/types\/post"}],"author":[{"embeddable":true,"href":"https:\/\/politicosaldesnudo.com.mx\/index.php\/wp-json\/wp\/v2\/users\/4"}],"replies":[{"embeddable":true,"href":"https:\/\/politicosaldesnudo.com.mx\/index.php\/wp-json\/wp\/v2\/comments?post=41830"}],"version-history":[{"count":0,"href":"https:\/\/politicosaldesnudo.com.mx\/index.php\/wp-json\/wp\/v2\/posts\/41830\/revisions"}],"wp:featuredmedia":[{"embeddable":true,"href":"https:\/\/politicosaldesnudo.com.mx\/index.php\/wp-json\/wp\/v2\/media\/41040"}],"wp:attachment":[{"href":"https:\/\/politicosaldesnudo.com.mx\/index.php\/wp-json\/wp\/v2\/media?parent=41830"}],"wp:term":[{"taxonomy":"category","embeddable":true,"href":"https:\/\/politicosaldesnudo.com.mx\/index.php\/wp-json\/wp\/v2\/categories?post=41830"},{"taxonomy":"post_tag","embeddable":true,"href":"https:\/\/politicosaldesnudo.com.mx\/index.php\/wp-json\/wp\/v2\/tags?post=41830"}],"curies":[{"name":"wp","href":"https:\/\/api.w.org\/{rel}","templated":true}]}}