{"id":41832,"date":"2024-07-13T01:28:30","date_gmt":"2024-07-13T06:28:30","guid":{"rendered":"https:\/\/politicosaldesnudo.com.mx\/?p=41832"},"modified":"2024-07-13T01:28:30","modified_gmt":"2024-07-13T06:28:30","slug":"migrantes-pintan-mural-contra-violencia-a-mujeres-en-frontera-sur","status":"publish","type":"post","link":"https:\/\/politicosaldesnudo.com.mx\/index.php\/2024\/07\/13\/migrantes-pintan-mural-contra-violencia-a-mujeres-en-frontera-sur\/","title":{"rendered":"Migrantes pintan mural contra violencia a mujeres en frontera sur"},"content":{"rendered":"<p><span style=\"font-size: 14pt;\">Mujeres mexicanas y migrantes pintaron un mural en Tapachula, Chiapas, para denunciar la violencia de g\u00e9nero y exigir a las autoridades acciones m\u00e1s eficaces para protegerlas de los abusos.\u00a0\u00a0<\/span><\/p>\n<p><span style=\"font-size: 14pt;\">Desiree Rosales, Gerente del Proyecto Faro de intenci\u00f3n comunitaria, sostuvo que estas acciones promueven el rescate de espacios p\u00fablicos e involucran\u00a0en actividades de impacto social a j\u00f3venes que no estudian ni trabajan.\u00a0<\/span><\/p>\n<p><span style=\"font-size: 14pt;\">\u201cLas chicas eligieron la tem\u00e1tica de violencia basada en g\u00e9nero para exponer en el mural y en un folleto informativo para las mujeres, esto lo que busca es la concientizaci\u00f3n y la visibilizaci\u00f3n de la violencia a las mujeres en cualquier parte del mundo, y lo que buscamos es sensibilizar, exigir y pedir que se nos respete y que se nos cuide\u201d, expres\u00f3 en entrevista.\u00a0<\/span><\/p>\n<p><span style=\"font-size: 14pt;\">El mural en el que participaron mujeres de M\u00e9xico, Ecuador, Hait\u00ed, El Salvador, Honduras, entre otros, representa la resilencia de c\u00f3mo la mujer se va reestructurando, sanando a s\u00ed mismas y su renacimiento despu\u00e9s de un ciclo de violencia, explic\u00f3 la activista.\u00a0<\/span><\/p>\n<p><span style=\"font-size: 14pt;\">\u201cEste sitio que estamos apropi\u00e1ndonos es un espacio p\u00fablico y lo que buscamos es mejorar los espacios p\u00fablicos, limpiando, embelleci\u00e9ndolos con un mural y que tengan un mensaje positivo\u201d, abund\u00f3.\u00a0<\/span><\/p>\n<p><span style=\"font-size: 14pt;\">La Gerente del Proyecto Faro-integrado a la Fundaci\u00f3n Misi\u00f3n M\u00e9xico- destac\u00f3 el impulso de la sociedad civil y empresarial como Fundaci\u00f3n ADO y Fundaci\u00f3n R\u00edo Arronte\u00a0\u00a0para concretar acciones en beneficio de los migrantes en la frontera sur de M\u00e9xico.\u00a0<\/span><\/p>\n<p><span style=\"font-size: 14pt;\">Refiri\u00f3 que entre otras \u00e1reas de trabajo se han implementado cocinas comunitarias, as\u00ed como brigadas y consultas m\u00e9dicas, que son dos de las principales necesidades de la poblaci\u00f3n en movilidad.\u00a0\u00a0<\/span><\/p>\n","protected":false},"excerpt":{"rendered":"<p>Mujeres mexicanas y migrantes pintaron un mural en Tapachula, Chiapas, para denunciar la violencia de g\u00e9nero y exigir a las<\/p>\n","protected":false},"author":4,"featured_media":41833,"comment_status":"closed","ping_status":"closed","sticky":false,"template":"","format":"standard","meta":{"colormag_page_container_layout":"default_layout","colormag_page_sidebar_layout":"default_layout","_jetpack_memberships_contains_paid_content":false,"footnotes":"","jetpack_publicize_message":"","jetpack_publicize_feature_enabled":true,"jetpack_social_post_already_shared":false,"jetpack_social_options":{"image_generator_settings":{"template":"highway","default_image_id":0,"font":"","enabled":false},"version":2}},"categories":[30],"tags":[],"class_list":["post-41832","post","type-post","status-publish","format-standard","has-post-thumbnail","hentry","category-estados"],"jetpack_publicize_connections":[],"jetpack_featured_media_url":"https:\/\/i0.wp.com\/politicosaldesnudo.com.mx\/wp-content\/uploads\/2024\/07\/Activistas-pintan-un-mural-para-denunciar-la-violencia-de-genero-y-el-maltrato-a-los-migrantes-1.jpg?fit=900%2C587&ssl=1","jetpack-related-posts":[],"jetpack_sharing_enabled":true,"_links":{"self":[{"href":"https:\/\/politicosaldesnudo.com.mx\/index.php\/wp-json\/wp\/v2\/posts\/41832","targetHints":{"allow":["GET"]}}],"collection":[{"href":"https:\/\/politicosaldesnudo.com.mx\/index.php\/wp-json\/wp\/v2\/posts"}],"about":[{"href":"https:\/\/politicosaldesnudo.com.mx\/index.php\/wp-json\/wp\/v2\/types\/post"}],"author":[{"embeddable":true,"href":"https:\/\/politicosaldesnudo.com.mx\/index.php\/wp-json\/wp\/v2\/users\/4"}],"replies":[{"embeddable":true,"href":"https:\/\/politicosaldesnudo.com.mx\/index.php\/wp-json\/wp\/v2\/comments?post=41832"}],"version-history":[{"count":0,"href":"https:\/\/politicosaldesnudo.com.mx\/index.php\/wp-json\/wp\/v2\/posts\/41832\/revisions"}],"wp:featuredmedia":[{"embeddable":true,"href":"https:\/\/politicosaldesnudo.com.mx\/index.php\/wp-json\/wp\/v2\/media\/41833"}],"wp:attachment":[{"href":"https:\/\/politicosaldesnudo.com.mx\/index.php\/wp-json\/wp\/v2\/media?parent=41832"}],"wp:term":[{"taxonomy":"category","embeddable":true,"href":"https:\/\/politicosaldesnudo.com.mx\/index.php\/wp-json\/wp\/v2\/categories?post=41832"},{"taxonomy":"post_tag","embeddable":true,"href":"https:\/\/politicosaldesnudo.com.mx\/index.php\/wp-json\/wp\/v2\/tags?post=41832"}],"curies":[{"name":"wp","href":"https:\/\/api.w.org\/{rel}","templated":true}]}}