{"id":41856,"date":"2024-07-13T01:46:53","date_gmt":"2024-07-13T06:46:53","guid":{"rendered":"https:\/\/politicosaldesnudo.com.mx\/?p=41856"},"modified":"2024-07-13T01:46:53","modified_gmt":"2024-07-13T06:46:53","slug":"ordena-tecdmx-nuevo-recuento-de-votos-en-alcaldia-cuauhtemoc","status":"publish","type":"post","link":"https:\/\/politicosaldesnudo.com.mx\/index.php\/2024\/07\/13\/ordena-tecdmx-nuevo-recuento-de-votos-en-alcaldia-cuauhtemoc\/","title":{"rendered":"Ordena TECDMX nuevo recuento de votos en alcald\u00eda Cuauht\u00e9moc"},"content":{"rendered":"<p><span style=\"font-size: 14pt;\">El Tribunal Electoral de la Ciudad de M\u00e9xico (TECDMX) orden\u00f3, por segunda vez, el recuento total de votos en la elecci\u00f3n por la alcald\u00eda Cuauht\u00e9moc, que dio por virtual ganadora a Alessandra Rojo de la Vega.<\/span><\/p>\n<p><span style=\"font-size: 14pt;\">El TECDMX aprob\u00f3 un nuevo acuerdo para que se realice el recuento de votos en la alcald\u00eda Cuauht\u00e9moc, luego de que el pasado domingo la Sala Regional Ciudad de M\u00e9xico del Tribunal Electoral del Poder Judicial de la Federaci\u00f3n (TEPJF) suspendiera el recuento. La Sala Regional argument\u00f3 en ese momento que el tribunal local no analiz\u00f3 de manera fundada y motivada si era procedente esta solicitud hecha por Morena.<\/span><\/p>\n<p><span style=\"font-size: 14pt;\">En sesi\u00f3n privada, el tribunal consider\u00f3 en el juicio TECDMX-JEL-203\/2024 que su determinaci\u00f3n \u201cno genera alg\u00fan perjuicio a ninguna de las candidaturas contendientes\u201d y en atenci\u00f3n a lo resuelto por la Sala Regional del TEPJF \u201ctiene el objeto de cumplir con el principio de certeza respecto de la autenticidad de los resultados de la elecci\u00f3n, tanto para quien solicita tal recuento, como para quien, en principio, obtuvo el primer lugar de la votaci\u00f3n, por lo que no constituye calificaci\u00f3n alguna respecto de los resultados o la validez de la elecci\u00f3n\u201d.<\/span><\/p>\n<p><span style=\"font-size: 14pt;\">Asimismo, tomaron en cuenta que los Consejos Distritales 9 y 12, cabeceras de la demarcaci\u00f3n solo acordaron \u201crecuentos parciales y el Consejo Distrital, cabecera de demarcaci\u00f3n, omiti\u00f3 pronunciarse respecto del recuento total\u201d.<\/span><\/p>\n<p><span style=\"font-size: 14pt;\"><strong>Impugnaremos segundo recuento: Rojo de la Vega<\/strong><\/span><\/p>\n<p><span style=\"font-size: 14pt;\">La alcaldesa electa de Cuauht\u00e9moc, Alessandra Rojo de la Vega, dijo que impugnar\u00e1 la resoluci\u00f3n del Tribunal Electoral local ante la sala regional del Tribunal Electoral del Poder Judicial de la Federaci\u00f3n para que revise la sentencia del \u00f3rgano local para realizar nuevamente el conteo de la pasada elecci\u00f3n a fin de conocer \u201csi est\u00e1 fundada y motivada\u201d, porque \u201ces ilegal y sin sustento jur\u00eddico\u201d.<\/span><\/p>\n<p><span style=\"font-size: 14pt;\">Rojo de la Vega refrend\u00f3 que la diferencia entre el primer y el segundo lugar es de alrededor de 12 mil votos, equivalente a una diferencia del 3.3 por ciento, con lo que lament\u00f3 \u201cque de nueva cuenta algunos magistrados se han arrodillado a los caprichos de una familia y han escogido darle la espalda a los vecinos y vecinas de la demarcaci\u00f3n que votaron el pasado 2 de junio\u201d.<\/span><\/p>\n<p><span style=\"font-size: 14pt;\">Se\u00f1al\u00f3 que \u201cel senador Monreal siguen dando instrucciones al magistrado presidente Armando Ambriz Hern\u00e1ndez, para violar la ley, para que, sin razones legales suficientes, se favorezca a Morena y a la candidata perdedora Monreal\u201d.<\/span><\/p>\n<p><span style=\"font-size: 14pt;\">Indic\u00f3 que por \u201cla relaci\u00f3n y cercan\u00eda del magistrado presidente y el legislador Ricardo Monreal, el magistrado Ambriz, no debi\u00f3 conocer del asunto y excusarse por la falta de objetividad en el tema, por ser cercano y tener inter\u00e9s en el mismo\u201d<\/span><\/p>\n","protected":false},"excerpt":{"rendered":"<p>El Tribunal Electoral de la Ciudad de M\u00e9xico (TECDMX) orden\u00f3, por segunda vez, el recuento total de votos en la<\/p>\n","protected":false},"author":4,"featured_media":41857,"comment_status":"closed","ping_status":"closed","sticky":false,"template":"","format":"standard","meta":{"colormag_page_container_layout":"default_layout","colormag_page_sidebar_layout":"default_layout","_jetpack_memberships_contains_paid_content":false,"footnotes":"","jetpack_publicize_message":"","jetpack_publicize_feature_enabled":true,"jetpack_social_post_already_shared":false,"jetpack_social_options":{"image_generator_settings":{"template":"highway","default_image_id":0,"font":"","enabled":false},"version":2}},"categories":[33],"tags":[],"class_list":["post-41856","post","type-post","status-publish","format-standard","has-post-thumbnail","hentry","category-nacional"],"jetpack_publicize_connections":[],"jetpack_featured_media_url":"https:\/\/i0.wp.com\/politicosaldesnudo.com.mx\/wp-content\/uploads\/2024\/07\/descarga-3.jpg?fit=1024%2C529&ssl=1","jetpack-related-posts":[],"jetpack_sharing_enabled":true,"_links":{"self":[{"href":"https:\/\/politicosaldesnudo.com.mx\/index.php\/wp-json\/wp\/v2\/posts\/41856","targetHints":{"allow":["GET"]}}],"collection":[{"href":"https:\/\/politicosaldesnudo.com.mx\/index.php\/wp-json\/wp\/v2\/posts"}],"about":[{"href":"https:\/\/politicosaldesnudo.com.mx\/index.php\/wp-json\/wp\/v2\/types\/post"}],"author":[{"embeddable":true,"href":"https:\/\/politicosaldesnudo.com.mx\/index.php\/wp-json\/wp\/v2\/users\/4"}],"replies":[{"embeddable":true,"href":"https:\/\/politicosaldesnudo.com.mx\/index.php\/wp-json\/wp\/v2\/comments?post=41856"}],"version-history":[{"count":0,"href":"https:\/\/politicosaldesnudo.com.mx\/index.php\/wp-json\/wp\/v2\/posts\/41856\/revisions"}],"wp:featuredmedia":[{"embeddable":true,"href":"https:\/\/politicosaldesnudo.com.mx\/index.php\/wp-json\/wp\/v2\/media\/41857"}],"wp:attachment":[{"href":"https:\/\/politicosaldesnudo.com.mx\/index.php\/wp-json\/wp\/v2\/media?parent=41856"}],"wp:term":[{"taxonomy":"category","embeddable":true,"href":"https:\/\/politicosaldesnudo.com.mx\/index.php\/wp-json\/wp\/v2\/categories?post=41856"},{"taxonomy":"post_tag","embeddable":true,"href":"https:\/\/politicosaldesnudo.com.mx\/index.php\/wp-json\/wp\/v2\/tags?post=41856"}],"curies":[{"name":"wp","href":"https:\/\/api.w.org\/{rel}","templated":true}]}}