{"id":41859,"date":"2024-07-13T01:48:01","date_gmt":"2024-07-13T06:48:01","guid":{"rendered":"https:\/\/politicosaldesnudo.com.mx\/?p=41859"},"modified":"2024-07-13T01:48:01","modified_gmt":"2024-07-13T06:48:01","slug":"detienen-a-director-de-pc-de-la-gam-por-violencia-familiar","status":"publish","type":"post","link":"https:\/\/politicosaldesnudo.com.mx\/index.php\/2024\/07\/13\/detienen-a-director-de-pc-de-la-gam-por-violencia-familiar\/","title":{"rendered":"Detienen a director de PC de la GAM por violencia familiar"},"content":{"rendered":"<div><span style=\"font-size: 14pt;\">Gerardo N\u00fa\u00f1ez Villa, director de Protecci\u00f3n Civil de la alcald\u00eda Gustavo A. Madero, fue detenido por elementos de la Secretar\u00eda de Seguridad Ciudadana de la Ciudad de M\u00e9xico, porque al parecer en estado de ebriedad agredi\u00f3 f\u00edsica y verbalmente a sus hijos.\u00a0<\/span><\/div>\n<div><\/div>\n<div><span style=\"font-size: 14pt;\">La dependencia capitalina se\u00f1al\u00f3 en un comunicado que los efectivos fueron informados por el personal del Centro de Comando y Control (C2) Norte de un reporte de violencia familiar en la calle Delia de la colonia Guadalupe Tepeyac.<\/span><\/div>\n<div><\/div>\n<div><span style=\"font-size: 14pt;\">Cuando llegaron al domicilio se entrevistaron con una joven de 28 a\u00f1os de edad, quien dijo que su padre al llegar al domicilio comenz\u00f3 la discusi\u00f3n verbal y despu\u00e9s la agredi\u00f3 f\u00edsicamente.<\/span><\/div>\n<div><\/div>\n<div><span style=\"font-size: 14pt;\">Su hermano de 20 a\u00f1os trat\u00f3 de impedir las agresiones, pero tambi\u00e9n fue golpeado.<\/span><\/div>\n<div><\/div>\n<div><span style=\"font-size: 14pt;\">Los polic\u00edas solicitan a los servicios de emergencia y param\u00e9dicos de protecci\u00f3n civil que atendieron a los j\u00f3venes por los golpes recibidos sin que fueran necesarios su traslado a alg\u00fan hospital.<\/span><\/div>\n<div><\/div>\n<div><span style=\"font-size: 14pt;\">El funcionario de 48 a\u00f1os se identific\u00f3 como trabajador de la alcald\u00eda.<\/span><\/div>\n<div><\/div>\n<div><span style=\"font-size: 14pt;\">Los elementos policiacos informaron al detenido sus derechos constitucionales y lo presentaron ante el agente del ministerio p\u00fablico que determinar\u00e1 su situaci\u00f3n jur\u00eddica.<\/span><\/div>\n<div><\/div>\n<div><span style=\"font-size: 14pt;\">Se consult\u00f3 a la alcald\u00eda Gustavo A. Madero alguna postura al respecto, pero hasta el momento no ha dado respuesta respuesta.<\/span><\/div>\n","protected":false},"excerpt":{"rendered":"<p>Gerardo N\u00fa\u00f1ez Villa, director de Protecci\u00f3n Civil de la alcald\u00eda Gustavo A. Madero, fue detenido por elementos de la Secretar\u00eda<\/p>\n","protected":false},"author":4,"featured_media":41860,"comment_status":"closed","ping_status":"closed","sticky":false,"template":"","format":"standard","meta":{"colormag_page_container_layout":"default_layout","colormag_page_sidebar_layout":"default_layout","_jetpack_memberships_contains_paid_content":false,"footnotes":"","jetpack_publicize_message":"","jetpack_publicize_feature_enabled":true,"jetpack_social_post_already_shared":false,"jetpack_social_options":{"image_generator_settings":{"template":"highway","default_image_id":0,"font":"","enabled":false},"version":2}},"categories":[33],"tags":[],"class_list":["post-41859","post","type-post","status-publish","format-standard","has-post-thumbnail","hentry","category-nacional"],"jetpack_publicize_connections":[],"jetpack_featured_media_url":"https:\/\/i0.wp.com\/politicosaldesnudo.com.mx\/wp-content\/uploads\/2024\/07\/detienen-a-genaro-nunez-director-de-proteccion-civil-de-la-gam-por-violencia-familiar.jpg?fit=1280%2C720&ssl=1","jetpack-related-posts":[],"jetpack_sharing_enabled":true,"_links":{"self":[{"href":"https:\/\/politicosaldesnudo.com.mx\/index.php\/wp-json\/wp\/v2\/posts\/41859","targetHints":{"allow":["GET"]}}],"collection":[{"href":"https:\/\/politicosaldesnudo.com.mx\/index.php\/wp-json\/wp\/v2\/posts"}],"about":[{"href":"https:\/\/politicosaldesnudo.com.mx\/index.php\/wp-json\/wp\/v2\/types\/post"}],"author":[{"embeddable":true,"href":"https:\/\/politicosaldesnudo.com.mx\/index.php\/wp-json\/wp\/v2\/users\/4"}],"replies":[{"embeddable":true,"href":"https:\/\/politicosaldesnudo.com.mx\/index.php\/wp-json\/wp\/v2\/comments?post=41859"}],"version-history":[{"count":0,"href":"https:\/\/politicosaldesnudo.com.mx\/index.php\/wp-json\/wp\/v2\/posts\/41859\/revisions"}],"wp:featuredmedia":[{"embeddable":true,"href":"https:\/\/politicosaldesnudo.com.mx\/index.php\/wp-json\/wp\/v2\/media\/41860"}],"wp:attachment":[{"href":"https:\/\/politicosaldesnudo.com.mx\/index.php\/wp-json\/wp\/v2\/media?parent=41859"}],"wp:term":[{"taxonomy":"category","embeddable":true,"href":"https:\/\/politicosaldesnudo.com.mx\/index.php\/wp-json\/wp\/v2\/categories?post=41859"},{"taxonomy":"post_tag","embeddable":true,"href":"https:\/\/politicosaldesnudo.com.mx\/index.php\/wp-json\/wp\/v2\/tags?post=41859"}],"curies":[{"name":"wp","href":"https:\/\/api.w.org\/{rel}","templated":true}]}}