{"id":41907,"date":"2024-07-14T01:41:58","date_gmt":"2024-07-14T06:41:58","guid":{"rendered":"https:\/\/politicosaldesnudo.com.mx\/?p=41907"},"modified":"2024-07-14T01:41:58","modified_gmt":"2024-07-14T06:41:58","slug":"guardia-nacional-mato-a-una-nina-e-hirio-a-otro-en-carretera-slp-matehuala","status":"publish","type":"post","link":"https:\/\/politicosaldesnudo.com.mx\/index.php\/2024\/07\/14\/guardia-nacional-mato-a-una-nina-e-hirio-a-otro-en-carretera-slp-matehuala\/","title":{"rendered":"Guardia Nacional mat\u00f3 a una ni\u00f1a e hiri\u00f3 a otro en carretera SLP &#8211; Matehuala"},"content":{"rendered":"<div>\n<div id=\"content-body-225-12239974\">\n<p><span style=\"font-size: 14pt;\">Una peque\u00f1a falleci\u00f3 alcanzada por una bala\u00a0cuando el veh\u00edculo en el que viajaba por la carretera 57,\u00a0acompa\u00f1ada de su familia, en\u00a0una agresi\u00f3n que de momento se atribuye a oficiales de la Guardia Nacional; su hermano, tambi\u00e9n menor de edad, result\u00f3 herido.<\/span><\/p>\n<p><span style=\"font-size: 14pt;\">El incidente ocurri\u00f3 la madrugada de este s\u00e1bado, pero hasta la tarde ninguna autoridad hab\u00eda ofrecido alguna versi\u00f3n, por lo que no se ha establecido con exactitud si fue derivado de una bala perdida o una agresi\u00f3n deliberada contra el veh\u00edculo familiar, un Nissan Sentra, color rojo, con placas de circulaci\u00f3n XDD028C del estado de Tamaulipas.<\/span><\/p>\n<\/div>\n<\/div>\n<div>\n<div id=\"dfp-nota-1x3s\" data-google-query-id=\"CJ7_1qL1pYcDFUybpgQdTZQHtA\">\n<div id=\"google_ads_iframe_\/2000002\/la-prensa\/mexico_nota_1x3_0__container__\">\n<div id=\"inArticle_1\">\n<div>\n<div>\n<div>\n<div><span style=\"font-size: 14pt;\">La unidad se desplazaba por la citada carretera cuando en el kil\u00f3metro 62+900, a la altura del municipio de Villa Hidalgo, ocurrieron los hechos poco antes de las 03:00 horas.<\/span><\/div>\n<\/div>\n<\/div>\n<\/div>\n<\/div>\n<\/div>\n<\/div>\n<\/div>\n<article>\n<div id=\"content-body-5851641-12239974\">\n<p><span style=\"font-size: 14pt;\">La menor, quien contaba con 9 a\u00f1os de edad, fue identificada como Nohem\u00ed N. falleci\u00f3 antes de recibir auxilio\u00a0de una instituci\u00f3n de rescate cuyos param\u00e9dicos trasladaron a su hermano Sergio N. a recibir atenci\u00f3n m\u00e9dica; extraoficialmente, se inform\u00f3 que presenta una herida de bala en un brazo.\u00a0Sus padres, Patricia N. Y Herminio N, de 58 a\u00f1os, resultaron ilesos.<\/span><\/p>\n<p><span style=\"font-size: 14pt;\">Cabe citar que en el sitio de la tragedia qued\u00f3 abandonada la patrulla 24132 de la Guardia Nacional, lo que aliment\u00f3 versiones que los responsables de la agresi\u00f3n ser\u00edan elementos de esa corporaci\u00f3n; tambi\u00e9n extraoficialmente se report\u00f3 que la unidad oficial estaba a cargo de los suboficiales Roberto H. Y Guillermo L., de los que se ignora su paradero.<\/span><\/p>\n<p><span style=\"font-size: 14pt;\">FGR, la competente para investigar el hecho<\/span><\/p>\n<p><span style=\"font-size: 14pt;\">La\u00a0Fiscal\u00eda General del Estado (FGESLP)\u00a0inform\u00f3 cerca de las 7:00 pm del s\u00e1bado 13 de julio, que tom\u00f3 conocimiento por el fallecimiento de una menor de nueve a\u00f1os de edad en el municipio de Villa Hidalgo, San Luis Potos\u00ed, la madrugada de este 13 de julio de 2024.<\/span><\/p>\n<p><span style=\"font-size: 14pt;\">Detall\u00f3 que agentes de la\u00a0Polic\u00eda de Investigaci\u00f3n (PDI) y personal de la Vicefiscal\u00eda Cient\u00edfica\u00a0acudieron al sitio, en la carretera Matehuala a la altura de la comunidad San Lorenzo, donde se tom\u00f3 conocimiento del hecho de manera inicial.<\/span><\/p>\n<p><span style=\"font-size: 14pt;\">Asimismo, peritos de la FGESLP trasladaron el cuerpo de la menor al\u00a0Servicio M\u00e9dico Legal (SEMELE)\u00a0donde se realizar\u00e1 la necropsia de ley.<\/span><\/p>\n<p><span style=\"font-size: 14pt;\">Los datos de prueba recabados ser\u00e1n entregados a la Fiscal\u00eda General de la Rep\u00fablica (FGR)\u00a0por ser la autoridad competente en estos casos.<\/span><\/p>\n<\/div>\n<\/article>\n","protected":false},"excerpt":{"rendered":"<p>Una peque\u00f1a falleci\u00f3 alcanzada por una bala\u00a0cuando el veh\u00edculo en el que viajaba por la carretera 57,\u00a0acompa\u00f1ada de su familia,<\/p>\n","protected":false},"author":4,"featured_media":41908,"comment_status":"closed","ping_status":"closed","sticky":false,"template":"","format":"standard","meta":{"colormag_page_container_layout":"default_layout","colormag_page_sidebar_layout":"default_layout","_jetpack_memberships_contains_paid_content":false,"footnotes":"","jetpack_publicize_message":"","jetpack_publicize_feature_enabled":true,"jetpack_social_post_already_shared":false,"jetpack_social_options":{"image_generator_settings":{"template":"highway","default_image_id":0,"font":"","enabled":false},"version":2}},"categories":[33],"tags":[],"class_list":["post-41907","post","type-post","status-publish","format-standard","has-post-thumbnail","hentry","category-nacional"],"jetpack_publicize_connections":[],"jetpack_featured_media_url":"https:\/\/i0.wp.com\/politicosaldesnudo.com.mx\/wp-content\/uploads\/2024\/07\/0992a735-2881-419c-a886-32353f577e28.jpg?fit=400%2C250&ssl=1","jetpack-related-posts":[],"jetpack_sharing_enabled":true,"_links":{"self":[{"href":"https:\/\/politicosaldesnudo.com.mx\/index.php\/wp-json\/wp\/v2\/posts\/41907","targetHints":{"allow":["GET"]}}],"collection":[{"href":"https:\/\/politicosaldesnudo.com.mx\/index.php\/wp-json\/wp\/v2\/posts"}],"about":[{"href":"https:\/\/politicosaldesnudo.com.mx\/index.php\/wp-json\/wp\/v2\/types\/post"}],"author":[{"embeddable":true,"href":"https:\/\/politicosaldesnudo.com.mx\/index.php\/wp-json\/wp\/v2\/users\/4"}],"replies":[{"embeddable":true,"href":"https:\/\/politicosaldesnudo.com.mx\/index.php\/wp-json\/wp\/v2\/comments?post=41907"}],"version-history":[{"count":0,"href":"https:\/\/politicosaldesnudo.com.mx\/index.php\/wp-json\/wp\/v2\/posts\/41907\/revisions"}],"wp:featuredmedia":[{"embeddable":true,"href":"https:\/\/politicosaldesnudo.com.mx\/index.php\/wp-json\/wp\/v2\/media\/41908"}],"wp:attachment":[{"href":"https:\/\/politicosaldesnudo.com.mx\/index.php\/wp-json\/wp\/v2\/media?parent=41907"}],"wp:term":[{"taxonomy":"category","embeddable":true,"href":"https:\/\/politicosaldesnudo.com.mx\/index.php\/wp-json\/wp\/v2\/categories?post=41907"},{"taxonomy":"post_tag","embeddable":true,"href":"https:\/\/politicosaldesnudo.com.mx\/index.php\/wp-json\/wp\/v2\/tags?post=41907"}],"curies":[{"name":"wp","href":"https:\/\/api.w.org\/{rel}","templated":true}]}}