{"id":41910,"date":"2024-07-14T01:46:12","date_gmt":"2024-07-14T06:46:12","guid":{"rendered":"https:\/\/politicosaldesnudo.com.mx\/?p=41910"},"modified":"2024-07-14T01:46:12","modified_gmt":"2024-07-14T06:46:12","slug":"lluvias-no-han-ayudado-en-la-recuperacion-de-lago-de-cuitzeo-michoacan","status":"publish","type":"post","link":"https:\/\/politicosaldesnudo.com.mx\/index.php\/2024\/07\/14\/lluvias-no-han-ayudado-en-la-recuperacion-de-lago-de-cuitzeo-michoacan\/","title":{"rendered":"Lluvias no han ayudado en la recuperaci\u00f3n de lago de Cuitzeo, Michoac\u00e1n"},"content":{"rendered":"<div class=\"content-body clearfix \">\n<div id=\"content-body-225-12236384\">\n<p><span style=\"font-size: 14pt;\">La recuperaci\u00f3n del\u00a0<b>lago de Cuitzeo<\/b>\u00a0y de las tres presas de Michoac\u00e1n que alimentan al\u00a0<b>Sistema Cutzamala<\/b>\u00a0va lenta a pesar de las\u00a0<b>lluvias<\/b>\u00a0que cayeron en los \u00faltimos d\u00edas, asegur\u00f3 el director de la<b>\u00a0Comisi\u00f3n Estatal del Agua y Gesti\u00f3n de Cuencas (CEAC),<\/b>\u00a0Luis Roberto Arias Reyes.<\/span><\/p>\n<\/div>\n<\/div>\n<div class=\"advertisment \">\n<div id=\"dfp-nota-1x3s\" data-google-query-id=\"CKWE3eT2pYcDFX-JpgQdz8sL_A\">\n<div id=\"google_ads_iframe_\/2000002\/la-prensa\/mexico_nota_1x3_0__container__\"><span style=\"font-size: 14pt;\">El funcionario estatal inform\u00f3 a El Sol de Morelia que en el caso de <b>Cuitzeo<\/b>, en la parte oriente, hay un crecimiento de 10 a 15 cent\u00edmetros, mientras que la regi\u00f3n occidente, donde se ubica la parte m\u00e1s baja de la cuenca, el suelo \u00fanicamente est\u00e1 h\u00famedo debido a que tarda m\u00e1s en llenarse por sus condiciones geogr\u00e1ficas.<\/span><\/div>\n<\/div>\n<\/div>\n<article class=\"content-continued-body clearfix \">\n<div id=\"content-body-5851641-12236384\">\n<p><span style=\"font-size: 14pt;\">\u00abLa parte oriente que alimenta a los\u00a0<b>r\u00edos Chiquito y Grande,<\/b> de Morelia, tiene buena recuperaci\u00f3n porque ha llovido con abundancia. La parte occidental es la m\u00e1s complicada por las tolvaneras, pero ya se puede ver que est\u00e1 h\u00famedo. Tenemos esperanzas de que las lluvias nos ayuden\u00bb, extern\u00f3 el titular del CEAC.<\/span><\/p>\n<p><span style=\"font-size: 14pt;\">Arias Reyes explic\u00f3 que el<b>\u00a0lago de Cuitzeo\u00a0<\/b>cuenta con una superficie de casi 400 kil\u00f3metros cuadrados, el segundo m\u00e1s grande de M\u00e9xico,\u00a0<b>luego del de Chapala<\/b>, y que su recuperaci\u00f3n beneficiar\u00eda a los municipios de<b>\u00a0Acuitzio, \u00c1lvaro Obreg\u00f3n, Cop\u00e1ndaro, Cuitzeo, Charo, Chuc\u00e1ndiro, Huandacareo, Indaparapeo, Morelia, Quer\u00e9ndaro, Santa Ana Maya, Tar\u00edmbaro y Zinap\u00e9cuaro.<\/b><\/span><\/p>\n<p><span style=\"font-size: 14pt;\">El responsable de la CEAC coment\u00f3 que en el oriente del estado, donde se encuentran las tres presas y el ducto que abastecen de agua al\u00a0<b>Sistema Cutzamala<\/b>, tambi\u00e9n se registraron grandes precipitaciones pluviales, sin embargo, aclar\u00f3 que son insuficientes para aumentar su capacidad.<\/span><\/p>\n<p><span style=\"font-size: 14pt;\">\u00abEn esa zona ha llovido poquito m\u00e1s pero como el\u00a0<b>Sistema Cutzamala<\/b>\u00a0sigue trabajando, estas presas con\u00a0<b>poquita lluvia\u00a0<\/b>siguen sin recuperarse. Ser\u00e1 en los pr\u00f3ximos dos meses cuando se establezca bien la temporada que podremos ver un aumento en el nivel\u00bb, precis\u00f3 Arias Reyes.<\/span><\/p>\n<p><span style=\"font-size: 14pt;\">El funcionario indic\u00f3 que actualmente <b>la presa El Bosque<\/b>\u00a0tiene un almacenamiento de 34 por ciento tras la<b>s lluvias<\/b>\u00a0que dejaron cerca de\u00a0<b>27 mil\u00edmetros diarios<\/b>. Mientras que las subcuencas de Agostitl\u00e1n, Pucuato y el ducto Tuxpan su llenado es de s\u00f3lo 20 por ciento.<\/span><\/p>\n<p><span style=\"font-size: 14pt;\">\u201cLa\u00a0<b>presa El Bosque<\/b>\u00a0es la segunda entre las tres m\u00e1s grandes que suministran del vital l\u00edquido al\u00a0<b>Cutzamala<\/b>. En \u00e9sta se bombea cerca de 25 por ciento del agua potable para los estados que se encuentran dentro del Valle de M\u00e9xico\u201d, destac\u00f3 Arias Reyes.<\/span><\/p>\n<p><span style=\"font-size: 14pt;\">El director del\u00a0<b>CEAC<\/b>\u00a0resalt\u00f3 que recientemente hay un acercamiento con autoridades ambientales de la Ciudad de M\u00e9xico y el Estado de M\u00e9xico para actuar ante los problemas que tiene la cuenca del\u00a0<b>Cutzamala en Michoac\u00e1n<\/b> y garantizar que en la pr\u00f3xima temporada de estiaje no se presente una crisis h\u00eddrica.<\/span><\/p>\n<p><span style=\"font-size: 14pt;\">\u00abPor primera vez, desde los a\u00f1os 80, se le toma atenci\u00f3n a los problemas del <b>Cutzamala en Michoac\u00e1n.<\/b>\u00a0Tienen un plan para que ya no se utilicen tanto las<b>\u00a0aguas\u00a0<\/b>de la entidad\u00bb, manifest\u00f3 el funcionario.<\/span><\/p>\n<p><span style=\"font-size: 14pt;\">SE AFECT\u00d3 LA PRODUCCI\u00d3N DE CHARAL<\/span><\/p>\n<p><span style=\"font-size: 14pt;\">Por otro lado, Ram\u00f3n Hern\u00e1ndez Orozco, titular de la Comisi\u00f3n de Pesca (Compesca), afirm\u00f3 que la sequ\u00eda en el lago de Cuitzeo provoc\u00f3 que este a\u00f1o no se produjera charal, situaci\u00f3n grave para la poblaci\u00f3n ya que ese municipio es el mayor productor de dicho pez.<\/span><\/p>\n<p><span style=\"font-size: 14pt;\">El funcionario asegur\u00f3 que al a\u00f1o,\u00a0<b>Cuitzeo<\/b>\u00a0generaba 10 mil toneladas de charal, sin embargo, durante en los \u00faltimos meses los pescadores interrumpieron su actividad ante la falta de<b>\u00a0agua\u00a0<\/b>en el lago, considerado en m\u00e1s grande de Latinoam\u00e9rica.<\/span><\/p>\n<p><span style=\"font-size: 14pt;\">\u00abLos pobladores ya no est\u00e1n dedicados a la actividad pesquera.\u00a0<b>Cuitzeo<\/b>\u00a0era el m\u00e1s productor de charal, pero por la sequ\u00eda s\u00f3lo hay agua en la zona de Guanajuato\u00bb, coment\u00f3 Hern\u00e1ndez Orozco.<\/span><\/p>\n<p><span style=\"font-size: 14pt;\">El titular de la Compesca dijo que el agua del\u00a0<b>lago de Cuitzeo<\/b>\u00a0es de 10 o 20 por ciento, lo que tambi\u00e9n afect\u00f3 a los artesanos: \u00abLo que es la plaga acu\u00e1tica, que es el carrizo y la chuspata, que ocupaban para las artesan\u00edas, ahora con la sequ\u00eda ni eso se produjo\u00bb. Con informaci\u00f3n de Gabierla Serralde<\/span><\/p>\n<\/div>\n<\/article>\n","protected":false},"excerpt":{"rendered":"<p>La recuperaci\u00f3n del\u00a0lago de Cuitzeo\u00a0y de las tres presas de Michoac\u00e1n que alimentan al\u00a0Sistema Cutzamala\u00a0va lenta a pesar de las\u00a0lluvias\u00a0que<\/p>\n","protected":false},"author":4,"featured_media":41911,"comment_status":"closed","ping_status":"closed","sticky":false,"template":"","format":"standard","meta":{"colormag_page_container_layout":"default_layout","colormag_page_sidebar_layout":"default_layout","_jetpack_memberships_contains_paid_content":false,"footnotes":"","jetpack_publicize_message":"","jetpack_publicize_feature_enabled":true,"jetpack_social_post_already_shared":false,"jetpack_social_options":{"image_generator_settings":{"template":"highway","default_image_id":0,"font":"","enabled":false},"version":2}},"categories":[33],"tags":[],"class_list":["post-41910","post","type-post","status-publish","format-standard","has-post-thumbnail","hentry","category-nacional"],"jetpack_publicize_connections":[],"jetpack_featured_media_url":"https:\/\/i0.wp.com\/politicosaldesnudo.com.mx\/wp-content\/uploads\/2024\/07\/LAgo-Cuitzeo.jpg?fit=960%2C599&ssl=1","jetpack-related-posts":[],"jetpack_sharing_enabled":true,"_links":{"self":[{"href":"https:\/\/politicosaldesnudo.com.mx\/index.php\/wp-json\/wp\/v2\/posts\/41910","targetHints":{"allow":["GET"]}}],"collection":[{"href":"https:\/\/politicosaldesnudo.com.mx\/index.php\/wp-json\/wp\/v2\/posts"}],"about":[{"href":"https:\/\/politicosaldesnudo.com.mx\/index.php\/wp-json\/wp\/v2\/types\/post"}],"author":[{"embeddable":true,"href":"https:\/\/politicosaldesnudo.com.mx\/index.php\/wp-json\/wp\/v2\/users\/4"}],"replies":[{"embeddable":true,"href":"https:\/\/politicosaldesnudo.com.mx\/index.php\/wp-json\/wp\/v2\/comments?post=41910"}],"version-history":[{"count":0,"href":"https:\/\/politicosaldesnudo.com.mx\/index.php\/wp-json\/wp\/v2\/posts\/41910\/revisions"}],"wp:featuredmedia":[{"embeddable":true,"href":"https:\/\/politicosaldesnudo.com.mx\/index.php\/wp-json\/wp\/v2\/media\/41911"}],"wp:attachment":[{"href":"https:\/\/politicosaldesnudo.com.mx\/index.php\/wp-json\/wp\/v2\/media?parent=41910"}],"wp:term":[{"taxonomy":"category","embeddable":true,"href":"https:\/\/politicosaldesnudo.com.mx\/index.php\/wp-json\/wp\/v2\/categories?post=41910"},{"taxonomy":"post_tag","embeddable":true,"href":"https:\/\/politicosaldesnudo.com.mx\/index.php\/wp-json\/wp\/v2\/tags?post=41910"}],"curies":[{"name":"wp","href":"https:\/\/api.w.org\/{rel}","templated":true}]}}