{"id":41913,"date":"2024-07-14T01:57:09","date_gmt":"2024-07-14T06:57:09","guid":{"rendered":"https:\/\/politicosaldesnudo.com.mx\/?p=41913"},"modified":"2024-07-14T01:57:09","modified_gmt":"2024-07-14T06:57:09","slug":"nunca-me-llamaron-madre-buscadora-denuncia-que-tardaron-meses-en-entregarle-cuerpo-de-su-hijo","status":"publish","type":"post","link":"https:\/\/politicosaldesnudo.com.mx\/index.php\/2024\/07\/14\/nunca-me-llamaron-madre-buscadora-denuncia-que-tardaron-meses-en-entregarle-cuerpo-de-su-hijo\/","title":{"rendered":"\u00abNunca me llamaron\u00bb: madre buscadora denuncia que tardaron meses en entregarle cuerpo de su hijo"},"content":{"rendered":"<div>\n<div id=\"content-body-225-12236147\">\n<p><span style=\"font-size: 14pt;\">En un foro celebrado este jueves en la Legislatura del Estado de Zacatecas, una\u00a0madre buscadora denunci\u00f3\u00a0que el\u00a0Servicio M\u00e9dico Forense\u00a0(Semefo), dependiente de la Fiscal\u00eda General de Justicia del Estado,\u00a0tard\u00f3 ocho meses en entregarle el cuerpo de su hijo de 21 a\u00f1os,\u00a0desaparecido desde noviembre.\u00a0Su cuerpo hab\u00eda ingresado al Semefo ese mismo mes.<\/span><\/p>\n<p><span style=\"font-size: 14pt;\">Virginia de la Cruz, madre del joven,\u00a0aprovech\u00f3 el foro de consulta ciudadana\u00a0sobre la reforma al Instituto de Seguridad y Servicios Sociales de los Trabajadores del Estado de Zacatecas (Issstezac)\u00a0para expresar su denuncia, aunque el tema del foro era diferente. Se\u00f1al\u00f3 que\u00a0hab\u00eda intentado sin \u00e9xito ser escuchada por diputados y el gobernador David Monreal.<\/span><\/p>\n<\/div>\n<\/div>\n<div><span style=\"font-size: 14pt;\">Con l\u00e1grimas y evidente indignaci\u00f3n, Virginia relat\u00f3 que\u00a0su hijo desapareci\u00f3 el 2 de noviembre, y tras denunciar su desaparici\u00f3n,\u00a0acudi\u00f3 al Semefo, donde dej\u00f3 sus datos y se someti\u00f3 a estudios de ADN para identificar y reclamar el cuerpo de su hijo. A pesar de sus repetidas visitas al Semefo en busca de informaci\u00f3n,\u00a0no fue hasta la semana pasada que se enter\u00f3 de que el cuerpo de su hijo hab\u00eda ingresado a ese lugar desde el 30 de noviembre.<\/span><\/div>\n<article>\n<div id=\"content-body-5851641-12236147\">\n<p><span style=\"font-size: 14pt;\">\u00abMi hijo ha estado en el Semefo desde el 30 de noviembre. Ten\u00edan toda la informaci\u00f3n para localizarme: ADN, direcci\u00f3n, todo. Pero\u00a0nunca me llamaron. Yo segu\u00ed insistiendo, preguntando por mi hijo, y\u00a0nunca me dieron raz\u00f3n\u00bb, denunci\u00f3 Virginia entre l\u00e1grimas y gritos. \u00abMi hijo no se drogaba, trabajaba decentemente. \u00bfPor qu\u00e9 nos tratan as\u00ed? \u00bfCu\u00e1ntas madres buscadoras est\u00e1n en la misma situaci\u00f3n, arriesgando sus vidas mientras ustedes no hacen nada?\u00bb.<\/span><\/p>\n<p><span style=\"font-size: 14pt;\">Madre buscadora y ex polic\u00eda<\/span><\/p>\n<p><span style=\"font-size: 14pt;\">Virginia de la Cruz trabaj\u00f3 25 a\u00f1os como polic\u00eda preventiva en el municipio. \u00abSal\u00eda con mi uniforme orgullosa y la gente me respetaba.\u00a0S\u00e9 c\u00f3mo se trabaja en esto, pero ahora todo es corrupci\u00f3n. Solo les interesa el dinero mientras las familias est\u00e1n destrozadas\u00bb, lament\u00f3.<\/span><\/p>\n<p><span style=\"font-size: 14pt;\">Virginia mencion\u00f3 que\u00a0no tiene dinero ni para el novenario de su hijo, quien apenas fue sepultado,\u00a0ni para su propio tratamiento m\u00e9dico, agravado desde la desaparici\u00f3n de su hijo.<\/span><\/p>\n<p><span style=\"font-size: 14pt;\">La\u00a0Fiscal\u00eda General de Justicia del Estado\u00a0inform\u00f3 en un comunicado que\u00a0ha iniciado las investigaciones pertinentes para esclarecer lo sucedido\u00a0y, de encontrar responsabilidad u omisi\u00f3n, sancionar a los servidores p\u00fablicos implicados.<\/span><\/p>\n<p><span style=\"font-size: 14pt;\">Hay 952 cad\u00e1veres sin identificar<\/span><\/p>\n<p><span style=\"font-size: 14pt;\">En junio, la Fiscal\u00eda report\u00f3 952 cad\u00e1veres sin identificar en el Semefo, algunos ya inhumados en fosas comunes. De los cuatro panteones forenses en la entidad, el de \u00abLa Resurrecci\u00f3n\u00bb en Fresnillo alberga el 58% de los cuerpos, y el resto est\u00e1n en los panteones de Guadalupe, \u00abJardines del Recuerdo\u00bb en Zacatecas, y el municipal de Jerez.<\/span><\/p>\n<p><span style=\"font-size: 14pt;\">Seg\u00fan la Plataforma Nacional de Transparencia,\u00a0una de las cuatro c\u00e1maras fr\u00edas de la Fiscal\u00eda (c\u00e1mara fr\u00eda 1 en Zacatecas) estaba sobrecargada con 147 cuerpos, superando su capacidad de 100. Las otras c\u00e1maras fr\u00edas ten\u00edan capacidades variables:\u00a0la n\u00famero uno de Fresnillo estaba vac\u00eda, la n\u00famero dos de Fresnillo ten\u00eda 34 cuerpos y la n\u00famero dos de Zacatecas estaba al 88% de su capacidad con 44 cuerpos.<\/span><\/p>\n<\/div>\n<\/article>\n","protected":false},"excerpt":{"rendered":"<p>En un foro celebrado este jueves en la Legislatura del Estado de Zacatecas, una\u00a0madre buscadora denunci\u00f3\u00a0que el\u00a0Servicio M\u00e9dico Forense\u00a0(Semefo), dependiente<\/p>\n","protected":false},"author":4,"featured_media":41914,"comment_status":"closed","ping_status":"closed","sticky":false,"template":"","format":"standard","meta":{"colormag_page_container_layout":"default_layout","colormag_page_sidebar_layout":"default_layout","_jetpack_memberships_contains_paid_content":false,"footnotes":"","jetpack_publicize_message":"","jetpack_publicize_feature_enabled":true,"jetpack_social_post_already_shared":false,"jetpack_social_options":{"image_generator_settings":{"template":"highway","default_image_id":0,"font":"","enabled":false},"version":2}},"categories":[33],"tags":[],"class_list":["post-41913","post","type-post","status-publish","format-standard","has-post-thumbnail","hentry","category-nacional"],"jetpack_publicize_connections":[],"jetpack_featured_media_url":"https:\/\/i0.wp.com\/politicosaldesnudo.com.mx\/wp-content\/uploads\/2024\/07\/0.jpg?fit=400%2C250&ssl=1","jetpack-related-posts":[],"jetpack_sharing_enabled":true,"_links":{"self":[{"href":"https:\/\/politicosaldesnudo.com.mx\/index.php\/wp-json\/wp\/v2\/posts\/41913","targetHints":{"allow":["GET"]}}],"collection":[{"href":"https:\/\/politicosaldesnudo.com.mx\/index.php\/wp-json\/wp\/v2\/posts"}],"about":[{"href":"https:\/\/politicosaldesnudo.com.mx\/index.php\/wp-json\/wp\/v2\/types\/post"}],"author":[{"embeddable":true,"href":"https:\/\/politicosaldesnudo.com.mx\/index.php\/wp-json\/wp\/v2\/users\/4"}],"replies":[{"embeddable":true,"href":"https:\/\/politicosaldesnudo.com.mx\/index.php\/wp-json\/wp\/v2\/comments?post=41913"}],"version-history":[{"count":0,"href":"https:\/\/politicosaldesnudo.com.mx\/index.php\/wp-json\/wp\/v2\/posts\/41913\/revisions"}],"wp:featuredmedia":[{"embeddable":true,"href":"https:\/\/politicosaldesnudo.com.mx\/index.php\/wp-json\/wp\/v2\/media\/41914"}],"wp:attachment":[{"href":"https:\/\/politicosaldesnudo.com.mx\/index.php\/wp-json\/wp\/v2\/media?parent=41913"}],"wp:term":[{"taxonomy":"category","embeddable":true,"href":"https:\/\/politicosaldesnudo.com.mx\/index.php\/wp-json\/wp\/v2\/categories?post=41913"},{"taxonomy":"post_tag","embeddable":true,"href":"https:\/\/politicosaldesnudo.com.mx\/index.php\/wp-json\/wp\/v2\/tags?post=41913"}],"curies":[{"name":"wp","href":"https:\/\/api.w.org\/{rel}","templated":true}]}}