{"id":41927,"date":"2024-07-14T02:08:32","date_gmt":"2024-07-14T07:08:32","guid":{"rendered":"https:\/\/politicosaldesnudo.com.mx\/?p=41927"},"modified":"2024-07-14T02:08:32","modified_gmt":"2024-07-14T07:08:32","slug":"local-queda-en-cenizas-tras-incendio","status":"publish","type":"post","link":"https:\/\/politicosaldesnudo.com.mx\/index.php\/2024\/07\/14\/local-queda-en-cenizas-tras-incendio\/","title":{"rendered":"Local queda en cenizas tras incendio"},"content":{"rendered":"<p><span style=\"font-size: 14pt;\">La tarde de este viernes se registr\u00f3 el incendio de un local comercial que termin\u00f3 en totales cenizas, los hechos ocurrieron sobre avenida Independencia frente a conocida funeraria del municipio de \u00c1lamo Temapache.<\/span><\/p>\n<p><span style=\"font-size: 14pt;\">El incidente fue reportado a los cuerpos de emergencia de dicho municipio, acudiendo elementos de Protecci\u00f3n Civil y Bomberos a atender el llamado y hacer labores para sofocar el fuego, sin embargo, debido al tipo de material como hules y aceites para motor y material el\u00e9ctrico y tanques de gas las llamas consumieron todo de manera inmediata\u00a0<\/span><\/p>\n<p><span style=\"font-size: 14pt;\">Al lugar tambi\u00e9n arribaron elementos de la Polic\u00eda municipal y estatal, m\u00e1s tarde arrib\u00f3 personal de la Fiscal\u00eda del Estado para determinar la situaci\u00f3n de lo ocurrido mediante peritaje y las investigaciones correspondientes.<\/span><\/p>\n","protected":false},"excerpt":{"rendered":"<p>La tarde de este viernes se registr\u00f3 el incendio de un local comercial que termin\u00f3 en totales cenizas, los hechos<\/p>\n","protected":false},"author":4,"featured_media":41928,"comment_status":"closed","ping_status":"closed","sticky":false,"template":"","format":"standard","meta":{"colormag_page_container_layout":"default_layout","colormag_page_sidebar_layout":"default_layout","_jetpack_memberships_contains_paid_content":false,"footnotes":"","jetpack_publicize_message":"","jetpack_publicize_feature_enabled":true,"jetpack_social_post_already_shared":false,"jetpack_social_options":{"image_generator_settings":{"template":"highway","default_image_id":0,"font":"","enabled":false},"version":2}},"categories":[1082],"tags":[],"class_list":["post-41927","post","type-post","status-publish","format-standard","has-post-thumbnail","hentry","category-tuxpan"],"jetpack_publicize_connections":[],"jetpack_featured_media_url":"https:\/\/i0.wp.com\/politicosaldesnudo.com.mx\/wp-content\/uploads\/2024\/07\/local-queda-en-cenizas-tras-incendio-534269.jpg?fit=800%2C600&ssl=1","jetpack-related-posts":[],"jetpack_sharing_enabled":true,"_links":{"self":[{"href":"https:\/\/politicosaldesnudo.com.mx\/index.php\/wp-json\/wp\/v2\/posts\/41927","targetHints":{"allow":["GET"]}}],"collection":[{"href":"https:\/\/politicosaldesnudo.com.mx\/index.php\/wp-json\/wp\/v2\/posts"}],"about":[{"href":"https:\/\/politicosaldesnudo.com.mx\/index.php\/wp-json\/wp\/v2\/types\/post"}],"author":[{"embeddable":true,"href":"https:\/\/politicosaldesnudo.com.mx\/index.php\/wp-json\/wp\/v2\/users\/4"}],"replies":[{"embeddable":true,"href":"https:\/\/politicosaldesnudo.com.mx\/index.php\/wp-json\/wp\/v2\/comments?post=41927"}],"version-history":[{"count":0,"href":"https:\/\/politicosaldesnudo.com.mx\/index.php\/wp-json\/wp\/v2\/posts\/41927\/revisions"}],"wp:featuredmedia":[{"embeddable":true,"href":"https:\/\/politicosaldesnudo.com.mx\/index.php\/wp-json\/wp\/v2\/media\/41928"}],"wp:attachment":[{"href":"https:\/\/politicosaldesnudo.com.mx\/index.php\/wp-json\/wp\/v2\/media?parent=41927"}],"wp:term":[{"taxonomy":"category","embeddable":true,"href":"https:\/\/politicosaldesnudo.com.mx\/index.php\/wp-json\/wp\/v2\/categories?post=41927"},{"taxonomy":"post_tag","embeddable":true,"href":"https:\/\/politicosaldesnudo.com.mx\/index.php\/wp-json\/wp\/v2\/tags?post=41927"}],"curies":[{"name":"wp","href":"https:\/\/api.w.org\/{rel}","templated":true}]}}