{"id":41930,"date":"2024-07-14T02:09:35","date_gmt":"2024-07-14T07:09:35","guid":{"rendered":"https:\/\/politicosaldesnudo.com.mx\/?p=41930"},"modified":"2024-07-14T02:09:35","modified_gmt":"2024-07-14T07:09:35","slug":"se-mantiene-tiempo-inestable-en-veracruz","status":"publish","type":"post","link":"https:\/\/politicosaldesnudo.com.mx\/index.php\/2024\/07\/14\/se-mantiene-tiempo-inestable-en-veracruz\/","title":{"rendered":"Se mantiene tiempo inestable en Veracruz"},"content":{"rendered":"<p><span style=\"font-size: 14pt;\">Las condiciones para lluvia con algunas tormentas en el estado de Veracruz continuar\u00e1n presentes durante este s\u00e1bado y domingo, concentr\u00e1ndose las m\u00e1s importantes en regiones monta\u00f1osas y porci\u00f3n sur del estado, los valores de la temperatura m\u00e1xima aumentan ligeramente en comparaci\u00f3n al d\u00eda de ayer y seguir\u00e1 dominando viento del Norte, Noreste y Este de 20 a 35 km\/h con rachas en \u00e1reas de tormenta.<\/span><\/p>\n<p><span style=\"font-size: 14pt;\">En tanto, el eje de la onda tropical n\u00famero 9 se analiza esta ma\u00f1ana sobre y al sur de Oaxaca, adicionalmente se combina con una vaguada en el suroeste del Golfo de M\u00e9xico, mientras tanto en la atm\u00f3sfera alta las condiciones son propicias para que se mantenga el tiempo inestable en el estado de Veracruz con potencial de lluvias y tormentas matutinas en llanura y costa.<\/span><\/p>\n<p><span style=\"font-size: 14pt;\">Se recomienda continuar con las precauciones ante la ocurrencia de: deslaves, derrumbes, deslizamientos, crecida de r\u00edos y arroyos, inundaciones por exceso de lluvia y seguir las instrucciones de las autoridades de Protecci\u00f3n Civil.\u00a0<\/span><\/p>\n","protected":false},"excerpt":{"rendered":"<p>Las condiciones para lluvia con algunas tormentas en el estado de Veracruz continuar\u00e1n presentes durante este s\u00e1bado y domingo, concentr\u00e1ndose<\/p>\n","protected":false},"author":4,"featured_media":41931,"comment_status":"closed","ping_status":"closed","sticky":false,"template":"","format":"standard","meta":{"colormag_page_container_layout":"default_layout","colormag_page_sidebar_layout":"default_layout","_jetpack_memberships_contains_paid_content":false,"footnotes":"","jetpack_publicize_message":"","jetpack_publicize_feature_enabled":true,"jetpack_social_post_already_shared":false,"jetpack_social_options":{"image_generator_settings":{"template":"highway","default_image_id":0,"font":"","enabled":false},"version":2}},"categories":[1082],"tags":[],"class_list":["post-41930","post","type-post","status-publish","format-standard","has-post-thumbnail","hentry","category-tuxpan"],"jetpack_publicize_connections":[],"jetpack_featured_media_url":"https:\/\/i0.wp.com\/politicosaldesnudo.com.mx\/wp-content\/uploads\/2024\/07\/se-mantiene-tiempo-inestable-en-veracruz-534267.jpg?fit=800%2C600&ssl=1","jetpack-related-posts":[],"jetpack_sharing_enabled":true,"_links":{"self":[{"href":"https:\/\/politicosaldesnudo.com.mx\/index.php\/wp-json\/wp\/v2\/posts\/41930","targetHints":{"allow":["GET"]}}],"collection":[{"href":"https:\/\/politicosaldesnudo.com.mx\/index.php\/wp-json\/wp\/v2\/posts"}],"about":[{"href":"https:\/\/politicosaldesnudo.com.mx\/index.php\/wp-json\/wp\/v2\/types\/post"}],"author":[{"embeddable":true,"href":"https:\/\/politicosaldesnudo.com.mx\/index.php\/wp-json\/wp\/v2\/users\/4"}],"replies":[{"embeddable":true,"href":"https:\/\/politicosaldesnudo.com.mx\/index.php\/wp-json\/wp\/v2\/comments?post=41930"}],"version-history":[{"count":0,"href":"https:\/\/politicosaldesnudo.com.mx\/index.php\/wp-json\/wp\/v2\/posts\/41930\/revisions"}],"wp:featuredmedia":[{"embeddable":true,"href":"https:\/\/politicosaldesnudo.com.mx\/index.php\/wp-json\/wp\/v2\/media\/41931"}],"wp:attachment":[{"href":"https:\/\/politicosaldesnudo.com.mx\/index.php\/wp-json\/wp\/v2\/media?parent=41930"}],"wp:term":[{"taxonomy":"category","embeddable":true,"href":"https:\/\/politicosaldesnudo.com.mx\/index.php\/wp-json\/wp\/v2\/categories?post=41930"},{"taxonomy":"post_tag","embeddable":true,"href":"https:\/\/politicosaldesnudo.com.mx\/index.php\/wp-json\/wp\/v2\/tags?post=41930"}],"curies":[{"name":"wp","href":"https:\/\/api.w.org\/{rel}","templated":true}]}}