{"id":41938,"date":"2024-07-15T07:55:07","date_gmt":"2024-07-15T12:55:07","guid":{"rendered":"https:\/\/politicosaldesnudo.com.mx\/?p=41938"},"modified":"2024-07-15T07:55:07","modified_gmt":"2024-07-15T12:55:07","slug":"tuxpan-dio-una-gran-bienvenida-a-rocio-nahle","status":"publish","type":"post","link":"https:\/\/politicosaldesnudo.com.mx\/index.php\/2024\/07\/15\/tuxpan-dio-una-gran-bienvenida-a-rocio-nahle\/","title":{"rendered":"Tuxpan dio una gran bienvenida a Roc\u00edo Nahle"},"content":{"rendered":"<ul>\n<li><span style=\"font-size: 14pt;\"><em><strong>*Alcalde Jos\u00e9 Manuel Pozos destac\u00f3 que este es un d\u00eda hist\u00f3rico para Tuxpan, por recibir a la primera mujer gobernadora y a la m\u00e1s votada en la historia de Veracruz.<\/strong><\/em><\/span><\/li>\n<\/ul>\n<p><span style=\"font-size: 14pt;\">\u201cHoy es un d\u00eda hist\u00f3rico para Tuxpan, porque est\u00e1 con nosotros la primera mujer gobernadora y las votada en la historia del Estado de Veracruz\u201d, dijo el presidente municipal Jos\u00e9 Manuel Pozos Castro, al dar la bienvenida a Roc\u00edo Nahle, gobernadora electa del estado de Veracruz.<\/span><\/p>\n<p><span style=\"font-size: 14pt;\">Ante miles de personas reunidas en la Plaza C\u00edvica, el alcalde destac\u00f3 que esta \u201cGira de Agradecimiento\u201d nos confirma que Roc\u00edo Nahle ser\u00e1 una gobernadora de territorio y no de escritorio. \u201cEso quiere decir que la vamos a tener muy seguido en Tuxpan\u201d, reiter\u00f3.<\/span><\/p>\n<p><span style=\"font-size: 14pt;\">Jos\u00e9 Manuel Pozos expres\u00f3 que la gobernadora electa nos ha demostrado permanente el cari\u00f1o que le tiene a Tuxpan y eso es motivo de mucho orgullo.<\/span><\/p>\n<p><span style=\"font-size: 14pt;\">Cuando fue secretaria de Energ\u00eda apoy\u00f3 con proyectos energ\u00e9ticos como la nueva Central de Ciclo Combinado, que est\u00e1 en construcci\u00f3n, generando miles de empleos.<\/span><\/p>\n<p><span style=\"font-size: 14pt;\">Su respaldo fue determinante para que trabajadores especialistas tuxpe\u00f1os laboraran en las obras de construcci\u00f3n de la Refiner\u00eda Olmeca, en Dos Bocas, Tabasco.<\/span><\/p>\n<p><span style=\"font-size: 14pt;\">El nuevo alumbrado de Tuxpan tambi\u00e9n es resultado del apoyo de Roc\u00edo Nahle, pero adem\u00e1s, pr\u00f3ximamente se habr\u00e1n de instalar m\u00e1s de 5,500 luminarias en las comunidades rurales.<\/span><\/p>\n<p><span style=\"font-size: 14pt;\">\u201cDe la mano de nuestra Gobernadora Roc\u00edo Nahle Garc\u00eda y de nuestra Presidenta Claudia Sheinbaum, a Tuxpan le ir\u00e1 muy bien\u201d, reafirm\u00f3 el presidente municipal.<\/span><\/p>\n<p><span style=\"font-size: 14pt;\">Durante su intervenci\u00f3n la gobernadora electa Roc\u00edo Nahle Garc\u00eda, dio a conocer que est\u00e1 realizando un recorrido por las 30 cabeceras municipales, a fin de integrar el plan veracruzano de desarrollo. <\/span><br \/>\n<span style=\"font-size: 14pt;\">\u201cYo estoy conformando el plan Estatal de desarrollo, ustedes recordar\u00e1n que hicimos una campa\u00f1a con 8 ejes de trabajo y 81 compromisos. Pero la gente me da opiniones tiene proyectos, solicitudes y hay que escucharla, para eso estamos\u201d. <\/span><br \/>\n<span style=\"font-size: 14pt;\">A\u00f1adi\u00f3 que \u201cen Veracruz inici\u00f3 la transformaci\u00f3n y en este gobierno que me va a tocar dirigir tengo que acelerar la transformaci\u00f3n que ya est\u00e1 en marcha y lo vamos a hacer compa\u00f1eros\u201d.<\/span><br \/>\n<span style=\"font-size: 14pt;\">En este encuentro se instalaron mesas de atenci\u00f3n con la presencia de los futuros secretarios de estado, mismos que previamente fueron presentados.<\/span><br \/>\n<span style=\"font-size: 14pt;\">En el pres\u00eddium tambi\u00e9n estuvieron Yazm\u00edn Ugalde Colunga y los diputados electos, Francisco Javier Vel\u00e1zquez Vallejo y Daniel Cortina Mart\u00ednez<\/span><\/p>\n","protected":false},"excerpt":{"rendered":"<p>*Alcalde Jos\u00e9 Manuel Pozos destac\u00f3 que este es un d\u00eda hist\u00f3rico para Tuxpan, por recibir a la primera mujer gobernadora<\/p>\n","protected":false},"author":4,"featured_media":41939,"comment_status":"closed","ping_status":"closed","sticky":false,"template":"","format":"standard","meta":{"colormag_page_container_layout":"default_layout","colormag_page_sidebar_layout":"default_layout","_jetpack_memberships_contains_paid_content":false,"footnotes":"","jetpack_publicize_message":"","jetpack_publicize_feature_enabled":true,"jetpack_social_post_already_shared":false,"jetpack_social_options":{"image_generator_settings":{"template":"highway","default_image_id":0,"font":"","enabled":false},"version":2}},"categories":[3205,1082],"tags":[],"class_list":["post-41938","post","type-post","status-publish","format-standard","has-post-thumbnail","hentry","category-gobierno-tuxpan","category-tuxpan"],"jetpack_publicize_connections":[],"jetpack_featured_media_url":"https:\/\/i0.wp.com\/politicosaldesnudo.com.mx\/wp-content\/uploads\/2024\/07\/a2d3bddf-5f9f-4bfe-b4d6-ba86700f7a37.jpg?fit=1280%2C720&ssl=1","jetpack-related-posts":[],"jetpack_sharing_enabled":true,"_links":{"self":[{"href":"https:\/\/politicosaldesnudo.com.mx\/index.php\/wp-json\/wp\/v2\/posts\/41938","targetHints":{"allow":["GET"]}}],"collection":[{"href":"https:\/\/politicosaldesnudo.com.mx\/index.php\/wp-json\/wp\/v2\/posts"}],"about":[{"href":"https:\/\/politicosaldesnudo.com.mx\/index.php\/wp-json\/wp\/v2\/types\/post"}],"author":[{"embeddable":true,"href":"https:\/\/politicosaldesnudo.com.mx\/index.php\/wp-json\/wp\/v2\/users\/4"}],"replies":[{"embeddable":true,"href":"https:\/\/politicosaldesnudo.com.mx\/index.php\/wp-json\/wp\/v2\/comments?post=41938"}],"version-history":[{"count":0,"href":"https:\/\/politicosaldesnudo.com.mx\/index.php\/wp-json\/wp\/v2\/posts\/41938\/revisions"}],"wp:featuredmedia":[{"embeddable":true,"href":"https:\/\/politicosaldesnudo.com.mx\/index.php\/wp-json\/wp\/v2\/media\/41939"}],"wp:attachment":[{"href":"https:\/\/politicosaldesnudo.com.mx\/index.php\/wp-json\/wp\/v2\/media?parent=41938"}],"wp:term":[{"taxonomy":"category","embeddable":true,"href":"https:\/\/politicosaldesnudo.com.mx\/index.php\/wp-json\/wp\/v2\/categories?post=41938"},{"taxonomy":"post_tag","embeddable":true,"href":"https:\/\/politicosaldesnudo.com.mx\/index.php\/wp-json\/wp\/v2\/tags?post=41938"}],"curies":[{"name":"wp","href":"https:\/\/api.w.org\/{rel}","templated":true}]}}