{"id":41961,"date":"2024-07-15T08:14:03","date_gmt":"2024-07-15T13:14:03","guid":{"rendered":"https:\/\/politicosaldesnudo.com.mx\/?p=41961"},"modified":"2024-07-15T08:14:03","modified_gmt":"2024-07-15T13:14:03","slug":"edomex-busca-recuperar-la-laguna-de-zumpango-con-ayuda-de-la-unam","status":"publish","type":"post","link":"https:\/\/politicosaldesnudo.com.mx\/index.php\/2024\/07\/15\/edomex-busca-recuperar-la-laguna-de-zumpango-con-ayuda-de-la-unam\/","title":{"rendered":"Edomex busca recuperar la laguna de Zumpango con ayuda de la UNAM"},"content":{"rendered":"<div>\n<div id=\"content-body-225-12243575\">\n<p><span style=\"font-size: 14pt;\">Como parte de la conformaci\u00f3n de las Brigadas Colibr\u00ed, la creaci\u00f3n de la Oficina Regional de Derecho Humano al Agua y el Programa de Alfabetizaci\u00f3n H\u00eddrica,\u00a0la Secretar\u00eda del Agua del Estado impulsa un proyecto para la recuperaci\u00f3n de la laguna de Zumpango, en conjunto con el Instituto de Ingenier\u00eda de la UNAM.<\/span><\/p>\n<p><span style=\"font-size: 14pt;\">\u00c9ste proyecto de recuperaci\u00f3n est\u00e1 basado en la gesti\u00f3n del agua por medio del uso de nuevas tecnolog\u00edas y un pulimento del agua adicional mediante humedales, acciones que contribuir\u00e1n en la recuperaci\u00f3n del embalse que por a\u00f1os ha sido considerado como uno de los m\u00e1s importantes de esa regi\u00f3n.<\/span><\/p>\n<\/div>\n<\/div>\n<div>\n<div id=\"dfp-nota-1x3s\" data-google-query-id=\"CJu94MePqYcDFWiFywEdlF8O5w\">\n<div id=\"google_ads_iframe_\/2000002\/la-prensa\/mexico_nota_1x3_0__container__\">\n<div id=\"inArticle_1\">\n<div>\n<div>\n<div>\n<div><span style=\"font-size: 14pt;\">La dependencia estatal inform\u00f3 a El Sol de Toluca que \u00e9ste proyecto tiene un enfoque social y de econom\u00eda circular, cumpliendo los requerimientos plasmados en la NOM- 001-SEMARNAT-2021.<\/span><\/div>\n<\/div>\n<\/div>\n<\/div>\n<\/div>\n<\/div>\n<\/div>\n<\/div>\n<article>\n<div id=\"content-body-5851641-12243575\">\n<p><span style=\"font-size: 14pt;\">Para lograr la recuperaci\u00f3n gradual de la presa, que\u00a0en marzo de este a\u00f1o estaba totalmente seca debido a los efectos del cambio clim\u00e1tico y la sequ\u00eda, el proyecto en cuesti\u00f3n pretende captar los picos de lluvia que provocan devastaci\u00f3n, convirti\u00e9ndolo en una oportunidad mediante su tratamiento y recuperaci\u00f3n.<\/span><\/p>\n<p><span style=\"font-size: 14pt;\">Proyecto<\/span><\/p>\n<p><span style=\"font-size: 14pt;\">\u00c9ste es uno de los varios proyectos que la Secretar\u00eda del Agua prev\u00e9 impulsar para recuperar los cruces olvidados en los \u00faltimos a\u00f1os, con base en lo establecido en el Plan H\u00eddrico del Estado de M\u00e9xico.<\/span><\/p>\n<p><span style=\"font-size: 14pt;\">Con base en lo informado, el proyecto de la Secretar\u00eda del Agua mexiquense y la UNAM\u00a0tambi\u00e9n contempla una componente de energ\u00eda que innovar\u00e1 el aprovechamiento de luz solar y energ\u00eda e\u00f3lica, con lo cual algunos elementos, como las plantas tratadoras de agua, logran ser autosuficientes.<\/span><\/p>\n<div>\n<div>\n<div>\n<div id=\"standard_5\">\n<div>\n<div><span style=\"font-size: 14pt;\">Con las diversas acciones a implementarse, se pretende recuperar aproximadamente mil 800 hect\u00e1reas de la laguna, que podr\u00eda almacenar un volumen de aproximadamente 90 millones de metros c\u00fabicos de agua, lo que representa casi 3 metros c\u00fabicos por segundo para abastecer a casi un mill\u00f3n y medio de personas.<\/span><\/div>\n<\/div>\n<\/div>\n<\/div>\n<\/div>\n<\/div>\n<p><span style=\"font-size: 14pt;\">Se prev\u00e9 que el proyecto se desarrolle con la participaci\u00f3n ciudadana y de otras secretar\u00edas\u00a0y servir\u00e1 como un detonante de empleos y econom\u00eda de la regi\u00f3n.<\/span><\/p>\n<p><span style=\"font-size: 14pt;\">Ser\u00e1 a finales de \u00e9ste a\u00f1o que inicie la primera etapa de la recuperaci\u00f3n de la laguna de Zumpango, sin embargo, autoridades todav\u00eda no revelan cu\u00e1les ser\u00e1n las acciones que formen parte de \u00e9ste inicio.<\/span><\/p>\n<p><span style=\"font-size: 14pt;\">Cabe recordar que\u00a0el rescate de la laguna de Zumpango no s\u00f3lo contar\u00e1 con esfuerzos gubernamentales, sino tambi\u00e9n por parte de colectivos y organizaciones ciudadanas, entre ellas la Escuelita del Agua y Salvemos la Laguna A.C.<\/span><\/p>\n<\/div>\n<\/article>\n","protected":false},"excerpt":{"rendered":"<p>Como parte de la conformaci\u00f3n de las Brigadas Colibr\u00ed, la creaci\u00f3n de la Oficina Regional de Derecho Humano al Agua<\/p>\n","protected":false},"author":4,"featured_media":41962,"comment_status":"closed","ping_status":"closed","sticky":false,"template":"","format":"standard","meta":{"colormag_page_container_layout":"default_layout","colormag_page_sidebar_layout":"default_layout","_jetpack_memberships_contains_paid_content":false,"footnotes":"","jetpack_publicize_message":"","jetpack_publicize_feature_enabled":true,"jetpack_social_post_already_shared":false,"jetpack_social_options":{"image_generator_settings":{"template":"highway","default_image_id":0,"font":"","enabled":false},"version":2}},"categories":[33],"tags":[],"class_list":["post-41961","post","type-post","status-publish","format-standard","has-post-thumbnail","hentry","category-nacional"],"jetpack_publicize_connections":[],"jetpack_featured_media_url":"https:\/\/i0.wp.com\/politicosaldesnudo.com.mx\/wp-content\/uploads\/2024\/07\/laguna-Zumpango.jpg?fit=1140%2C712&ssl=1","jetpack-related-posts":[],"jetpack_sharing_enabled":true,"_links":{"self":[{"href":"https:\/\/politicosaldesnudo.com.mx\/index.php\/wp-json\/wp\/v2\/posts\/41961","targetHints":{"allow":["GET"]}}],"collection":[{"href":"https:\/\/politicosaldesnudo.com.mx\/index.php\/wp-json\/wp\/v2\/posts"}],"about":[{"href":"https:\/\/politicosaldesnudo.com.mx\/index.php\/wp-json\/wp\/v2\/types\/post"}],"author":[{"embeddable":true,"href":"https:\/\/politicosaldesnudo.com.mx\/index.php\/wp-json\/wp\/v2\/users\/4"}],"replies":[{"embeddable":true,"href":"https:\/\/politicosaldesnudo.com.mx\/index.php\/wp-json\/wp\/v2\/comments?post=41961"}],"version-history":[{"count":0,"href":"https:\/\/politicosaldesnudo.com.mx\/index.php\/wp-json\/wp\/v2\/posts\/41961\/revisions"}],"wp:featuredmedia":[{"embeddable":true,"href":"https:\/\/politicosaldesnudo.com.mx\/index.php\/wp-json\/wp\/v2\/media\/41962"}],"wp:attachment":[{"href":"https:\/\/politicosaldesnudo.com.mx\/index.php\/wp-json\/wp\/v2\/media?parent=41961"}],"wp:term":[{"taxonomy":"category","embeddable":true,"href":"https:\/\/politicosaldesnudo.com.mx\/index.php\/wp-json\/wp\/v2\/categories?post=41961"},{"taxonomy":"post_tag","embeddable":true,"href":"https:\/\/politicosaldesnudo.com.mx\/index.php\/wp-json\/wp\/v2\/tags?post=41961"}],"curies":[{"name":"wp","href":"https:\/\/api.w.org\/{rel}","templated":true}]}}