{"id":42045,"date":"2024-07-16T08:02:44","date_gmt":"2024-07-16T13:02:44","guid":{"rendered":"https:\/\/politicosaldesnudo.com.mx\/?p=42045"},"modified":"2024-07-16T08:02:44","modified_gmt":"2024-07-16T13:02:44","slug":"despenalizacion-del-aborto-en-puebla-confronta-a-manifestantes-frente-al-congreso","status":"publish","type":"post","link":"https:\/\/politicosaldesnudo.com.mx\/index.php\/2024\/07\/16\/despenalizacion-del-aborto-en-puebla-confronta-a-manifestantes-frente-al-congreso\/","title":{"rendered":"Despenalizaci\u00f3n del aborto en Puebla confronta a manifestantes frente al Congreso"},"content":{"rendered":"<div>\n<div id=\"content-body-225-12244754\">\n<p><span style=\"font-size: 14pt;\">Afuera de las instalaciones del Congreso local se llevan a cabo dos manifestaciones simult\u00e1neamente, por el an\u00e1lisis de la\u00a0despenalizaci\u00f3n del\u00a0aborto\u00a0hasta la semana 12 de gestaci\u00f3n,\u00a0tema que ser\u00e1 abordado en la sesi\u00f3n ordinaria de este lunes 15 de julio, \u00faltimo d\u00eda del periodo en curso.<\/span><\/p>\n<p><span style=\"font-size: 14pt;\">Algunos manifestantes piden a los legisladores el acceso al edificio por la puerta trasera, debido a que la principal permanece cerrada.\u00a0Tal es el caso de la diputada local morenista, Yolanda G\u00e1mez Mendoza,\u00a0quien fue encarada por personas de\u00a0grupos provida, por anunciar abiertamente que votar\u00e1 a favor del tema\u00a0cuando se analice en el pleno.<\/span><\/p>\n<\/div>\n<\/div>\n<div>\n<div id=\"dfp-nota-1x3s\" data-google-query-id=\"COnRhevOq4cDFbCFywEdwi0CUQ\">\n<div id=\"google_ads_iframe_\/2000002\/la-prensa\/mexico_nota_1x3_0__container__\">\n<div id=\"inArticle_1\">\n<div>\n<div>\n<div>\n<div><span style=\"font-size: 14pt;\">Lo mismo sucedi\u00f3 con Eduardo Alc\u00e1ntara Montiel y Guadalupe Leal Rodr\u00edguez, quienes fueron cuestionados por los ciudadanos y les dijeron que el aborto es un asesinato.<\/span><\/div>\n<\/div>\n<\/div>\n<\/div>\n<\/div>\n<\/div>\n<\/div>\n<\/div>\n<article>\n<div id=\"content-body-5851641-12244754\">\n<div>\n<div>\n<div>\n<div id=\"standard_4\">\n<div>\n<div>\n<div>\n<div><span style=\"font-size: 14pt;\">La exigencia de las personas a favor de la vida desde la concepci\u00f3n,\u00a0es que los diputados voten en contra de la despenalizaci\u00f3n del aborto o bajen el punto de la orden del d\u00eda, sin embargo,\u00a0hasta la publicaci\u00f3n de este texto sigue en pie.<\/span><\/div>\n<\/div>\n<\/div>\n<\/div>\n<\/div>\n<\/div>\n<\/div>\n<\/div>\n<p><span style=\"font-size: 14pt;\">En el caso concreto de Eduardo Alc\u00e1ntara, integrante del Grupo Plural con militancia panista que vot\u00f3 a favor en comisiones,\u00a0las personas le gritaron en medio de empujones que era \u201cun asesino\u201d.<\/span><\/p>\n<p><span style=\"font-size: 14pt;\">En respuesta,\u00a0el legislador les dijo que escucharan su posicionamiento desde la tribuna, pero, tampoco lo dejaron acceder al recinto para la sesi\u00f3n.<\/span><\/p>\n<p><span style=\"font-size: 14pt;\">En el otro lado del Congreso local, es decir, la entrada principal, se pint\u00f3 con pa\u00f1uelos verdes y azules, colores alusivos a los movimientos providas y feministas.<\/span><\/p>\n<p><span style=\"font-size: 14pt;\">De un lado,\u00a0permanecen las personas providas, que est\u00e1n rezando y mantienen una cadena humana.<\/span><\/p>\n<p><span style=\"font-size: 14pt;\">Por el contrario,\u00a0las feministas pintan un mural mkenttas gritan consignas a favor de la libertad sexual de las mujeres.<\/span><\/p>\n<\/div>\n<\/article>\n","protected":false},"excerpt":{"rendered":"<p>Afuera de las instalaciones del Congreso local se llevan a cabo dos manifestaciones simult\u00e1neamente, por el an\u00e1lisis de la\u00a0despenalizaci\u00f3n del\u00a0aborto\u00a0hasta<\/p>\n","protected":false},"author":4,"featured_media":42046,"comment_status":"closed","ping_status":"closed","sticky":false,"template":"","format":"standard","meta":{"colormag_page_container_layout":"default_layout","colormag_page_sidebar_layout":"default_layout","_jetpack_memberships_contains_paid_content":false,"footnotes":"","jetpack_publicize_message":"","jetpack_publicize_feature_enabled":true,"jetpack_social_post_already_shared":false,"jetpack_social_options":{"image_generator_settings":{"template":"highway","default_image_id":0,"font":"","enabled":false},"version":2}},"categories":[33],"tags":[],"class_list":["post-42045","post","type-post","status-publish","format-standard","has-post-thumbnail","hentry","category-nacional"],"jetpack_publicize_connections":[],"jetpack_featured_media_url":"https:\/\/i0.wp.com\/politicosaldesnudo.com.mx\/wp-content\/uploads\/2024\/07\/Afuera-de-las-instalaciones-del-Congreso-local-se-llevan-a-cabo-dos-manifestaciones-simultaneamente.jpg?fit=400%2C250&ssl=1","jetpack-related-posts":[],"jetpack_sharing_enabled":true,"_links":{"self":[{"href":"https:\/\/politicosaldesnudo.com.mx\/index.php\/wp-json\/wp\/v2\/posts\/42045","targetHints":{"allow":["GET"]}}],"collection":[{"href":"https:\/\/politicosaldesnudo.com.mx\/index.php\/wp-json\/wp\/v2\/posts"}],"about":[{"href":"https:\/\/politicosaldesnudo.com.mx\/index.php\/wp-json\/wp\/v2\/types\/post"}],"author":[{"embeddable":true,"href":"https:\/\/politicosaldesnudo.com.mx\/index.php\/wp-json\/wp\/v2\/users\/4"}],"replies":[{"embeddable":true,"href":"https:\/\/politicosaldesnudo.com.mx\/index.php\/wp-json\/wp\/v2\/comments?post=42045"}],"version-history":[{"count":0,"href":"https:\/\/politicosaldesnudo.com.mx\/index.php\/wp-json\/wp\/v2\/posts\/42045\/revisions"}],"wp:featuredmedia":[{"embeddable":true,"href":"https:\/\/politicosaldesnudo.com.mx\/index.php\/wp-json\/wp\/v2\/media\/42046"}],"wp:attachment":[{"href":"https:\/\/politicosaldesnudo.com.mx\/index.php\/wp-json\/wp\/v2\/media?parent=42045"}],"wp:term":[{"taxonomy":"category","embeddable":true,"href":"https:\/\/politicosaldesnudo.com.mx\/index.php\/wp-json\/wp\/v2\/categories?post=42045"},{"taxonomy":"post_tag","embeddable":true,"href":"https:\/\/politicosaldesnudo.com.mx\/index.php\/wp-json\/wp\/v2\/tags?post=42045"}],"curies":[{"name":"wp","href":"https:\/\/api.w.org\/{rel}","templated":true}]}}