{"id":42051,"date":"2024-07-16T08:07:11","date_gmt":"2024-07-16T13:07:11","guid":{"rendered":"https:\/\/politicosaldesnudo.com.mx\/?p=42051"},"modified":"2024-07-16T08:07:11","modified_gmt":"2024-07-16T13:07:11","slug":"se-contrajo-la-economia-cubana-1-9-en-2023","status":"publish","type":"post","link":"https:\/\/politicosaldesnudo.com.mx\/index.php\/2024\/07\/16\/se-contrajo-la-economia-cubana-1-9-en-2023\/","title":{"rendered":"Se contrajo la econom\u00eda cubana 1.9% en 2023"},"content":{"rendered":"<p><span style=\"font-size: 14pt;\">La econom\u00eda cubana se contrajo 1.9 por ciento en 2023 y contin\u00faa enfrentando un \u201ccomplejo escenario\u201d por la falta de divisas, de acceso a cr\u00e9ditos y sus bajos niveles productivos, inform\u00f3 este lunes su ministro de Econom\u00eda, Joaqu\u00edn Alonso.<\/span><\/p>\n<div class=\"teads-inread\">\n<div id=\"teads0\" class=\"teads-player\"><span style=\"font-size: 14pt;\">\u201cTenemos insuficientes ingresos en divisas, cr\u00e9ditos externos y baja recuperaci\u00f3n de la producci\u00f3n nacional\u201d, y \u201ca la vez, hay limitaciones con el combustible y la energ\u00eda\u201d, dijo Alonso al rendir un informe sobre el estado de la econom\u00eda en la isla en 2023 y las previsiones para 2024.<\/span><\/div>\n<\/div>\n<p><span style=\"font-size: 14pt;\">Alonso, citado por medios locales, precis\u00f3 que la econom\u00eda cubana enfrenta el mismo \u201ccomplejo escenario\u201d que vivi\u00f3 en 2023, y enumer\u00f3 un rosario de problemas que la lastran, entre ellos \u201cun alto d\u00e9ficit fiscal\u201d, la \u201celevada y persistente inflaci\u00f3n y el alto endeudamiento externo\u201d.<\/span><\/p>\n<p><span style=\"font-size: 14pt;\">Respecto a la inflaci\u00f3n, inform\u00f3 que se mantiene una tendencia a la desaceleraci\u00f3n desde 2023, \u201cpero con resistencia a su reducci\u00f3n en el entorno de 30 por ciento\u201d.<\/span><\/p>\n<p><span style=\"font-size: 14pt;\">Seg\u00fan el ministro, al cierre de 2023 la econom\u00eda cubana se contrajo 1.9 por ciento, cifra casi similar a 2 por ciento que su antecesor Alejandro Gil, destituido en febrero, hab\u00eda previsto en diciembre, cuando anunci\u00f3 que \u201cno resultaba posible\u201d cumplir la meta inicial de 3 por ciento.<\/span><\/p>\n<p><span style=\"font-size: 14pt;\">La econom\u00eda cubana creci\u00f3 1.8 por ciento en 2022, luego del desplome del producto interno bruto en de 10.9 por ciento en 2020, en el contexto de la pandemia del coronavirus, y una ligera recuperaci\u00f3n de 1.3 por ciento el siguiente a\u00f1o.<\/span><\/p>\n<p><span style=\"font-size: 14pt;\">En un debate previo a la sesi\u00f3n del Parlamento que tendr\u00e1 lugar el pr\u00f3ximo mi\u00e9rcoles, Alonso explic\u00f3 que la producci\u00f3n de n\u00edquel, az\u00facar, miel y rones, entre otras, \u201cno alcanza los ingresos previstos\u201d.<\/span><\/p>\n<p><span style=\"font-size: 14pt;\">En ese sentido, subray\u00f3 que el plan de ingresos de divisas del pa\u00eds se cumpli\u00f3 solo en 88 por ciento durante el primer semestre del a\u00f1o, lo que signific\u00f3 \u201c222 millones de d\u00f3lares menos que la cifra planificada\u201d.<\/span><\/p>\n<p><span style=\"font-size: 14pt;\">Respecto al turismo, actividad vital para el pa\u00eds, detall\u00f3 que creci\u00f3 1.8 por ciento respecto a 2023. Sin embargo, los 1.8 millones de visitantes recibidos representan 85 por ciento del plan y poco m\u00e1s de la mitad de lo alcanzado en 2019.<\/span><\/p>\n<p><span style=\"font-size: 14pt;\">El gobierno de Cuba anunci\u00f3 hace una semana el tope de precios de seis productos, la mayor\u00eda alimentos como pollo, leche y aceite, en un intento por contener una tendencia alcista en los mercados de la isla.<\/span><\/p>\n<p><span style=\"font-size: 14pt;\">Cuba, con una econom\u00eda de planificaci\u00f3n centralizada y fuerte predominio de la empresa estatal, enfrenta una crisis econ\u00f3mica sin precedentes en tres d\u00e9cadas con apagones, escasez de alimentos, medicinas y combustible.<\/span><\/p>\n<p><span style=\"font-size: 14pt;\">Esta crisis es provocada por los efectos de la pandemia, el recrudecimiento de las sanciones de Washington, vigentes desde 1962, las debilidades estructurales de la econom\u00eda y una reforma monetaria que no alcanz\u00f3 los resultados esperados.<\/span><\/p>\n","protected":false},"excerpt":{"rendered":"<p>La econom\u00eda cubana se contrajo 1.9 por ciento en 2023 y contin\u00faa enfrentando un \u201ccomplejo escenario\u201d por la falta de<\/p>\n","protected":false},"author":4,"featured_media":42052,"comment_status":"closed","ping_status":"closed","sticky":false,"template":"","format":"standard","meta":{"colormag_page_container_layout":"default_layout","colormag_page_sidebar_layout":"default_layout","_jetpack_memberships_contains_paid_content":false,"footnotes":"","jetpack_publicize_message":"","jetpack_publicize_feature_enabled":true,"jetpack_social_post_already_shared":false,"jetpack_social_options":{"image_generator_settings":{"template":"highway","default_image_id":0,"font":"","enabled":false},"version":2}},"categories":[2050],"tags":[],"class_list":["post-42051","post","type-post","status-publish","format-standard","has-post-thumbnail","hentry","category-economia"],"jetpack_publicize_connections":[],"jetpack_featured_media_url":"https:\/\/i0.wp.com\/politicosaldesnudo.com.mx\/wp-content\/uploads\/2024\/07\/images-11.jpg?fit=310%2C163&ssl=1","jetpack-related-posts":[],"jetpack_sharing_enabled":true,"_links":{"self":[{"href":"https:\/\/politicosaldesnudo.com.mx\/index.php\/wp-json\/wp\/v2\/posts\/42051","targetHints":{"allow":["GET"]}}],"collection":[{"href":"https:\/\/politicosaldesnudo.com.mx\/index.php\/wp-json\/wp\/v2\/posts"}],"about":[{"href":"https:\/\/politicosaldesnudo.com.mx\/index.php\/wp-json\/wp\/v2\/types\/post"}],"author":[{"embeddable":true,"href":"https:\/\/politicosaldesnudo.com.mx\/index.php\/wp-json\/wp\/v2\/users\/4"}],"replies":[{"embeddable":true,"href":"https:\/\/politicosaldesnudo.com.mx\/index.php\/wp-json\/wp\/v2\/comments?post=42051"}],"version-history":[{"count":0,"href":"https:\/\/politicosaldesnudo.com.mx\/index.php\/wp-json\/wp\/v2\/posts\/42051\/revisions"}],"wp:featuredmedia":[{"embeddable":true,"href":"https:\/\/politicosaldesnudo.com.mx\/index.php\/wp-json\/wp\/v2\/media\/42052"}],"wp:attachment":[{"href":"https:\/\/politicosaldesnudo.com.mx\/index.php\/wp-json\/wp\/v2\/media?parent=42051"}],"wp:term":[{"taxonomy":"category","embeddable":true,"href":"https:\/\/politicosaldesnudo.com.mx\/index.php\/wp-json\/wp\/v2\/categories?post=42051"},{"taxonomy":"post_tag","embeddable":true,"href":"https:\/\/politicosaldesnudo.com.mx\/index.php\/wp-json\/wp\/v2\/tags?post=42051"}],"curies":[{"name":"wp","href":"https:\/\/api.w.org\/{rel}","templated":true}]}}