{"id":42111,"date":"2024-07-17T08:07:16","date_gmt":"2024-07-17T13:07:16","guid":{"rendered":"https:\/\/politicosaldesnudo.com.mx\/?p=42111"},"modified":"2024-07-17T08:07:16","modified_gmt":"2024-07-17T13:07:16","slug":"arriban-500-militares-a-acapulco-para-reforzar-la-seguridad","status":"publish","type":"post","link":"https:\/\/politicosaldesnudo.com.mx\/index.php\/2024\/07\/17\/arriban-500-militares-a-acapulco-para-reforzar-la-seguridad\/","title":{"rendered":"Arriban 500 militares a Acapulco para reforzar la seguridad"},"content":{"rendered":"<div>\n<div id=\"content-body-225-12253267\">\n<p><span style=\"font-size: 14pt;\">M\u00e1s de 500 elementos del\u00a0Ej\u00e9rcito Mexicano\u00a0y\u00a0Guardia Nacional (GN)\u00a0llegaron al puerto de\u00a0Acapulco\u00a0para\u00a0reforzar la seguridad ante la ola de violencia\u00a0que ha dejado m\u00e1s de 40 asesinatos en la primera quincena de julio.<\/span><\/p>\n<p><span style=\"font-size: 14pt;\">La\u00a0Secretaria de la Defensa Nacional (Sedena)\u00a0inform\u00f3 que el\u00a0reforzamiento de seguridad de efectivos en la ciudad tur\u00edstica\u00a0es con el\u00a0\u201cfin de inhibir los \u00edndices delictivos mediante acciones conjuntas que permitan contribuir en la preservaci\u00f3n del orden y la paz p\u00fablica\u201d.<\/span><\/p>\n<\/div>\n<\/div>\n<div>\n<div id=\"dfp-nota-1x3s\" data-google-query-id=\"CMaHiuKRrocDFVyUywEdCJcvJg\">\n<div id=\"google_ads_iframe_\/2000002\/la-prensa\/mexico_nota_1x3_0__container__\">\n<div id=\"inArticle_1\">\n<div>\n<div>\n<div>\n<div><span style=\"font-size: 14pt;\">\u201cEl personal castrense act\u00faa en todo momento con firmeza, realizando tareas de disuasi\u00f3n, prevenci\u00f3n, patrullajes, reconocimientos y estableciendo puestos militares\u00a0de seguridad que generen un ambiente de tranquilidad en la poblaci\u00f3n\u201d, indicaron.<\/span><\/div>\n<\/div>\n<\/div>\n<\/div>\n<\/div>\n<\/div>\n<\/div>\n<\/div>\n<article>\n<div id=\"content-body-5851641-12253267\">\n<p><span style=\"font-size: 14pt;\">Este fin de semana, la violencia\u00a0dej\u00f3 un saldo de seis muertos,\u00a0pese a que se redoblaron esfuerzos en la estrategia de seguridad, donde se desplazaron elementos de lo tres niveles de gobierno en las colonias con\u00a0alta incidencia delictiva.<\/span><\/p>\n<p><span style=\"font-size: 14pt;\">Adem\u00e1s, en declaraciones con reporteros, el subsecretario de\u00a0Asuntos Pol\u00edticos y Gobernaci\u00f3n, Francisco Rodr\u00edguez Cisneros, descart\u00f3 que\u00a0exista un mensaje de los grupos delictivos en contra de la nueva estrategia de seguridad en Acapulco,\u00a0luego de registrar siete asesinatos este fin de semana.<\/span><\/p>\n<p><span style=\"font-size: 14pt;\">La SEDENA\u00a0a\u00f1adi\u00f3 que con estos efectivos se reafirma la\u00a0decisi\u00f3n del gobierno federal por detener las actividades de la delincuencia\u00a0organizada.<\/span><\/p>\n<p><span style=\"font-size: 14pt;\">Hasta el momento, las autoridades de seguridad, han detenido a m\u00e1s de seis personas responsables de la violencia esta semana, como parte de las investigaciones de la\u00a0Fiscal\u00eda General del Estado (FGE).<\/span><\/p>\n<\/div>\n<\/article>\n","protected":false},"excerpt":{"rendered":"<p>M\u00e1s de 500 elementos del\u00a0Ej\u00e9rcito Mexicano\u00a0y\u00a0Guardia Nacional (GN)\u00a0llegaron al puerto de\u00a0Acapulco\u00a0para\u00a0reforzar la seguridad ante la ola de violencia\u00a0que ha dejado<\/p>\n","protected":false},"author":4,"featured_media":42112,"comment_status":"closed","ping_status":"closed","sticky":false,"template":"","format":"standard","meta":{"colormag_page_container_layout":"default_layout","colormag_page_sidebar_layout":"default_layout","_jetpack_memberships_contains_paid_content":false,"footnotes":"","jetpack_publicize_message":"","jetpack_publicize_feature_enabled":true,"jetpack_social_post_already_shared":false,"jetpack_social_options":{"image_generator_settings":{"template":"highway","default_image_id":0,"font":"","enabled":false},"version":2}},"categories":[33],"tags":[],"class_list":["post-42111","post","type-post","status-publish","format-standard","has-post-thumbnail","hentry","category-nacional"],"jetpack_publicize_connections":[],"jetpack_featured_media_url":"https:\/\/i0.wp.com\/politicosaldesnudo.com.mx\/wp-content\/uploads\/2024\/07\/Guardia-Nacional-Acapulco.jpg?fit=768%2C479&ssl=1","jetpack-related-posts":[],"jetpack_sharing_enabled":true,"_links":{"self":[{"href":"https:\/\/politicosaldesnudo.com.mx\/index.php\/wp-json\/wp\/v2\/posts\/42111","targetHints":{"allow":["GET"]}}],"collection":[{"href":"https:\/\/politicosaldesnudo.com.mx\/index.php\/wp-json\/wp\/v2\/posts"}],"about":[{"href":"https:\/\/politicosaldesnudo.com.mx\/index.php\/wp-json\/wp\/v2\/types\/post"}],"author":[{"embeddable":true,"href":"https:\/\/politicosaldesnudo.com.mx\/index.php\/wp-json\/wp\/v2\/users\/4"}],"replies":[{"embeddable":true,"href":"https:\/\/politicosaldesnudo.com.mx\/index.php\/wp-json\/wp\/v2\/comments?post=42111"}],"version-history":[{"count":0,"href":"https:\/\/politicosaldesnudo.com.mx\/index.php\/wp-json\/wp\/v2\/posts\/42111\/revisions"}],"wp:featuredmedia":[{"embeddable":true,"href":"https:\/\/politicosaldesnudo.com.mx\/index.php\/wp-json\/wp\/v2\/media\/42112"}],"wp:attachment":[{"href":"https:\/\/politicosaldesnudo.com.mx\/index.php\/wp-json\/wp\/v2\/media?parent=42111"}],"wp:term":[{"taxonomy":"category","embeddable":true,"href":"https:\/\/politicosaldesnudo.com.mx\/index.php\/wp-json\/wp\/v2\/categories?post=42111"},{"taxonomy":"post_tag","embeddable":true,"href":"https:\/\/politicosaldesnudo.com.mx\/index.php\/wp-json\/wp\/v2\/tags?post=42111"}],"curies":[{"name":"wp","href":"https:\/\/api.w.org\/{rel}","templated":true}]}}