{"id":42114,"date":"2024-07-17T08:09:49","date_gmt":"2024-07-17T13:09:49","guid":{"rendered":"https:\/\/politicosaldesnudo.com.mx\/?p=42114"},"modified":"2024-07-17T08:09:49","modified_gmt":"2024-07-17T13:09:49","slug":"declaran-a-fernando-yunes-como-sustraido-de-la-justicia-por-faltar-a-su-audiencia","status":"publish","type":"post","link":"https:\/\/politicosaldesnudo.com.mx\/index.php\/2024\/07\/17\/declaran-a-fernando-yunes-como-sustraido-de-la-justicia-por-faltar-a-su-audiencia\/","title":{"rendered":"Declaran a Fernando Yunes como sustra\u00eddo de la justicia por faltar a su audiencia"},"content":{"rendered":"<div>\n<div id=\"content-body-225-12253405\">\n<p><span style=\"font-size: 14pt;\">Fernando Yunes, exalcalde de Veracruz, no se present\u00f3 a su audiencia inicial programada para este martes 16 de julio\u00a0por su presunta participaci\u00f3n en delitos electorales ni envi\u00f3 un justificante por lo que un juez de control determin\u00f3 declararlo sustra\u00eddo de la justicia.<\/span><\/p>\n<p><span style=\"font-size: 14pt;\">El panista\u00a0hab\u00eda sido citado para presentarse en los juzgados de esta ciudad a las 13 horas de este martes\u00a0para responder por su presunta participaci\u00f3n en delitos electorales cometidos en el 2021.<\/span><\/p>\n<p><span style=\"font-size: 14pt;\">Sin embargo, el panista no acudi\u00f3 ni envi\u00f3 alg\u00fan documento que pudiera justificar su ausencia\u00a0por lo que se le consider\u00f3 como sustra\u00eddo de la justicia. Dicho t\u00e9rmino es utilizado por la autoridad cuando el imputado, sin causa justificada, falte a una citaci\u00f3n judicial, se fugue del establecimiento o lugar donde est\u00e9 detenido o se ausente de su domicilio sin aviso, teniendo la obligaci\u00f3n de darlo.<\/span><\/div>\n<\/div>\n<article>\n<div id=\"content-body-5851641-12253405\">\n<article>\n<div>\n<h4><span style=\"font-size: 14pt;\">Situaci\u00f3n de Fernando Yunes se agrav\u00f3 por faltar a audiencia: especialista<\/span><\/h4>\n<\/div>\n<\/article>\n<p><span style=\"font-size: 14pt;\">Al respecto,\u00a0el abogado presidente del Colegio del Foro de Licenciados Especialistas, Maestros y Doctores en derecho, Vicente Octavio Pozos Mar\u00edn, explic\u00f3 que\u00a0al no presentarse a su audiencia inicial, el exalcalde de Veracruz Fernando \u201cN\u201d se convirti\u00f3 en un pr\u00f3fugo de la justicia.<\/span><\/p>\n<p><span style=\"font-size: 14pt;\">En entrevista telef\u00f3nica,\u00a0el abogado de profesi\u00f3n afirm\u00f3 que el imputado debi\u00f3 presentarse a la audiencia citada por el juez, pues al no acudir y no enviar alg\u00fan documento como justificante su situaci\u00f3n se complic\u00f3.<\/span><\/p>\n<p><span style=\"font-size: 14pt;\">Indic\u00f3 que el juez de control a petici\u00f3n de la Fiscal\u00eda podr\u00eda girar orden de aprehensi\u00f3n en su contra. \u201cCualquier persona que en este caso, sea citado por un juez de control a una audiencia inicial tiene la obligaci\u00f3n de presentarse, si no es un delito grave por lo que est\u00e1n citando, lo m\u00e1s conveniente es que se presente, porque si no se presenta hay, en este caso, el supuesto de que se puede sustraer de la justicia y si eso ocurre significa que el juez de control a petici\u00f3n de la Fiscal\u00eda gira la orden de aprehensi\u00f3n\u201d, expuso.<\/span><\/p>\n<p><span style=\"font-size: 14pt;\">Dijo que con su ausencia,\u00a0se cambi\u00f3 la situaci\u00f3n jur\u00eddica porque si no era una cuesti\u00f3n que ameritara prisi\u00f3n, la falta de asesoramiento jur\u00eddico termin\u00f3 por perjudicarlo.<\/span><\/p>\n<p><span style=\"font-size: 14pt;\">\u201cSi no se present\u00f3 si hay una presunci\u00f3n de que evadi\u00f3 la justicia y lo van a detener y cuando lo detengan, en este caso, si \u00e9l quiere pedir su libertad bajo cauci\u00f3n se la van a negar porque en ese caso, cuando fue citado se neg\u00f3 a comparecer, eso es lo que va a suceder\u201d, argument\u00f3.<\/span><\/p>\n<p><span style=\"font-size: 14pt;\">Fernando Yunes es investigado por presuntamente obligar a trabajadores del ayuntamiento de Veracruz a promover la campa\u00f1a del candidato del PAN en 2021\u00a0para la alcald\u00eda de dicho municipio.<\/span><\/p>\n<p><span style=\"font-size: 14pt;\">Esta situaci\u00f3n se presenta en medio de las\u00a0investigaciones que se realizan contra su hermano Miguel \u00c1ngel Yunes, senador electo por Veracruz, quien es acusado por delitos de\u00a0uso de documento falso, falsedad ante la autoridad y fraude procesal.<\/span><\/p>\n<p><span style=\"font-size: 14pt;\">Hasta las 18:00 horas de este martes\u00a0la oficina de prensa de Fernando Yunes no ha enviado informaci\u00f3n sobre su ausencia en la audiencia inicial del proceso en su contra.<\/span><\/p>\n<p><span style=\"font-size: 14pt;\">Fernando es un militante activo del PAN que se ha desempe\u00f1ado como diputado local en el periodo 2010-2012.\u00a0Tambi\u00e9n fue senador de la rep\u00fablica del 2012 al 2017 y gan\u00f3 la elecci\u00f3n para la alcald\u00eda de Veracruz\u00a0siendo presidente municipal del 2018 al 2021.<\/span><\/p>\n<p><span style=\"font-size: 14pt;\">Su periodo como alcalde termin\u00f3 y entreg\u00f3 el municipio a su cu\u00f1ada Patricia Lobeira Rodr\u00edguez, quien actualmente se encuentra en funciones.<\/span><\/p>\n<\/div>\n<\/article>\n","protected":false},"excerpt":{"rendered":"<p>Fernando Yunes, exalcalde de Veracruz, no se present\u00f3 a su audiencia inicial programada para este martes 16 de julio\u00a0por su<\/p>\n","protected":false},"author":4,"featured_media":42115,"comment_status":"closed","ping_status":"closed","sticky":false,"template":"","format":"standard","meta":{"colormag_page_container_layout":"default_layout","colormag_page_sidebar_layout":"default_layout","_jetpack_memberships_contains_paid_content":false,"footnotes":"","jetpack_publicize_message":"","jetpack_publicize_feature_enabled":true,"jetpack_social_post_already_shared":false,"jetpack_social_options":{"image_generator_settings":{"template":"highway","default_image_id":0,"font":"","enabled":false},"version":2}},"categories":[33],"tags":[],"class_list":["post-42114","post","type-post","status-publish","format-standard","has-post-thumbnail","hentry","category-nacional"],"jetpack_publicize_connections":[],"jetpack_featured_media_url":"https:\/\/i0.wp.com\/politicosaldesnudo.com.mx\/wp-content\/uploads\/2024\/07\/Fernando-_N_-falta-a-su-audiencia-en-el-juzgado.jpg?fit=400%2C250&ssl=1","jetpack-related-posts":[],"jetpack_sharing_enabled":true,"_links":{"self":[{"href":"https:\/\/politicosaldesnudo.com.mx\/index.php\/wp-json\/wp\/v2\/posts\/42114","targetHints":{"allow":["GET"]}}],"collection":[{"href":"https:\/\/politicosaldesnudo.com.mx\/index.php\/wp-json\/wp\/v2\/posts"}],"about":[{"href":"https:\/\/politicosaldesnudo.com.mx\/index.php\/wp-json\/wp\/v2\/types\/post"}],"author":[{"embeddable":true,"href":"https:\/\/politicosaldesnudo.com.mx\/index.php\/wp-json\/wp\/v2\/users\/4"}],"replies":[{"embeddable":true,"href":"https:\/\/politicosaldesnudo.com.mx\/index.php\/wp-json\/wp\/v2\/comments?post=42114"}],"version-history":[{"count":0,"href":"https:\/\/politicosaldesnudo.com.mx\/index.php\/wp-json\/wp\/v2\/posts\/42114\/revisions"}],"wp:featuredmedia":[{"embeddable":true,"href":"https:\/\/politicosaldesnudo.com.mx\/index.php\/wp-json\/wp\/v2\/media\/42115"}],"wp:attachment":[{"href":"https:\/\/politicosaldesnudo.com.mx\/index.php\/wp-json\/wp\/v2\/media?parent=42114"}],"wp:term":[{"taxonomy":"category","embeddable":true,"href":"https:\/\/politicosaldesnudo.com.mx\/index.php\/wp-json\/wp\/v2\/categories?post=42114"},{"taxonomy":"post_tag","embeddable":true,"href":"https:\/\/politicosaldesnudo.com.mx\/index.php\/wp-json\/wp\/v2\/tags?post=42114"}],"curies":[{"name":"wp","href":"https:\/\/api.w.org\/{rel}","templated":true}]}}