{"id":42117,"date":"2024-07-17T08:12:22","date_gmt":"2024-07-17T13:12:22","guid":{"rendered":"https:\/\/politicosaldesnudo.com.mx\/?p=42117"},"modified":"2024-07-17T08:12:22","modified_gmt":"2024-07-17T13:12:22","slug":"ataques-en-aguascalientes-dejan-dos-muertos-y-dos-heridos","status":"publish","type":"post","link":"https:\/\/politicosaldesnudo.com.mx\/index.php\/2024\/07\/17\/ataques-en-aguascalientes-dejan-dos-muertos-y-dos-heridos\/","title":{"rendered":"Ataques en Aguascalientes dejan dos muertos y dos heridos"},"content":{"rendered":"<div>\n<div id=\"content-body-225-12248744\">\n<p><span style=\"font-size: 14pt;\">Aguascalientes\u00a0registro ataques en diversos puntos del estado; hasta el momento han dejado a\u00a0dos personas sin vida y dos lesionados, todos por arma de fuego.<\/span><\/p>\n<p><span style=\"font-size: 14pt;\">El primero de los hechos se registr\u00f3 en el municipio de\u00a0Asientos, Aguascalientes, espec\u00edficamente en el cruce de las calles 16 de septiembre y Emiliano Zapata, donde un\u00a0hombre\u00a0de alrededor de 35 a\u00f1os de edad fue\u00a0atacado a balazos.<\/span><\/p>\n<\/div>\n<\/div>\n<div>\n<div id=\"dfp-nota-1x3s\" data-google-query-id=\"CIf70PeSrocDFW6FywEdudUJbg\">\n<div id=\"google_ads_iframe_\/2000002\/la-prensa\/mexico_nota_1x3_0__container__\">\n<div id=\"inArticle_1\">\n<div>\n<div>\n<div>\n<div><span style=\"font-size: 14pt;\">De manera simult\u00e1nea se reportaron tres agresiones m\u00e1s, una de ellas al\u00a0interior de un domicilio ubicado en el Andador Claveles, del Infonavit Pirules, Aguascalientes, donde una\u00a0mujer fue asesinada a balazos.<\/span><\/div>\n<\/div>\n<\/div>\n<\/div>\n<\/div>\n<\/div>\n<\/div>\n<\/div>\n<article>\n<div id=\"content-body-5851641-12248744\">\n<p><span style=\"font-size: 14pt;\">Un ataque m\u00e1s se registr\u00f3 al interior de un inmueble de la calle Texcueca y Cuitzeo, en La Ribera, San Francisco de los Romo, Aguascalientes, donde\u00a0asesinaron a un hombre de 60 a\u00f1os de edad, adem\u00e1s de que\u00a0su acompa\u00f1ante fue lesionado.<\/span><\/p>\n<p><span style=\"font-size: 14pt;\">Finalmente, en Villa las Palmas, tambi\u00e9n se registr\u00f3 el\u00a0intento de un homicidio, un hombre qued\u00f3 lesionado luego de recibir al menos dos impactos de\u00a0arma de fuego.<\/span><\/p>\n<div>\n<div>\n<div>\n<div id=\"standard_4\">\n<div>\n<div>\n<div>\n<div><\/div>\n<\/div>\n<\/div>\n<\/div>\n<\/div>\n<\/div>\n<\/div>\n<\/div>\n<p><span style=\"font-size: 14pt;\">El titular de la Secretar\u00eda de Seguridad P\u00fablica Municipal, Antonio Mart\u00ednez Romo, confirm\u00f3 los diversos ataques y adem\u00e1s dijo tener caracter\u00edsticas de los presuntos agresores, que\u00a0en cada punto emplearon una motocicleta, de la que no se tienen mayores datos.<\/span><\/p>\n<\/div>\n<\/article>\n","protected":false},"excerpt":{"rendered":"<p>Aguascalientes\u00a0registro ataques en diversos puntos del estado; hasta el momento han dejado a\u00a0dos personas sin vida y dos lesionados, todos<\/p>\n","protected":false},"author":4,"featured_media":42118,"comment_status":"closed","ping_status":"closed","sticky":false,"template":"","format":"standard","meta":{"colormag_page_container_layout":"default_layout","colormag_page_sidebar_layout":"default_layout","_jetpack_memberships_contains_paid_content":false,"footnotes":"","jetpack_publicize_message":"","jetpack_publicize_feature_enabled":true,"jetpack_social_post_already_shared":false,"jetpack_social_options":{"image_generator_settings":{"template":"highway","default_image_id":0,"font":"","enabled":false},"version":2}},"categories":[33],"tags":[],"class_list":["post-42117","post","type-post","status-publish","format-standard","has-post-thumbnail","hentry","category-nacional"],"jetpack_publicize_connections":[],"jetpack_featured_media_url":"https:\/\/i0.wp.com\/politicosaldesnudo.com.mx\/wp-content\/uploads\/2024\/07\/Aguascalientes.jpg?fit=400%2C250&ssl=1","jetpack-related-posts":[],"jetpack_sharing_enabled":true,"_links":{"self":[{"href":"https:\/\/politicosaldesnudo.com.mx\/index.php\/wp-json\/wp\/v2\/posts\/42117","targetHints":{"allow":["GET"]}}],"collection":[{"href":"https:\/\/politicosaldesnudo.com.mx\/index.php\/wp-json\/wp\/v2\/posts"}],"about":[{"href":"https:\/\/politicosaldesnudo.com.mx\/index.php\/wp-json\/wp\/v2\/types\/post"}],"author":[{"embeddable":true,"href":"https:\/\/politicosaldesnudo.com.mx\/index.php\/wp-json\/wp\/v2\/users\/4"}],"replies":[{"embeddable":true,"href":"https:\/\/politicosaldesnudo.com.mx\/index.php\/wp-json\/wp\/v2\/comments?post=42117"}],"version-history":[{"count":0,"href":"https:\/\/politicosaldesnudo.com.mx\/index.php\/wp-json\/wp\/v2\/posts\/42117\/revisions"}],"wp:featuredmedia":[{"embeddable":true,"href":"https:\/\/politicosaldesnudo.com.mx\/index.php\/wp-json\/wp\/v2\/media\/42118"}],"wp:attachment":[{"href":"https:\/\/politicosaldesnudo.com.mx\/index.php\/wp-json\/wp\/v2\/media?parent=42117"}],"wp:term":[{"taxonomy":"category","embeddable":true,"href":"https:\/\/politicosaldesnudo.com.mx\/index.php\/wp-json\/wp\/v2\/categories?post=42117"},{"taxonomy":"post_tag","embeddable":true,"href":"https:\/\/politicosaldesnudo.com.mx\/index.php\/wp-json\/wp\/v2\/tags?post=42117"}],"curies":[{"name":"wp","href":"https:\/\/api.w.org\/{rel}","templated":true}]}}