{"id":4214,"date":"2022-04-21T13:12:55","date_gmt":"2022-04-21T18:12:55","guid":{"rendered":"https:\/\/politicosaldesnudo.com.mx\/?p=4214"},"modified":"2022-04-21T13:15:57","modified_gmt":"2022-04-21T18:15:57","slug":"diputados-de-dedo-se-alejan-de-la-patria-y-se-vinculan-al-negocio","status":"publish","type":"post","link":"https:\/\/politicosaldesnudo.com.mx\/index.php\/2022\/04\/21\/diputados-de-dedo-se-alejan-de-la-patria-y-se-vinculan-al-negocio\/","title":{"rendered":"Diputados de \u201cdedo\u201d se alejan de la patria y se vinculan al negocio"},"content":{"rendered":"<p>&nbsp;<\/p>\n<p class=\"p1\"><span style=\"font-size: 18pt;\"><strong>Por Jos\u00e9 Lima Cobos <\/strong><\/span><\/p>\n<p>&nbsp;<\/p>\n<p class=\"p1\"><span style=\"font-size: 14pt;\">Es incuestionable que<strong> los diputados de \u201cdedo\u201d<\/strong>&#8211; que son nombrados por las c\u00fapulas de los partidos o bien por los grandes empresarios- <strong>tienen que estar al servicio de intereses extra\u00f1os al pa\u00eds, por eso, no es<span class=\"Apple-converted-space\">\u00a0 <\/span>casual<span class=\"Apple-converted-space\">\u00a0 <\/span>que est\u00e9n aliados a las compa\u00f1\u00edas extranjeras<span class=\"Apple-converted-space\">\u00a0 <\/span>de distinto orden<span class=\"Apple-converted-space\">\u00a0 <\/span>y<span class=\"Apple-converted-space\">\u00a0 <\/span>se<span class=\"Apple-converted-space\">\u00a0 <\/span>coaliguen<span class=\"Apple-converted-space\">\u00a0 <\/span>para convertir en \u201cchatarra\u201d a la Comisi\u00f3n Federal de Electricidad y al quebrarla, quede ese recurso en el mercado voraz y especulativa que ocasiona la energ\u00eda el\u00e9ctrica.<\/strong><\/span><\/p>\n<blockquote>\n<p class=\"p1\"><span style=\"font-size: 14pt;\">La decisi\u00f3n de la oposici\u00f3n prianista y perredista para actuar en bloque<span class=\"Apple-converted-space\">\u00a0 <\/span>&#8211; cl\u00e1sica pandilla-, y as\u00ed sepultar a<span class=\"Apple-converted-space\">\u00a0 <\/span>esa empresa<span class=\"Apple-converted-space\">\u00a0 <\/span>productiva de la naci\u00f3n, permite que, los partidos que vienen luchando por una aut\u00e9ntica transformaci\u00f3n nacional, los ubiquen en el exacto contexto del discurso del<span class=\"Apple-converted-space\">\u00a0 <\/span>presidente L\u00f3pez Mateos- nacionalizador de la industria el\u00e9ctrica para electrificar al pa\u00eds- cuando al entregar ese recurso, que estaba en<span class=\"Apple-converted-space\">\u00a0 <\/span>poder de compa\u00f1\u00edas extranjeras, expresara que \u201c no se conf\u00eden en que vendr\u00e1n personas traidoras a M\u00e9xico,<span class=\"Apple-converted-space\">\u00a0 <\/span>prestan a que se les despoje\u201d .<\/span><\/p>\n<\/blockquote>\n<p class=\"p1\"><span style=\"font-size: 14pt;\">Esa<span class=\"Apple-converted-space\">\u00a0 <\/span>expresi\u00f3n presidencial, lleva a ubicar a cada quien en su sitio, sin embargo,<span class=\"Apple-converted-space\">\u00a0 <\/span>esa minor\u00eda rapaz y ambiciosa \u2013 encabezada por <strong>la esposa del ex presidente panista Felipe<span class=\"Apple-converted-space\">\u00a0 <\/span>Calder\u00f3n, Margarita Zavala, que, por cierto recibi\u00f3 seis millones de pesos para su campa\u00f1a presidencial del due\u00f1o de la empresa Pe\u00f1oles y<span class=\"Apple-converted-space\">\u00a0 <\/span>Palacio de Hierro<\/strong>&#8211; se siente <strong>agredidas y ofendidas al ubic\u00e1rseles como traidores a la patria<\/strong>, pues , conscientes o inconscientes, de que est\u00e1n<span class=\"Apple-converted-space\">\u00a0 <\/span>poniendo en riesgo los<span class=\"Apple-converted-space\">\u00a0 <\/span>bienes del pueblo y<span class=\"Apple-converted-space\">\u00a0 <\/span>de la patria, <span class=\"Apple-converted-space\">\u00a0 <\/span>fueron<span class=\"Apple-converted-space\">\u00a0 <\/span>utilizadas por menguar,<span class=\"Apple-converted-space\">\u00a0 <\/span>ese espacio de apoyo social; tan f\u00e1cil que que lo explique y se justifiquen y pidan perd\u00f3n.<\/span><\/p>\n<p class=\"p1\"><span style=\"font-size: 14pt;\"><strong>Ahora bien, si<span class=\"Apple-converted-space\">\u00a0 <\/span>su temor es que sufran alguna agresi\u00f3n al ser estigmatizadas en esa forma,<span class=\"Apple-converted-space\">\u00a0 <\/span>la postura consecuente es que , si llegaron por el \u201cdedo\u201d<\/strong>,- la gran mayor\u00eda opositora son de representaci\u00f3n proporcional-<span class=\"Apple-converted-space\">\u00a0 <\/span>ahora que vayan a la plaza p\u00fablica y que expliquen la raz\u00f3n de su conducta porque, <strong>si el<span class=\"Apple-converted-space\">\u00a0 <\/span>voto<span class=\"Apple-converted-space\">\u00a0 <\/span>los mantiene en el cargo y les pagan el pueblo, que desquiten y que justifiquen<span class=\"Apple-converted-space\">\u00a0 <\/span>el sueldo, de manera tal que, si<span class=\"Apple-converted-space\">\u00a0 <\/span>su conducta fue honesta y responsable<\/strong>,<span class=\"Apple-converted-space\">\u00a0 <\/span>a que le temen y se alebrestan, se\u00f1alando que esa actitud es de odio, cuando , exactamente , en la semana santa traici\u00f3n a su<span class=\"Apple-converted-space\">\u00a0 <\/span>patria.<\/span><\/p>\n<p class=\"p1\"><span style=\"font-size: 14pt;\"><strong>El pretexto<span class=\"Apple-converted-space\">\u00a0 <\/span>que se busca , dentro de su<span class=\"Apple-converted-space\">\u00a0 <\/span>cobard\u00eda, es que todo quede en lo oscurito y que no se pierda la supuesta respetabilidad que guardan en la sociedad<span class=\"Apple-converted-space\">\u00a0 <\/span><\/strong>que, si bien se negaron a que se elevar\u00e1 a rango constitucional que esa empresa<span class=\"Apple-converted-space\">\u00a0 <\/span>sea inatacable,<span class=\"Apple-converted-space\">\u00a0 <\/span>que ponderen lo que dice el c\u00f3digo penal federal en raz\u00f3n a los traidores a la patria y que vayan ante los jueces<span class=\"Apple-converted-space\">\u00a0 <\/span>a demandar, no el supuesto da\u00f1o moral, sino que su<span class=\"Apple-converted-space\">\u00a0 <\/span>actuar est\u00e1 en congruencia con su pensamiento reaccionario y contra a los intereses de la naci\u00f3n \u2013 lo que es respetable desde cualquier punto de vista-, en concreto que se quiten la m\u00e1scara<span class=\"Apple-converted-space\">\u00a0 <\/span>y que quede sepultada la simulaci\u00f3n con que act\u00faan.<\/span><\/p>\n<p class=\"p1\"><span style=\"font-size: 14pt;\">La existencia de <strong>la oposici\u00f3n es buena y saludable<span class=\"Apple-converted-space\">\u00a0 <\/span>en todo desarrollo pol\u00edtico, si se act\u00faa<span class=\"Apple-converted-space\">\u00a0 <\/span>y se le habla a la ciudadan\u00eda con claridad el objetivo<span class=\"Apple-converted-space\">\u00a0 <\/span>que se persigue<\/strong>, es decir, si se gobierna para servir a las mayor\u00edas o bien a<span class=\"Apple-converted-space\">\u00a0 <\/span>la minor\u00eda explotadora, <span class=\"Apple-converted-space\">\u00a0 <\/span>porque en la vida solo existe un solo camino, el de la dignidad o bien<span class=\"Apple-converted-space\">\u00a0 <\/span>el de la sumisi\u00f3n, porque no se puede vivir en dos aguas- como el robalo-hay que definirse y eso importa mucho.<\/span><\/p>\n<p class=\"p1\"><span style=\"font-size: 14pt;\">Cuando <strong>Carlos Salinas de Gortari<\/strong> &#8211; que llega al gobierno mediante<span class=\"Apple-converted-space\">\u00a0 <\/span><strong>un moustroso<span class=\"Apple-converted-space\">\u00a0 <\/span>fraude electoral del 88<\/strong>, postulado por el Partido Revolucionario Institucional,<strong> jam\u00e1s habl\u00f3 de reformar el art\u00edculo 27 constitucional , -para quitarle a la naci\u00f3n su derecho inalienable e imprescriptible del domino de la naci\u00f3n sobre la tierra y el contenido del subsuelo nacional<\/strong>&#8211; , sin embargo, en actitud de aut\u00e9ntico farsante y criminal,<span class=\"Apple-converted-space\">\u00a0 <\/span>coopt\u00f3 y corrompi\u00f3 a todas fuerzas que operaban,<span class=\"Apple-converted-space\">\u00a0 <\/span>mediante fuertes ca\u00f1azos<span class=\"Apple-converted-space\">\u00a0 <\/span>y<span class=\"Apple-converted-space\">\u00a0 <\/span>logr\u00f3 su<span class=\"Apple-converted-space\">\u00a0 <\/span>prop\u00f3sito contra la naci\u00f3n ; igual aconteci\u00f3 con Pe\u00f1a Nieto y, ahora, se tiene que luchar<span class=\"Apple-converted-space\">\u00a0 <\/span>para subsanar esas agresiones que mantienen al pa\u00eds con un nivel de pobreza<span class=\"Apple-converted-space\">\u00a0 <\/span>y corrupci\u00f3n e impunidad extrema, algo que el presidente L\u00f3pez<span class=\"Apple-converted-space\">\u00a0 <\/span>Obrador anunci\u00f3 de manera anticipaba que transformaci\u00f3n ser\u00eda de arma<span class=\"Apple-converted-space\">\u00a0 <\/span>,alcanzando, de manera democr\u00e1tica ,m\u00e1s de 30 millones de votos, que ni todos los partidos adversario juntos,<span class=\"Apple-converted-space\">\u00a0 <\/span>logran<span class=\"Apple-converted-space\">\u00a0 <\/span>en su contra.<\/span><\/p>\n<blockquote>\n<p class=\"p1\"><span style=\"font-size: 14pt;\">Los intereses en contra de la naci\u00f3n est\u00e1n a la vista y las presiones est\u00e1n a la orden del d\u00eda, de manera que se obstaculice la gobernabilidad del pa\u00eds. Por principio de cuentas, son claros los obst\u00e1culos<span class=\"Apple-converted-space\">\u00a0 <\/span>que el<span class=\"Apple-converted-space\">\u00a0 <\/span>INE utiliz\u00f3 para que la revocaci\u00f3n del mandato del presidente L\u00f3pez Obrador no se realizara en su forma, pues tendr\u00eda que haber instalado no menos de 116<span class=\"Apple-converted-space\">\u00a0 <\/span>mil casillas, sin embargo, alegando falta de recursos solo instal\u00f3 57 mil centros de recepci\u00f3n y cambiando su ubicaci\u00f3n, sin embargo se obtuvieron m\u00e1s de quince millones de<span class=\"Apple-converted-space\">\u00a0 <\/span>votos, porque en caso contrario y<span class=\"Apple-converted-space\">\u00a0 <\/span>en base a pron\u00f3sticos reales, se hubieran logrado no menos de 47 millones a su favor, lo que impidi\u00f3 que fuera vinculante.<\/span><\/p>\n<\/blockquote>\n<p class=\"p1\"><span style=\"font-size: 14pt;\">Si bien el pa\u00eds a\u00fan logra liberarse de la ataduras que la oligarqu\u00eda<span class=\"Apple-converted-space\">\u00a0 <\/span>ha establecido, al menos existe la posibilidad de que se finque responsable al presidente de ese organismo electoral, <strong>Lorenzo C\u00f3rdova, porque, teniendo recursos de m\u00e1s de mil millones de pesos,<span class=\"Apple-converted-space\">\u00a0 <\/span>en ilegales fideicomisos, no dispuso su<span class=\"Apple-converted-space\">\u00a0 <\/span>disoluci\u00f3n ante la emergencia electoral que constitucionalmente estaba obligado a respetar<\/strong> , lo que ser\u00eda un gran precedente, pues alegando imposibilidad por razones balad\u00edes, se puede seguir incurriendo en argumentar que nadie esta obligado a lo imposible.<\/span><\/p>\n<p>&nbsp;<\/p>\n<p>&nbsp;<\/p>\n<p>&nbsp;<\/p>\n<p class=\"p1\"><strong><span style=\"font-size: 18pt;\">Correo: <a href=\"mailto:limacobos@hotmail.com\">limacobos@hotmail.com<\/a><\/span><\/strong><\/p>\n<p class=\"p1\"><strong><span style=\"font-size: 18pt;\">Twiter: <a href=\"https:\/\/twitter.com\/limacobos1\">@limacobos1<\/a><\/span><\/strong><\/p>\n<p>&nbsp;<\/p>\n<p>&nbsp;<\/p>\n<p>&nbsp;<\/p>\n","protected":false},"excerpt":{"rendered":"<p>&nbsp; Por Jos\u00e9 Lima Cobos &nbsp; Es incuestionable que los diputados de \u201cdedo\u201d&#8211; que son nombrados por las c\u00fapulas de [&hellip;]<\/p>\n","protected":false},"author":4,"featured_media":4215,"comment_status":"closed","ping_status":"closed","sticky":false,"template":"","format":"standard","meta":{"site-sidebar-layout":"default","site-content-layout":"","ast-site-content-layout":"default","site-content-style":"default","site-sidebar-style":"default","ast-global-header-display":"","ast-banner-title-visibility":"","ast-main-header-display":"","ast-hfb-above-header-display":"","ast-hfb-below-header-display":"","ast-hfb-mobile-header-display":"","site-post-title":"","ast-breadcrumbs-content":"","ast-featured-img":"","footer-sml-layout":"","ast-disable-related-posts":"","theme-transparent-header-meta":"","adv-header-id-meta":"","stick-header-meta":"","header-above-stick-meta":"","header-main-stick-meta":"","header-below-stick-meta":"","astra-migrate-meta-layouts":"default","ast-page-background-enabled":"default","ast-page-background-meta":{"desktop":{"background-color":"var(--ast-global-color-5)","background-image":"","background-repeat":"repeat","background-position":"center center","background-size":"auto","background-attachment":"scroll","background-type":"","background-media":"","overlay-type":"","overlay-color":"","overlay-opacity":"","overlay-gradient":""},"tablet":{"background-color":"","background-image":"","background-repeat":"repeat","background-position":"center center","background-size":"auto","background-attachment":"scroll","background-type":"","background-media":"","overlay-type":"","overlay-color":"","overlay-opacity":"","overlay-gradient":""},"mobile":{"background-color":"","background-image":"","background-repeat":"repeat","background-position":"center center","background-size":"auto","background-attachment":"scroll","background-type":"","background-media":"","overlay-type":"","overlay-color":"","overlay-opacity":"","overlay-gradient":""}},"ast-content-background-meta":{"desktop":{"background-color":"var(--ast-global-color-4)","background-image":"","background-repeat":"repeat","background-position":"center center","background-size":"auto","background-attachment":"scroll","background-type":"","background-media":"","overlay-type":"","overlay-color":"","overlay-opacity":"","overlay-gradient":""},"tablet":{"background-color":"var(--ast-global-color-4)","background-image":"","background-repeat":"repeat","background-position":"center center","background-size":"auto","background-attachment":"scroll","background-type":"","background-media":"","overlay-type":"","overlay-color":"","overlay-opacity":"","overlay-gradient":""},"mobile":{"background-color":"var(--ast-global-color-4)","background-image":"","background-repeat":"repeat","background-position":"center center","background-size":"auto","background-attachment":"scroll","background-type":"","background-media":"","overlay-type":"","overlay-color":"","overlay-opacity":"","overlay-gradient":""}},"_jetpack_newsletter_access":"","_jetpack_dont_email_post_to_subs":false,"_jetpack_newsletter_tier_id":0,"_jetpack_memberships_contains_paywalled_content":false,"_jetpack_feature_clip_id":0,"_jetpack_memberships_contains_paid_content":false,"footnotes":"","jetpack_publicize_message":"","jetpack_publicize_feature_enabled":true,"jetpack_social_post_already_shared":false,"jetpack_social_options":{"image_generator_settings":{"template":"highway","default_image_id":0,"font":"","enabled":false},"version":2},"jetpack_post_was_ever_published":false},"categories":[26],"tags":[498,446,487],"class_list":["post-4214","post","type-post","status-publish","format-standard","has-post-thumbnail","hentry","category-columnistas","tag-patria","tag-reforma-energetica","tag-traidores"],"yoast_head":"<!-- This site is optimized with the Yoast SEO plugin v28.3 - https:\/\/yoast.com\/product\/yoast-seo-wordpress\/ -->\n<title>Diputados de \u201cdedo\u201d se alejan de la patria y se vinculan al negocio - Pol\u00edticos al Desnudo<\/title>\n<meta name=\"robots\" content=\"index, follow, max-snippet:-1, max-image-preview:large, max-video-preview:-1\" \/>\n<link rel=\"canonical\" href=\"https:\/\/politicosaldesnudo.com.mx\/index.php\/2022\/04\/21\/diputados-de-dedo-se-alejan-de-la-patria-y-se-vinculan-al-negocio\/\" \/>\n<meta property=\"og:locale\" content=\"es_ES\" \/>\n<meta property=\"og:type\" content=\"article\" \/>\n<meta property=\"og:title\" content=\"Diputados de \u201cdedo\u201d se alejan de la patria y se vinculan al negocio - Pol\u00edticos al Desnudo\" \/>\n<meta property=\"og:description\" content=\"&nbsp; Por Jos\u00e9 Lima Cobos &nbsp; Es incuestionable que los diputados de \u201cdedo\u201d&#8211; que son nombrados por las c\u00fapulas de [&hellip;]\" \/>\n<meta property=\"og:url\" content=\"https:\/\/politicosaldesnudo.com.mx\/index.php\/2022\/04\/21\/diputados-de-dedo-se-alejan-de-la-patria-y-se-vinculan-al-negocio\/\" \/>\n<meta property=\"og:site_name\" content=\"Pol\u00edticos al Desnudo\" \/>\n<meta property=\"article:publisher\" content=\"https:\/\/www.facebook.com\/PoliticosAD\" \/>\n<meta property=\"article:published_time\" content=\"2022-04-21T18:12:55+00:00\" \/>\n<meta property=\"article:modified_time\" content=\"2022-04-21T18:15:57+00:00\" \/>\n<meta property=\"og:image\" content=\"https:\/\/i0.wp.com\/politicosaldesnudo.com.mx\/wp-content\/uploads\/2022\/04\/JOSE%CC%81-LIMA-COBOS.png?fit=1816%2C1016&ssl=1\" \/>\n\t<meta property=\"og:image:width\" content=\"1816\" \/>\n\t<meta property=\"og:image:height\" content=\"1016\" \/>\n\t<meta property=\"og:image:type\" content=\"image\/png\" \/>\n<meta name=\"author\" content=\"Redacci\u00f3n Pol\u00edticos\" \/>\n<meta name=\"twitter:card\" content=\"summary_large_image\" \/>\n<meta name=\"twitter:label1\" content=\"Escrito por\" \/>\n\t<meta name=\"twitter:data1\" content=\"Redacci\u00f3n Pol\u00edticos\" \/>\n\t<meta name=\"twitter:label2\" content=\"Tiempo de lectura\" \/>\n\t<meta name=\"twitter:data2\" content=\"5 minutos\" \/>\n<script type=\"application\/ld+json\" class=\"yoast-schema-graph\">{\"@context\":\"https:\\\/\\\/schema.org\",\"@graph\":[{\"@type\":\"Article\",\"@id\":\"https:\\\/\\\/politicosaldesnudo.com.mx\\\/index.php\\\/2022\\\/04\\\/21\\\/diputados-de-dedo-se-alejan-de-la-patria-y-se-vinculan-al-negocio\\\/#article\",\"isPartOf\":{\"@id\":\"https:\\\/\\\/politicosaldesnudo.com.mx\\\/index.php\\\/2022\\\/04\\\/21\\\/diputados-de-dedo-se-alejan-de-la-patria-y-se-vinculan-al-negocio\\\/\"},\"author\":{\"name\":\"Redacci\u00f3n Pol\u00edticos\",\"@id\":\"https:\\\/\\\/politicosaldesnudo.com.mx\\\/#\\\/schema\\\/person\\\/ef3a64e561cc3f3f5dc52fab81adde7e\"},\"headline\":\"Diputados de \u201cdedo\u201d se alejan de la patria y se vinculan al negocio\",\"datePublished\":\"2022-04-21T18:12:55+00:00\",\"dateModified\":\"2022-04-21T18:15:57+00:00\",\"mainEntityOfPage\":{\"@id\":\"https:\\\/\\\/politicosaldesnudo.com.mx\\\/index.php\\\/2022\\\/04\\\/21\\\/diputados-de-dedo-se-alejan-de-la-patria-y-se-vinculan-al-negocio\\\/\"},\"wordCount\":1047,\"publisher\":{\"@id\":\"https:\\\/\\\/politicosaldesnudo.com.mx\\\/#organization\"},\"image\":{\"@id\":\"https:\\\/\\\/politicosaldesnudo.com.mx\\\/index.php\\\/2022\\\/04\\\/21\\\/diputados-de-dedo-se-alejan-de-la-patria-y-se-vinculan-al-negocio\\\/#primaryimage\"},\"thumbnailUrl\":\"https:\\\/\\\/i0.wp.com\\\/politicosaldesnudo.com.mx\\\/wp-content\\\/uploads\\\/2022\\\/04\\\/JOSE%CC%81-LIMA-COBOS.png?fit=1816%2C1016&ssl=1\",\"keywords\":[\"PATRIA\",\"REFORMA ENERG\u00c9TICA\",\"TRAIDORES\"],\"articleSection\":[\"OPINI\u00d3N\"],\"inLanguage\":\"es\"},{\"@type\":\"WebPage\",\"@id\":\"https:\\\/\\\/politicosaldesnudo.com.mx\\\/index.php\\\/2022\\\/04\\\/21\\\/diputados-de-dedo-se-alejan-de-la-patria-y-se-vinculan-al-negocio\\\/\",\"url\":\"https:\\\/\\\/politicosaldesnudo.com.mx\\\/index.php\\\/2022\\\/04\\\/21\\\/diputados-de-dedo-se-alejan-de-la-patria-y-se-vinculan-al-negocio\\\/\",\"name\":\"Diputados de \u201cdedo\u201d se alejan de la patria y se vinculan al negocio - Pol\u00edticos al Desnudo\",\"isPartOf\":{\"@id\":\"https:\\\/\\\/politicosaldesnudo.com.mx\\\/#website\"},\"primaryImageOfPage\":{\"@id\":\"https:\\\/\\\/politicosaldesnudo.com.mx\\\/index.php\\\/2022\\\/04\\\/21\\\/diputados-de-dedo-se-alejan-de-la-patria-y-se-vinculan-al-negocio\\\/#primaryimage\"},\"image\":{\"@id\":\"https:\\\/\\\/politicosaldesnudo.com.mx\\\/index.php\\\/2022\\\/04\\\/21\\\/diputados-de-dedo-se-alejan-de-la-patria-y-se-vinculan-al-negocio\\\/#primaryimage\"},\"thumbnailUrl\":\"https:\\\/\\\/i0.wp.com\\\/politicosaldesnudo.com.mx\\\/wp-content\\\/uploads\\\/2022\\\/04\\\/JOSE%CC%81-LIMA-COBOS.png?fit=1816%2C1016&ssl=1\",\"datePublished\":\"2022-04-21T18:12:55+00:00\",\"dateModified\":\"2022-04-21T18:15:57+00:00\",\"breadcrumb\":{\"@id\":\"https:\\\/\\\/politicosaldesnudo.com.mx\\\/index.php\\\/2022\\\/04\\\/21\\\/diputados-de-dedo-se-alejan-de-la-patria-y-se-vinculan-al-negocio\\\/#breadcrumb\"},\"inLanguage\":\"es\",\"potentialAction\":[{\"@type\":\"ReadAction\",\"target\":[\"https:\\\/\\\/politicosaldesnudo.com.mx\\\/index.php\\\/2022\\\/04\\\/21\\\/diputados-de-dedo-se-alejan-de-la-patria-y-se-vinculan-al-negocio\\\/\"]}]},{\"@type\":\"ImageObject\",\"inLanguage\":\"es\",\"@id\":\"https:\\\/\\\/politicosaldesnudo.com.mx\\\/index.php\\\/2022\\\/04\\\/21\\\/diputados-de-dedo-se-alejan-de-la-patria-y-se-vinculan-al-negocio\\\/#primaryimage\",\"url\":\"https:\\\/\\\/i0.wp.com\\\/politicosaldesnudo.com.mx\\\/wp-content\\\/uploads\\\/2022\\\/04\\\/JOSE%CC%81-LIMA-COBOS.png?fit=1816%2C1016&ssl=1\",\"contentUrl\":\"https:\\\/\\\/i0.wp.com\\\/politicosaldesnudo.com.mx\\\/wp-content\\\/uploads\\\/2022\\\/04\\\/JOSE%CC%81-LIMA-COBOS.png?fit=1816%2C1016&ssl=1\",\"width\":1816,\"height\":1016},{\"@type\":\"BreadcrumbList\",\"@id\":\"https:\\\/\\\/politicosaldesnudo.com.mx\\\/index.php\\\/2022\\\/04\\\/21\\\/diputados-de-dedo-se-alejan-de-la-patria-y-se-vinculan-al-negocio\\\/#breadcrumb\",\"itemListElement\":[{\"@type\":\"ListItem\",\"position\":1,\"name\":\"Portada\",\"item\":\"https:\\\/\\\/politicosaldesnudo.com.mx\\\/\"},{\"@type\":\"ListItem\",\"position\":2,\"name\":\"Diputados de \u201cdedo\u201d se alejan de la patria y se vinculan al negocio\"}]},{\"@type\":\"WebSite\",\"@id\":\"https:\\\/\\\/politicosaldesnudo.com.mx\\\/#website\",\"url\":\"https:\\\/\\\/politicosaldesnudo.com.mx\\\/\",\"name\":\"Pol\u00edticos al Desnudo\",\"description\":\"\",\"publisher\":{\"@id\":\"https:\\\/\\\/politicosaldesnudo.com.mx\\\/#organization\"},\"potentialAction\":[{\"@type\":\"SearchAction\",\"target\":{\"@type\":\"EntryPoint\",\"urlTemplate\":\"https:\\\/\\\/politicosaldesnudo.com.mx\\\/?s={search_term_string}\"},\"query-input\":{\"@type\":\"PropertyValueSpecification\",\"valueRequired\":true,\"valueName\":\"search_term_string\"}}],\"inLanguage\":\"es\"},{\"@type\":\"Organization\",\"@id\":\"https:\\\/\\\/politicosaldesnudo.com.mx\\\/#organization\",\"name\":\"Pol\u00edticos al Desnudo\",\"url\":\"https:\\\/\\\/politicosaldesnudo.com.mx\\\/\",\"logo\":{\"@type\":\"ImageObject\",\"inLanguage\":\"es\",\"@id\":\"https:\\\/\\\/politicosaldesnudo.com.mx\\\/#\\\/schema\\\/logo\\\/image\\\/\",\"url\":\"https:\\\/\\\/i0.wp.com\\\/politicosaldesnudo.com.mx\\\/wp-content\\\/uploads\\\/2026\\\/08\\\/cropped-logo.webp?fit=400%2C126&ssl=1\",\"contentUrl\":\"https:\\\/\\\/i0.wp.com\\\/politicosaldesnudo.com.mx\\\/wp-content\\\/uploads\\\/2026\\\/08\\\/cropped-logo.webp?fit=400%2C126&ssl=1\",\"width\":400,\"height\":126,\"caption\":\"Pol\u00edticos al Desnudo\"},\"image\":{\"@id\":\"https:\\\/\\\/politicosaldesnudo.com.mx\\\/#\\\/schema\\\/logo\\\/image\\\/\"},\"sameAs\":[\"https:\\\/\\\/www.facebook.com\\\/PoliticosAD\"]},{\"@type\":\"Person\",\"@id\":\"https:\\\/\\\/politicosaldesnudo.com.mx\\\/#\\\/schema\\\/person\\\/ef3a64e561cc3f3f5dc52fab81adde7e\",\"name\":\"Redacci\u00f3n Pol\u00edticos\",\"url\":\"https:\\\/\\\/politicosaldesnudo.com.mx\\\/index.php\\\/author\\\/redaccion-politicos\\\/\"}]}<\/script>\n<!-- \/ Yoast SEO plugin. -->","yoast_head_json":{"title":"Diputados de \u201cdedo\u201d se alejan de la patria y se vinculan al negocio - Pol\u00edticos al Desnudo","robots":{"index":"index","follow":"follow","max-snippet":"max-snippet:-1","max-image-preview":"max-image-preview:large","max-video-preview":"max-video-preview:-1"},"canonical":"https:\/\/politicosaldesnudo.com.mx\/index.php\/2022\/04\/21\/diputados-de-dedo-se-alejan-de-la-patria-y-se-vinculan-al-negocio\/","og_locale":"es_ES","og_type":"article","og_title":"Diputados de \u201cdedo\u201d se alejan de la patria y se vinculan al negocio - Pol\u00edticos al Desnudo","og_description":"&nbsp; Por Jos\u00e9 Lima Cobos &nbsp; Es incuestionable que los diputados de \u201cdedo\u201d&#8211; que son nombrados por las c\u00fapulas de [&hellip;]","og_url":"https:\/\/politicosaldesnudo.com.mx\/index.php\/2022\/04\/21\/diputados-de-dedo-se-alejan-de-la-patria-y-se-vinculan-al-negocio\/","og_site_name":"Pol\u00edticos al Desnudo","article_publisher":"https:\/\/www.facebook.com\/PoliticosAD","article_published_time":"2022-04-21T18:12:55+00:00","article_modified_time":"2022-04-21T18:15:57+00:00","og_image":[{"width":1816,"height":1016,"url":"https:\/\/i0.wp.com\/politicosaldesnudo.com.mx\/wp-content\/uploads\/2022\/04\/JOSE%CC%81-LIMA-COBOS.png?fit=1816%2C1016&ssl=1","type":"image\/png"}],"author":"Redacci\u00f3n Pol\u00edticos","twitter_card":"summary_large_image","twitter_misc":{"Escrito por":"Redacci\u00f3n Pol\u00edticos","Tiempo de lectura":"5 minutos"},"schema":{"@context":"https:\/\/schema.org","@graph":[{"@type":"Article","@id":"https:\/\/politicosaldesnudo.com.mx\/index.php\/2022\/04\/21\/diputados-de-dedo-se-alejan-de-la-patria-y-se-vinculan-al-negocio\/#article","isPartOf":{"@id":"https:\/\/politicosaldesnudo.com.mx\/index.php\/2022\/04\/21\/diputados-de-dedo-se-alejan-de-la-patria-y-se-vinculan-al-negocio\/"},"author":{"name":"Redacci\u00f3n Pol\u00edticos","@id":"https:\/\/politicosaldesnudo.com.mx\/#\/schema\/person\/ef3a64e561cc3f3f5dc52fab81adde7e"},"headline":"Diputados de \u201cdedo\u201d se alejan de la patria y se vinculan al negocio","datePublished":"2022-04-21T18:12:55+00:00","dateModified":"2022-04-21T18:15:57+00:00","mainEntityOfPage":{"@id":"https:\/\/politicosaldesnudo.com.mx\/index.php\/2022\/04\/21\/diputados-de-dedo-se-alejan-de-la-patria-y-se-vinculan-al-negocio\/"},"wordCount":1047,"publisher":{"@id":"https:\/\/politicosaldesnudo.com.mx\/#organization"},"image":{"@id":"https:\/\/politicosaldesnudo.com.mx\/index.php\/2022\/04\/21\/diputados-de-dedo-se-alejan-de-la-patria-y-se-vinculan-al-negocio\/#primaryimage"},"thumbnailUrl":"https:\/\/i0.wp.com\/politicosaldesnudo.com.mx\/wp-content\/uploads\/2022\/04\/JOSE%CC%81-LIMA-COBOS.png?fit=1816%2C1016&ssl=1","keywords":["PATRIA","REFORMA ENERG\u00c9TICA","TRAIDORES"],"articleSection":["OPINI\u00d3N"],"inLanguage":"es"},{"@type":"WebPage","@id":"https:\/\/politicosaldesnudo.com.mx\/index.php\/2022\/04\/21\/diputados-de-dedo-se-alejan-de-la-patria-y-se-vinculan-al-negocio\/","url":"https:\/\/politicosaldesnudo.com.mx\/index.php\/2022\/04\/21\/diputados-de-dedo-se-alejan-de-la-patria-y-se-vinculan-al-negocio\/","name":"Diputados de \u201cdedo\u201d se alejan de la patria y se vinculan al negocio - Pol\u00edticos al Desnudo","isPartOf":{"@id":"https:\/\/politicosaldesnudo.com.mx\/#website"},"primaryImageOfPage":{"@id":"https:\/\/politicosaldesnudo.com.mx\/index.php\/2022\/04\/21\/diputados-de-dedo-se-alejan-de-la-patria-y-se-vinculan-al-negocio\/#primaryimage"},"image":{"@id":"https:\/\/politicosaldesnudo.com.mx\/index.php\/2022\/04\/21\/diputados-de-dedo-se-alejan-de-la-patria-y-se-vinculan-al-negocio\/#primaryimage"},"thumbnailUrl":"https:\/\/i0.wp.com\/politicosaldesnudo.com.mx\/wp-content\/uploads\/2022\/04\/JOSE%CC%81-LIMA-COBOS.png?fit=1816%2C1016&ssl=1","datePublished":"2022-04-21T18:12:55+00:00","dateModified":"2022-04-21T18:15:57+00:00","breadcrumb":{"@id":"https:\/\/politicosaldesnudo.com.mx\/index.php\/2022\/04\/21\/diputados-de-dedo-se-alejan-de-la-patria-y-se-vinculan-al-negocio\/#breadcrumb"},"inLanguage":"es","potentialAction":[{"@type":"ReadAction","target":["https:\/\/politicosaldesnudo.com.mx\/index.php\/2022\/04\/21\/diputados-de-dedo-se-alejan-de-la-patria-y-se-vinculan-al-negocio\/"]}]},{"@type":"ImageObject","inLanguage":"es","@id":"https:\/\/politicosaldesnudo.com.mx\/index.php\/2022\/04\/21\/diputados-de-dedo-se-alejan-de-la-patria-y-se-vinculan-al-negocio\/#primaryimage","url":"https:\/\/i0.wp.com\/politicosaldesnudo.com.mx\/wp-content\/uploads\/2022\/04\/JOSE%CC%81-LIMA-COBOS.png?fit=1816%2C1016&ssl=1","contentUrl":"https:\/\/i0.wp.com\/politicosaldesnudo.com.mx\/wp-content\/uploads\/2022\/04\/JOSE%CC%81-LIMA-COBOS.png?fit=1816%2C1016&ssl=1","width":1816,"height":1016},{"@type":"BreadcrumbList","@id":"https:\/\/politicosaldesnudo.com.mx\/index.php\/2022\/04\/21\/diputados-de-dedo-se-alejan-de-la-patria-y-se-vinculan-al-negocio\/#breadcrumb","itemListElement":[{"@type":"ListItem","position":1,"name":"Portada","item":"https:\/\/politicosaldesnudo.com.mx\/"},{"@type":"ListItem","position":2,"name":"Diputados de \u201cdedo\u201d se alejan de la patria y se vinculan al negocio"}]},{"@type":"WebSite","@id":"https:\/\/politicosaldesnudo.com.mx\/#website","url":"https:\/\/politicosaldesnudo.com.mx\/","name":"Pol\u00edticos al Desnudo","description":"","publisher":{"@id":"https:\/\/politicosaldesnudo.com.mx\/#organization"},"potentialAction":[{"@type":"SearchAction","target":{"@type":"EntryPoint","urlTemplate":"https:\/\/politicosaldesnudo.com.mx\/?s={search_term_string}"},"query-input":{"@type":"PropertyValueSpecification","valueRequired":true,"valueName":"search_term_string"}}],"inLanguage":"es"},{"@type":"Organization","@id":"https:\/\/politicosaldesnudo.com.mx\/#organization","name":"Pol\u00edticos al Desnudo","url":"https:\/\/politicosaldesnudo.com.mx\/","logo":{"@type":"ImageObject","inLanguage":"es","@id":"https:\/\/politicosaldesnudo.com.mx\/#\/schema\/logo\/image\/","url":"https:\/\/i0.wp.com\/politicosaldesnudo.com.mx\/wp-content\/uploads\/2026\/08\/cropped-logo.webp?fit=400%2C126&ssl=1","contentUrl":"https:\/\/i0.wp.com\/politicosaldesnudo.com.mx\/wp-content\/uploads\/2026\/08\/cropped-logo.webp?fit=400%2C126&ssl=1","width":400,"height":126,"caption":"Pol\u00edticos al Desnudo"},"image":{"@id":"https:\/\/politicosaldesnudo.com.mx\/#\/schema\/logo\/image\/"},"sameAs":["https:\/\/www.facebook.com\/PoliticosAD"]},{"@type":"Person","@id":"https:\/\/politicosaldesnudo.com.mx\/#\/schema\/person\/ef3a64e561cc3f3f5dc52fab81adde7e","name":"Redacci\u00f3n Pol\u00edticos","url":"https:\/\/politicosaldesnudo.com.mx\/index.php\/author\/redaccion-politicos\/"}]}},"jetpack_publicize_connections":[],"jetpack-related-posts":[{"id":13905,"url":"https:\/\/politicosaldesnudo.com.mx\/index.php\/2022\/12\/19\/cae-el-cartel-del-ine-y-el-futbolero-cuando\/","url_meta":{"origin":4214,"position":0},"title":"Cae el c\u00e1rtel del INE y el futbolero \u00bfcu\u00e1ndo?","author":"Redacci\u00f3n Pol\u00edticos","date":"19 de diciembre de 2022","format":false,"excerpt":"\u00a0 Por Jos\u00e9 Lima Cobos\u00a0 Segunda Parte \u00a0 En el pa\u00eds se ha formado y fortalecidos con los varios c\u00e1rteles que, lo mismo sirven para la defraudaci\u00f3n fiscal o tr\u00e1fico de personas\u00a0 o drogas, o bien cualquiera de las otras linduras que se forman\u00a0 o constituyen en la legalidad gubernamental\u2026","rel":"","context":"En \u00abOPINI\u00d3N\u00bb","block_context":{"text":"OPINI\u00d3N","link":"https:\/\/politicosaldesnudo.com.mx\/index.php\/category\/columnistas\/"},"img":{"alt_text":"","src":"https:\/\/i0.wp.com\/politicosaldesnudo.com.mx\/wp-content\/uploads\/2022\/04\/JOSE%CC%81-LIMA-COBOS.png?fit=1200%2C671&ssl=1&resize=350%2C200","width":350,"height":200,"srcset":"https:\/\/i0.wp.com\/politicosaldesnudo.com.mx\/wp-content\/uploads\/2022\/04\/JOSE%CC%81-LIMA-COBOS.png?fit=1200%2C671&ssl=1&resize=350%2C200 1x, https:\/\/i0.wp.com\/politicosaldesnudo.com.mx\/wp-content\/uploads\/2022\/04\/JOSE%CC%81-LIMA-COBOS.png?fit=1200%2C671&ssl=1&resize=525%2C300 1.5x, https:\/\/i0.wp.com\/politicosaldesnudo.com.mx\/wp-content\/uploads\/2022\/04\/JOSE%CC%81-LIMA-COBOS.png?fit=1200%2C671&ssl=1&resize=700%2C400 2x, https:\/\/i0.wp.com\/politicosaldesnudo.com.mx\/wp-content\/uploads\/2022\/04\/JOSE%CC%81-LIMA-COBOS.png?fit=1200%2C671&ssl=1&resize=1050%2C600 3x"},"classes":[]},{"id":88208,"url":"https:\/\/politicosaldesnudo.com.mx\/index.php\/2026\/08\/31\/contra-la-doble-nacionalidad-carlos-fuentes-y-ernesto-zedillo\/","url_meta":{"origin":4214,"position":1},"title":"Contra la doble nacionalidad: Carlos Fuentes y Ernesto Zedillo","author":"Redacci\u00f3n Pol\u00edticos","date":"31 de agosto de 2026","format":false,"excerpt":"TEL\u00c9FONO ROJO Por: Jos\u00e9 Ure\u00f1a La doble nacionalidad es un tema recurrente. Claudia Sheinbaum\u00a0ha vuelto sobre ella durante la presente semana con el objetivo de impedir constitucionalmente a un mexicano el ascenso a la Presidencia de la Rep\u00fablica o a una gubernatura. Pronto ser\u00e1 disposici\u00f3n suprema, dado el dominio de\u2026","rel":"","context":"En \u00abOPINI\u00d3N\u00bb","block_context":{"text":"OPINI\u00d3N","link":"https:\/\/politicosaldesnudo.com.mx\/index.php\/category\/columnistas\/"},"img":{"alt_text":"","src":"https:\/\/i0.wp.com\/politicosaldesnudo.com.mx\/wp-content\/uploads\/2026\/08\/tel-rojo-3108.png?fit=1200%2C658&ssl=1&resize=350%2C200","width":350,"height":200,"srcset":"https:\/\/i0.wp.com\/politicosaldesnudo.com.mx\/wp-content\/uploads\/2026\/08\/tel-rojo-3108.png?fit=1200%2C658&ssl=1&resize=350%2C200 1x, https:\/\/i0.wp.com\/politicosaldesnudo.com.mx\/wp-content\/uploads\/2026\/08\/tel-rojo-3108.png?fit=1200%2C658&ssl=1&resize=525%2C300 1.5x, https:\/\/i0.wp.com\/politicosaldesnudo.com.mx\/wp-content\/uploads\/2026\/08\/tel-rojo-3108.png?fit=1200%2C658&ssl=1&resize=700%2C400 2x, https:\/\/i0.wp.com\/politicosaldesnudo.com.mx\/wp-content\/uploads\/2026\/08\/tel-rojo-3108.png?fit=1200%2C658&ssl=1&resize=1050%2C600 3x"},"classes":[]},{"id":54099,"url":"https:\/\/politicosaldesnudo.com.mx\/index.php\/2025\/01\/10\/oposicion-de-florero\/","url_meta":{"origin":4214,"position":2},"title":"Oposici\u00f3n de florero","author":"Redacci\u00f3n Pol\u00edticos","date":"10 de enero de 2025","format":false,"excerpt":"ALMA GRANDE Por \u00c1ngel \u00c1lvaro Pe\u00f1a La oposici\u00f3n desconoce su papel en la historia, producto de que nunca se enter\u00f3 de la responsabilidad social de esta fuerza. As\u00ed, vemos que en el legislativo es donde m\u00e1s se acent\u00faa la ignorancia sobre el rol parlamentario de esta fuerza y de su\u2026","rel":"","context":"En \u00abOPINI\u00d3N\u00bb","block_context":{"text":"OPINI\u00d3N","link":"https:\/\/politicosaldesnudo.com.mx\/index.php\/category\/columnistas\/"},"img":{"alt_text":"","src":"https:\/\/i0.wp.com\/politicosaldesnudo.com.mx\/wp-content\/uploads\/2024\/12\/BANNER-LOPEZ-DORIGA-DIGITAL-1.jpg?fit=800%2C445&ssl=1&resize=350%2C200","width":350,"height":200,"srcset":"https:\/\/i0.wp.com\/politicosaldesnudo.com.mx\/wp-content\/uploads\/2024\/12\/BANNER-LOPEZ-DORIGA-DIGITAL-1.jpg?fit=800%2C445&ssl=1&resize=350%2C200 1x, https:\/\/i0.wp.com\/politicosaldesnudo.com.mx\/wp-content\/uploads\/2024\/12\/BANNER-LOPEZ-DORIGA-DIGITAL-1.jpg?fit=800%2C445&ssl=1&resize=525%2C300 1.5x, https:\/\/i0.wp.com\/politicosaldesnudo.com.mx\/wp-content\/uploads\/2024\/12\/BANNER-LOPEZ-DORIGA-DIGITAL-1.jpg?fit=800%2C445&ssl=1&resize=700%2C400 2x"},"classes":[]},{"id":88094,"url":"https:\/\/politicosaldesnudo.com.mx\/index.php\/2026\/08\/27\/mexico-vs-la-narco-politica\/","url_meta":{"origin":4214,"position":3},"title":"M\u00e9xico Vs. la narco-pol\u00edtica","author":"Redacci\u00f3n Pol\u00edticos","date":"27 de agosto de 2026","format":false,"excerpt":"Por: Lic. Alberto Woolrich Ortiz Unas cuantas semanas m\u00e1s y habr\u00e1 concluido la historia de la impunidad concedida a la narco-pol\u00edtica, toda vez que ya se sabe qui\u00e9n es el verdadero responsable de la creaci\u00f3n de ese fen\u00f3meno que enturbi\u00f3 los destinos de M\u00e9xico y que s\u00f3lo arroj\u00f3 confusi\u00f3n, descr\u00e9dito\u2026","rel":"","context":"En \u00abOPINI\u00d3N\u00bb","block_context":{"text":"OPINI\u00d3N","link":"https:\/\/politicosaldesnudo.com.mx\/index.php\/category\/columnistas\/"},"img":{"alt_text":"","src":"https:\/\/i0.wp.com\/politicosaldesnudo.com.mx\/wp-content\/uploads\/2026\/08\/woolrich-2708-scaled.png?fit=1200%2C659&ssl=1&resize=350%2C200","width":350,"height":200,"srcset":"https:\/\/i0.wp.com\/politicosaldesnudo.com.mx\/wp-content\/uploads\/2026\/08\/woolrich-2708-scaled.png?fit=1200%2C659&ssl=1&resize=350%2C200 1x, https:\/\/i0.wp.com\/politicosaldesnudo.com.mx\/wp-content\/uploads\/2026\/08\/woolrich-2708-scaled.png?fit=1200%2C659&ssl=1&resize=525%2C300 1.5x, https:\/\/i0.wp.com\/politicosaldesnudo.com.mx\/wp-content\/uploads\/2026\/08\/woolrich-2708-scaled.png?fit=1200%2C659&ssl=1&resize=700%2C400 2x, https:\/\/i0.wp.com\/politicosaldesnudo.com.mx\/wp-content\/uploads\/2026\/08\/woolrich-2708-scaled.png?fit=1200%2C659&ssl=1&resize=1050%2C600 3x"},"classes":[]},{"id":87252,"url":"https:\/\/politicosaldesnudo.com.mx\/index.php\/2026\/07\/27\/interrupciones-electricas-caen-39-respecto-a-2024-cfe\/","url_meta":{"origin":4214,"position":4},"title":"Interrupciones el\u00e9ctricas caen 39% respecto a 2024: CFE","author":"Redacci\u00f3n Pol\u00edticos","date":"27 de julio de 2026","format":false,"excerpt":"La \u201cinversi\u00f3n hist\u00f3rica\u201d para ampliar y modernizar las redes de transmisi\u00f3n y distribuci\u00f3n el\u00e9ctrica en M\u00e9xico, \u201cya comienza a dar resultados\u201d, asegur\u00f3 Emilia Calleja, directora general de la Comisi\u00f3n Federal de Electricidad (CFE). Durante el primer semestre de este a\u00f1o, las interrupciones en el servicio disminuyeron 39 por ciento respecto\u2026","rel":"","context":"En \u00abECONOM\u00cdA\u00bb","block_context":{"text":"ECONOM\u00cdA","link":"https:\/\/politicosaldesnudo.com.mx\/index.php\/category\/economia\/"},"img":{"alt_text":"","src":"https:\/\/i0.wp.com\/politicosaldesnudo.com.mx\/wp-content\/uploads\/2026\/07\/ANID.webp?fit=1200%2C742&ssl=1&resize=350%2C200","width":350,"height":200,"srcset":"https:\/\/i0.wp.com\/politicosaldesnudo.com.mx\/wp-content\/uploads\/2026\/07\/ANID.webp?fit=1200%2C742&ssl=1&resize=350%2C200 1x, https:\/\/i0.wp.com\/politicosaldesnudo.com.mx\/wp-content\/uploads\/2026\/07\/ANID.webp?fit=1200%2C742&ssl=1&resize=525%2C300 1.5x, https:\/\/i0.wp.com\/politicosaldesnudo.com.mx\/wp-content\/uploads\/2026\/07\/ANID.webp?fit=1200%2C742&ssl=1&resize=700%2C400 2x, https:\/\/i0.wp.com\/politicosaldesnudo.com.mx\/wp-content\/uploads\/2026\/07\/ANID.webp?fit=1200%2C742&ssl=1&resize=1050%2C600 3x"},"classes":[]},{"id":88241,"url":"https:\/\/politicosaldesnudo.com.mx\/index.php\/2026\/08\/31\/falla-en-lineas-de-cfe-deja-sin-electricidad-a-zonas-de-yucatan-quintana-roo-y-chiapas\/","url_meta":{"origin":4214,"position":5},"title":"Falla en l\u00edneas de CFE deja sin electricidad a zonas de Yucat\u00e1n, Quintana Roo y Chiapas","author":"Redacci\u00f3n Pol\u00edticos","date":"31 de agosto de 2026","format":false,"excerpt":"La desconexi\u00f3n de dos l\u00edneas de transmisi\u00f3n provoc\u00f3 interrupciones parciales del suministro el\u00e9ctrico en tres estados del sureste mexicano. Cuadrillas de la empresa fueron desplegadas para recuperar el servicio. Una falla en la red de transmisi\u00f3n de la Comisi\u00f3n Federal de Electricidad (CFE) dej\u00f3 sin energ\u00eda el\u00e9ctrica a usuarios de\u2026","rel":"","context":"En \u00abNACIONAL\u00bb","block_context":{"text":"NACIONAL","link":"https:\/\/politicosaldesnudo.com.mx\/index.php\/category\/nacional\/"},"img":{"alt_text":"","src":"https:\/\/i0.wp.com\/politicosaldesnudo.com.mx\/wp-content\/uploads\/2026\/08\/ChatGPT-Image-31-ago-2026-21_49_04.png?fit=1200%2C675&ssl=1&resize=350%2C200","width":350,"height":200,"srcset":"https:\/\/i0.wp.com\/politicosaldesnudo.com.mx\/wp-content\/uploads\/2026\/08\/ChatGPT-Image-31-ago-2026-21_49_04.png?fit=1200%2C675&ssl=1&resize=350%2C200 1x, https:\/\/i0.wp.com\/politicosaldesnudo.com.mx\/wp-content\/uploads\/2026\/08\/ChatGPT-Image-31-ago-2026-21_49_04.png?fit=1200%2C675&ssl=1&resize=525%2C300 1.5x, https:\/\/i0.wp.com\/politicosaldesnudo.com.mx\/wp-content\/uploads\/2026\/08\/ChatGPT-Image-31-ago-2026-21_49_04.png?fit=1200%2C675&ssl=1&resize=700%2C400 2x, https:\/\/i0.wp.com\/politicosaldesnudo.com.mx\/wp-content\/uploads\/2026\/08\/ChatGPT-Image-31-ago-2026-21_49_04.png?fit=1200%2C675&ssl=1&resize=1050%2C600 3x"},"classes":[]}],"jetpack_sharing_enabled":true,"jetpack_featured_media_url":"https:\/\/i0.wp.com\/politicosaldesnudo.com.mx\/wp-content\/uploads\/2022\/04\/JOSE%CC%81-LIMA-COBOS.png?fit=1816%2C1016&ssl=1","_links":{"self":[{"href":"https:\/\/politicosaldesnudo.com.mx\/index.php\/wp-json\/wp\/v2\/posts\/4214","targetHints":{"allow":["GET"]}}],"collection":[{"href":"https:\/\/politicosaldesnudo.com.mx\/index.php\/wp-json\/wp\/v2\/posts"}],"about":[{"href":"https:\/\/politicosaldesnudo.com.mx\/index.php\/wp-json\/wp\/v2\/types\/post"}],"author":[{"embeddable":true,"href":"https:\/\/politicosaldesnudo.com.mx\/index.php\/wp-json\/wp\/v2\/users\/4"}],"replies":[{"embeddable":true,"href":"https:\/\/politicosaldesnudo.com.mx\/index.php\/wp-json\/wp\/v2\/comments?post=4214"}],"version-history":[{"count":0,"href":"https:\/\/politicosaldesnudo.com.mx\/index.php\/wp-json\/wp\/v2\/posts\/4214\/revisions"}],"wp:featuredmedia":[{"embeddable":true,"href":"https:\/\/politicosaldesnudo.com.mx\/index.php\/wp-json\/wp\/v2\/media\/4215"}],"wp:attachment":[{"href":"https:\/\/politicosaldesnudo.com.mx\/index.php\/wp-json\/wp\/v2\/media?parent=4214"}],"wp:term":[{"taxonomy":"category","embeddable":true,"href":"https:\/\/politicosaldesnudo.com.mx\/index.php\/wp-json\/wp\/v2\/categories?post=4214"},{"taxonomy":"post_tag","embeddable":true,"href":"https:\/\/politicosaldesnudo.com.mx\/index.php\/wp-json\/wp\/v2\/tags?post=4214"}],"curies":[{"name":"wp","href":"https:\/\/api.w.org\/{rel}","templated":true}]}}