{"id":42158,"date":"2024-07-17T08:50:07","date_gmt":"2024-07-17T13:50:07","guid":{"rendered":"https:\/\/politicosaldesnudo.com.mx\/?p=42158"},"modified":"2024-07-17T08:50:07","modified_gmt":"2024-07-17T13:50:07","slug":"presenta-brasil-en-la-onu-iniciativa-global-contra-el-hambre-y-pobreza","status":"publish","type":"post","link":"https:\/\/politicosaldesnudo.com.mx\/index.php\/2024\/07\/17\/presenta-brasil-en-la-onu-iniciativa-global-contra-el-hambre-y-pobreza\/","title":{"rendered":"Presenta Brasil en la ONU iniciativa global contra el hambre y pobreza"},"content":{"rendered":"<p><span style=\"font-size: 14pt;\">El gobierno brasile\u00f1o present\u00f3 este martes ante las Naciones Unidas la iniciativa \u00abAlianza Global contra el Hambre y la Pobreza\u00bb, que busca promover en todo el mundo acciones para lograr la seguridad alimentaria, aumentar los ingresos y hacer frente a las desigualdades, entre otros puntos.<\/span><\/p>\n<div class=\"teads-inread\">\n<div>\n<div id=\"teads0\" class=\"teads-player\"><span style=\"font-size: 14pt;\">La Alianza Global es una de las principales iniciativas de Brasil de cara al G20, que preside hasta finales de noviembre, y fue presentada a los representantes mundiales que tambi\u00e9n participan en el Foro Pol\u00edtico de Alto Nivel sobre el Desarrollo Sostenible (FPAN) de la Organizaci\u00f3n de las Naciones Unidas (ONU).<\/span><\/div>\n<\/div>\n<\/div>\n<p><span style=\"font-size: 14pt;\">El ministro de Desarrollo y Asistencia Social, Familia y Combate al Hambre de Brasil, Wellington Dias, destac\u00f3 lo que motiva la acci\u00f3n, que se basa en la consecuci\u00f3n de los Objetivos de Desarrollo Sostenible (ODS) firmados por la ONU.<\/span><\/p>\n<p><span style=\"font-size: 14pt;\">\u00abLa realidad en la que vivimos, de m\u00faltiples crisis, entre ellas la clim\u00e1tica y medioambiental, la situaci\u00f3n econ\u00f3mica y los conflictos, est\u00e1 provocando que el hambre, la inseguridad alimentaria y la pobreza vuelvan a aumentar. Son muchos los ejes y muchas las acciones necesarias para hacer frente a este complejo desaf\u00edo\u00bb, explic\u00f3 Dias.<\/span><\/p>\n<p><span style=\"font-size: 14pt;\">\u00abNo queremos crear un nuevo foro internacional para debatir lo que hay que hacer e intercambiar experiencias colectivamente, porque ya tenemos muchos foros multilaterales leg\u00edtimos para ello\u00bb, a\u00f1adi\u00f3 el ministro brasile\u00f1o.<\/span><\/p>\n<p><span style=\"font-size: 14pt;\">El responsable del gobierno brasile\u00f1o en el evento tambi\u00e9n hizo hincapi\u00e9 en las directrices de la propuesta.<\/span><\/p>\n<div class=\"teads-inread sm-screen\">\n<div>\n<div id=\"teads1\" class=\"teads-player\"><span style=\"font-size: 14pt;\">\u00abVamos a desarrollar un instrumento pr\u00e1ctico para movilizar recursos financieros y conocimientos, desde donde m\u00e1s abundan, y canalizarlos hacia donde m\u00e1s se necesitan\u00bb, afirm\u00f3.<\/span><\/div>\n<\/div>\n<\/div>\n<p><span style=\"font-size: 14pt;\">\u00abQueremos situar la acci\u00f3n como un trampol\u00edn que d\u00e9 el impulso pol\u00edtico necesario para organizar mejor los mecanismos existentes en torno a la aplicaci\u00f3n de pol\u00edticas nacionales que han demostrado su eficacia en la reducci\u00f3n del hambre y la pobreza\u00bb, a\u00f1adi\u00f3.<\/span><\/p>\n<p><span style=\"font-size: 14pt;\">Adem\u00e1s, el ministro se\u00f1al\u00f3 que el Grupo de Trabajo del G20, encargado de dise\u00f1ar la Alianza Global contra el Hambre y la Pobreza, ya ha estado trabajando en la composici\u00f3n de una cesta de pol\u00edticas p\u00fablicas que reunir\u00e1 toda la experiencia acumulada durante d\u00e9cadas con programas de transferencia de ingresos, protecci\u00f3n social, alimentaci\u00f3n escolar, entre otros, bas\u00e1ndose en la experiencia de diversos pa\u00edses y organizaciones internacionales.<\/span><\/p>\n<p><span style=\"font-size: 14pt;\">\u00abFelicito a Brasil por su liderazgo contra el hambre y la pobreza y por su compromiso para hacer frente a los desaf\u00edos globales\u00bb, dijo la subsecretaria general de la ONU Amina Jane Mohammed, quien tambi\u00e9n estuvo presente en el evento del gobierno brasile\u00f1o.<\/span><\/p>\n<p><span style=\"font-size: 14pt;\">La representante de la ONU record\u00f3 que 2 mil 400 millones de personas en el mundo sufren inseguridad alimentaria, mientras que 4 mil 000 millones no tienen acceso a pol\u00edticas de protecci\u00f3n social.<\/span><\/p>\n<p><span style=\"font-size: 14pt;\">\u00abLa visi\u00f3n de Brasil de crear una alianza contra el hambre es encomiable. Estamos dispuestos a aprovechar los equipos de la ONU y maximizar el impacto de esta iniciativa. Se necesitar\u00e1 la implicaci\u00f3n de l\u00edderes a todos los niveles para poner en marcha esta iniciativa, as\u00ed que tenemos que unirnos. Mi llamamiento es que juntos podemos erradicar la pobreza y la desigualdad\u00bb, afirm\u00f3 Mohammed.<\/span><\/p>\n","protected":false},"excerpt":{"rendered":"<p>El gobierno brasile\u00f1o present\u00f3 este martes ante las Naciones Unidas la iniciativa \u00abAlianza Global contra el Hambre y la Pobreza\u00bb,<\/p>\n","protected":false},"author":4,"featured_media":42159,"comment_status":"closed","ping_status":"closed","sticky":false,"template":"","format":"standard","meta":{"colormag_page_container_layout":"default_layout","colormag_page_sidebar_layout":"default_layout","_jetpack_memberships_contains_paid_content":false,"footnotes":"","jetpack_publicize_message":"","jetpack_publicize_feature_enabled":true,"jetpack_social_post_already_shared":false,"jetpack_social_options":{"image_generator_settings":{"template":"highway","default_image_id":0,"font":"","enabled":false},"version":2}},"categories":[28],"tags":[],"class_list":["post-42158","post","type-post","status-publish","format-standard","has-post-thumbnail","hentry","category-internacional"],"jetpack_publicize_connections":[],"jetpack_featured_media_url":"https:\/\/i0.wp.com\/politicosaldesnudo.com.mx\/wp-content\/uploads\/2024\/07\/presenta-brasil-en-la-onu-iniciativa-global-contra-el-hambre-y-pobreza-4223html-brasil-5818html-8a87411a-3e3c-4109-98fb-c6e3f9d0e415rawimagetrue.jpg?fit=1023%2C682&ssl=1","jetpack-related-posts":[],"jetpack_sharing_enabled":true,"_links":{"self":[{"href":"https:\/\/politicosaldesnudo.com.mx\/index.php\/wp-json\/wp\/v2\/posts\/42158","targetHints":{"allow":["GET"]}}],"collection":[{"href":"https:\/\/politicosaldesnudo.com.mx\/index.php\/wp-json\/wp\/v2\/posts"}],"about":[{"href":"https:\/\/politicosaldesnudo.com.mx\/index.php\/wp-json\/wp\/v2\/types\/post"}],"author":[{"embeddable":true,"href":"https:\/\/politicosaldesnudo.com.mx\/index.php\/wp-json\/wp\/v2\/users\/4"}],"replies":[{"embeddable":true,"href":"https:\/\/politicosaldesnudo.com.mx\/index.php\/wp-json\/wp\/v2\/comments?post=42158"}],"version-history":[{"count":0,"href":"https:\/\/politicosaldesnudo.com.mx\/index.php\/wp-json\/wp\/v2\/posts\/42158\/revisions"}],"wp:featuredmedia":[{"embeddable":true,"href":"https:\/\/politicosaldesnudo.com.mx\/index.php\/wp-json\/wp\/v2\/media\/42159"}],"wp:attachment":[{"href":"https:\/\/politicosaldesnudo.com.mx\/index.php\/wp-json\/wp\/v2\/media?parent=42158"}],"wp:term":[{"taxonomy":"category","embeddable":true,"href":"https:\/\/politicosaldesnudo.com.mx\/index.php\/wp-json\/wp\/v2\/categories?post=42158"},{"taxonomy":"post_tag","embeddable":true,"href":"https:\/\/politicosaldesnudo.com.mx\/index.php\/wp-json\/wp\/v2\/tags?post=42158"}],"curies":[{"name":"wp","href":"https:\/\/api.w.org\/{rel}","templated":true}]}}