{"id":42263,"date":"2024-07-19T08:20:41","date_gmt":"2024-07-19T13:20:41","guid":{"rendered":"https:\/\/politicosaldesnudo.com.mx\/?p=42263"},"modified":"2024-07-19T08:20:41","modified_gmt":"2024-07-19T13:20:41","slug":"falto-dinero-para-terminar-la-vacuna-anticovid-quivax-silvia-amaya-rectora-de-la-uaq","status":"publish","type":"post","link":"https:\/\/politicosaldesnudo.com.mx\/index.php\/2024\/07\/19\/falto-dinero-para-terminar-la-vacuna-anticovid-quivax-silvia-amaya-rectora-de-la-uaq\/","title":{"rendered":"Falt\u00f3 dinero para terminar la vacuna anticovid \u201cQuivax\u201d: Silvia Amaya, rectora de la UAQ"},"content":{"rendered":"<div>\n<div id=\"content-body-225-12260554\">\n<p><span style=\"font-size: 14pt;\">\u201cFue un proyecto de investigaci\u00f3n que se lleg\u00f3 al punto de tener\u00a0informaci\u00f3n suficiente para registrar una patente\u00a0(&#8230;) Sin embargo, ya\u00a0para pasar la prueba en humanos, el recurso econ\u00f3mico que se requer\u00eda para llevarla a ese nivel de estudio, la Universidad no lo contaba\u201d, dice la rectora de la Universidad Aut\u00f3noma de Quer\u00e9taro (UAQ), Silvia Amaya Llano,\u00a0sobre la vacuna contra el Covid-19 que estaba desarrollando\u00a0esta casa de estudios durante la pandemia.<\/span><\/p>\n<p><span style=\"font-size: 14pt;\">Quivax es el nombre del proyecto de la vacuna encabezado por la anterior rectora de la UAQ,\u00a0Teresa Garc\u00eda Gasca, y el\u00a0equipo del docente-investigador de la Facultad de Ciencias Naturales.<\/span><\/p>\n<\/div>\n<\/div>\n<div>\n<div id=\"dfp-nota-1x3s\" data-google-query-id=\"CPK7tLmYs4cDFVWWywEd0IUO9w\">\n<div id=\"google_ads_iframe_\/2000002\/la-prensa\/mexico_nota_1x3_0__container__\"><span style=\"font-size: 14pt;\">\u201cPese a que se hicieron convenios con otras instituciones, no hab\u00eda dinero para completar todo el proceso que tiene la Comisi\u00f3n Federal para la Protecci\u00f3n contra Riesgos Sanitarios (Cofepris) para poder ser aprobada\u201d, dijo Amaya Llano.<\/span><\/div>\n<\/div>\n<\/div>\n<article>\n<div id=\"content-body-5851641-12260554\">\n<p><span style=\"font-size: 14pt;\">Pese a que no se concluy\u00f3 el proyecto, se obtuvieron resultados que la rectora de la m\u00e1xima casa de estudios\u00a0queretana\u00a0considera exitosos, como el desarrollo de\u00a0cinco prototipos de vacuna, dos de ellos con evidencia de efectividad contra las variantes de preocupaci\u00f3n del Covid-19.<\/span><\/p>\n<p><span style=\"font-size: 14pt;\">\u201cDe ah\u00ed pueden salir otros proyectos que eventualmente puedan utilizar la informaci\u00f3n que se recab\u00f3 en este particular para la generaci\u00f3n de nuevas posibles vacunas\u201d, agreg\u00f3 la rectora de la\u00a0UAQ.<\/span><\/p>\n<p><span style=\"font-size: 14pt;\">El otro logro destacable en el desarrollo de\u00a0Quivax\u00a0fue la\u00a0patente aprobada de forma,\u00a0bajo la\u00a0nominaci\u00f3n Secuencias quim\u00e9ricas\u00a0de\u00a0amino\u00e1cidos\u00a0para su uso como\u00a0vacuna contra SarsCov-2, con n\u00famero de\u00a0expediente MX\/ a\/2021\/012438\u00a0y fecha de examen de forma aprobado el 19 de octubre de 2022.<\/span><\/p>\n<p><span style=\"font-size: 14pt;\">\u201cHoy d\u00eda, la biolog\u00eda molecular y celular es tan universal y puede utilizar elementos en formaci\u00f3n que ya se tienen para avanzar en estas investigaciones\u00a0(&#8230;) Finalmente, s\u00ed estamos expuestos a que vengan agentes infecciosos ante los cuales no tenemos un mecanismo de protecci\u00f3n\u201d, dijo Silvia Amaya.<\/span><\/p>\n<p><span style=\"font-size: 14pt;\">A\u00f1adi\u00f3 que tambi\u00e9n\u00a0se logr\u00f3 la publicaci\u00f3n de un manuscrito cient\u00edfico en la revista Frontiers in Immunology\u00a0y hay dos m\u00e1s en preparaci\u00f3n, adem\u00e1s de que la\u00a0UAQ\u00a0avanz\u00f3 en la formaci\u00f3n de investigadores en desarrollo de vacunas, pues se obtuvieron dos becas postdoctorales y el nombramiento de la doctora Lineth Juliana Vega Rojas \u2014una de las l\u00edderes del proyecto\u2014, como investigadora por M\u00e9xico por parte del\u00a0Consejo Nacional de Humanidades, Ciencias y Tecnolog\u00edas\u00a0(Conahcyt).<\/span><\/p>\n<div>\n<div>\n<div><span style=\"font-size: 14pt;\">Silvia Amaya Llano celebra los avances de la UAQ en formaci\u00f3n de m\u00e9dicos, pues en abril de este a\u00f1o se publicaron los resultados del Examen Nacional de Aspirantes a Residencia M\u00e9dica (ENARM) \u2014requisito indispensable para ingresar a un programa de especialidad m\u00e9dica en el pa\u00eds\u2014, en el que la universidad queretana fue la sexta de 149 facultades y escuelas de medicina a nivel nacional en colocar a sus estudiantes en una especialidad, y la primera entre las universidades p\u00fablicas.<\/span><\/div>\n<\/div>\n<\/div>\n<p><span style=\"font-size: 14pt;\">Fue superada por la Universidad Panamericana, tres campus del\u00a0Instituto Tecnol\u00f3gico de estudios superiores de Monterrey\u00a0(ITESM) y la\u00a0Escuela M\u00e9dico Militar, dependiente de la\u00a0Secretar\u00eda de la Defensa Nacional\u00a0(Sedena).<\/span><\/p>\n<p><span style=\"font-size: 14pt;\">\u201cLa\u00a0licenciatura en Medicina General de la Facultad es l\u00edder en la formaci\u00f3n de profesionales de la salud. Es un \u00e9xito adicional se que integra a los ya obtenidos por la Unidad Acad\u00e9mica. Entre ellos, la certificaci\u00f3n nacional e internacional ante el Consejo para la Acreditaci\u00f3n de la Educaci\u00f3n M\u00e9dica (Comaem)\u201d, asegur\u00f3 la rectora.<\/span><\/p>\n<div>\n<div>\n<div><span style=\"font-size: 14pt;\">Estos resultados, dice, subrayan el liderazgo de esta casa de estudios en el panorama educativo m\u00e9dico del pa\u00eds y consolida la posici\u00f3n de la Facultad de Medicina\u00a0como un\u00a0referente de excelencia acad\u00e9mica\u00a0y profesional.<\/span><\/div>\n<\/div>\n<\/div>\n<p><span style=\"font-size: 14pt;\">La\u00a0UAQ actualmente cuenta con 35 mil estudiantes en 13 Facultades\u00a0y ocho mil m\u00e1s en la Escuela de Bachilleres.<\/span><\/p>\n<p><span style=\"font-size: 14pt;\">\u201cSomos en cuanto a oferta educativa, la instituci\u00f3n en el estado que m\u00e1s cobertura tiene.\u00a0A nivel posgrado inclusive con el mayor n\u00famero de programas ofertados. Somos la instituci\u00f3n educativa m\u00e1s importante en el estado\u201d, indic\u00f3 muy orgullosa.<\/span><\/p>\n<p><span style=\"font-size: 14pt;\">La universidad tiene presencia en 17 de los 18 municipios de Quer\u00e9taro, a los cuales se lleva la educaci\u00f3n universitaria dependiendo de sus necesidades.<\/span><\/p>\n<div>\n<div>\n<div><span style=\"font-size: 14pt;\">\u201cLo vemos con las autoridades en las zonas. Hay presencia de la Escuela de Bachilleres en Camargo. Tenemos\u00a0programas de investigaci\u00f3n y con ello buscamos potencializar,\u00a0de la mano de las autoridades municipales, el desarrollo de la zona. Se dan actividades universitarias, acordes a la regi\u00f3n, a las necesidades del municipio\u201d, mencion\u00f3 la rectora que a\u00f1ade que el \u00fanico municipio en donde no se tiene presencia es San Joaqu\u00edn.<\/span><\/div>\n<\/div>\n<\/div>\n<p><span style=\"font-size: 14pt;\">\u201cNos interesa avanzar en abrir mayor matr\u00edcula, c\u00f3mo podemos seguir siendo y consolidarnos como la mejor oferta educativa, como universidad de excelencia\u201d, a\u00f1adi\u00f3 La rectora de la UAQ finaliza diciendo que\u00a0la oferta no se limita a la educaci\u00f3n, sino tambi\u00e9n a los servicios, sobre todo a sus egresados.<\/span><\/p>\n<div>\n<div>\n<div><span style=\"font-size: 14pt;\">\u201cTambi\u00e9n tenemos una incubadora de empresas que da apoyo a estudiantes que pudieran ser empresarios. Es un punto importante en la formaci\u00f3n de nuestros estudiantes. No solo impactar en el programa educativo sino tambi\u00e9n programas que les den herramientas a nuestros egresados para que desarrollen el mayor de sus potenciales una vez que egresan de nuestras instituciones educativas\u201d, finaliz\u00f3.<\/span><\/div>\n<\/div>\n<\/div>\n<\/div>\n<\/article>\n","protected":false},"excerpt":{"rendered":"<p>\u201cFue un proyecto de investigaci\u00f3n que se lleg\u00f3 al punto de tener\u00a0informaci\u00f3n suficiente para registrar una patente\u00a0(&#8230;) Sin embargo, ya\u00a0para<\/p>\n","protected":false},"author":4,"featured_media":42264,"comment_status":"closed","ping_status":"closed","sticky":false,"template":"","format":"standard","meta":{"colormag_page_container_layout":"default_layout","colormag_page_sidebar_layout":"default_layout","_jetpack_memberships_contains_paid_content":false,"footnotes":"","jetpack_publicize_message":"","jetpack_publicize_feature_enabled":true,"jetpack_social_post_already_shared":false,"jetpack_social_options":{"image_generator_settings":{"template":"highway","default_image_id":0,"font":"","enabled":false},"version":2}},"categories":[33],"tags":[],"class_list":["post-42263","post","type-post","status-publish","format-standard","has-post-thumbnail","hentry","category-nacional"],"jetpack_publicize_connections":[],"jetpack_featured_media_url":"https:\/\/i0.wp.com\/politicosaldesnudo.com.mx\/wp-content\/uploads\/2024\/07\/images-16.jpg?fit=300%2C168&ssl=1","jetpack-related-posts":[],"jetpack_sharing_enabled":true,"_links":{"self":[{"href":"https:\/\/politicosaldesnudo.com.mx\/index.php\/wp-json\/wp\/v2\/posts\/42263","targetHints":{"allow":["GET"]}}],"collection":[{"href":"https:\/\/politicosaldesnudo.com.mx\/index.php\/wp-json\/wp\/v2\/posts"}],"about":[{"href":"https:\/\/politicosaldesnudo.com.mx\/index.php\/wp-json\/wp\/v2\/types\/post"}],"author":[{"embeddable":true,"href":"https:\/\/politicosaldesnudo.com.mx\/index.php\/wp-json\/wp\/v2\/users\/4"}],"replies":[{"embeddable":true,"href":"https:\/\/politicosaldesnudo.com.mx\/index.php\/wp-json\/wp\/v2\/comments?post=42263"}],"version-history":[{"count":0,"href":"https:\/\/politicosaldesnudo.com.mx\/index.php\/wp-json\/wp\/v2\/posts\/42263\/revisions"}],"wp:featuredmedia":[{"embeddable":true,"href":"https:\/\/politicosaldesnudo.com.mx\/index.php\/wp-json\/wp\/v2\/media\/42264"}],"wp:attachment":[{"href":"https:\/\/politicosaldesnudo.com.mx\/index.php\/wp-json\/wp\/v2\/media?parent=42263"}],"wp:term":[{"taxonomy":"category","embeddable":true,"href":"https:\/\/politicosaldesnudo.com.mx\/index.php\/wp-json\/wp\/v2\/categories?post=42263"},{"taxonomy":"post_tag","embeddable":true,"href":"https:\/\/politicosaldesnudo.com.mx\/index.php\/wp-json\/wp\/v2\/tags?post=42263"}],"curies":[{"name":"wp","href":"https:\/\/api.w.org\/{rel}","templated":true}]}}