{"id":42277,"date":"2024-07-19T08:35:46","date_gmt":"2024-07-19T13:35:46","guid":{"rendered":"https:\/\/politicosaldesnudo.com.mx\/?p=42277"},"modified":"2024-07-19T08:35:46","modified_gmt":"2024-07-19T13:35:46","slug":"repsol-y-grupo-frances-edf-se-alian-en-subastas-de-energia-eolica-marina","status":"publish","type":"post","link":"https:\/\/politicosaldesnudo.com.mx\/index.php\/2024\/07\/19\/repsol-y-grupo-frances-edf-se-alian-en-subastas-de-energia-eolica-marina\/","title":{"rendered":"Repsol y grupo franc\u00e9s EDF se al\u00edan en subastas de energ\u00eda e\u00f3lica marina"},"content":{"rendered":"<p><span style=\"font-size: 14pt;\">La empresa energ\u00e9tica espa\u00f1ola Repsol y la divisi\u00f3n de energ\u00edas renovables del gigante energ\u00e9tico estatal franc\u00e9s EDF acordaron asociarse en las subastas de energ\u00eda e\u00f3lica marina en Espa\u00f1a y Portugal.<\/span><\/p>\n<p><span style=\"font-size: 14pt;\">Las empresas firmaron el jueves un acuerdo de exclusividad para cooperar en futuras subastas, en un momento en que la pen\u00ednsula ib\u00e9rica \u201cofrece importantes oportunidades de crecimiento\u201d.<\/span><\/p>\n<p><span style=\"font-size: 14pt;\">Para finales de la d\u00e9cada, Portugal pretende asignar 10 gigavatios (GW) de capacidad e\u00f3lica marina, seg\u00fan sus planes clim\u00e1ticos. El objetivo de Espa\u00f1a para 2030 es de 3 GW.<\/span><\/p>\n<p><span style=\"font-size: 14pt;\">La asociaci\u00f3n se basar\u00e1 en la experiencia de Repsol en Espa\u00f1a y Portugal y en los conocimientos de EDF Renewables en el sector de la energ\u00eda e\u00f3lica marina, dijeron las empresas en un comunicado.<\/span><\/p>\n<p><span style=\"font-size: 14pt;\">Para Repsol, la operaci\u00f3n se inscribe en su estrategia de diversificaci\u00f3n hacia las energ\u00edas renovables a partir de su negocio tradicional de petr\u00f3leo y gas.<\/span><\/p>\n<p><span style=\"font-size: 14pt;\">La empresa espa\u00f1ola destinar\u00e1 hasta 4 mil millones de euros (4 mil 370 millones de d\u00f3lares) de aqu\u00ed a 2027 para desarrollar su cartera de proyectos renovables. Para entonces, espera tener entre 9 y diez gigavatios de capacidad renovable instalada, principalmente en la pen\u00ednsula ib\u00e9rica y en Estados Unidos.<\/span><\/p>\n","protected":false},"excerpt":{"rendered":"<p>La empresa energ\u00e9tica espa\u00f1ola Repsol y la divisi\u00f3n de energ\u00edas renovables del gigante energ\u00e9tico estatal franc\u00e9s EDF acordaron asociarse en<\/p>\n","protected":false},"author":4,"featured_media":42278,"comment_status":"closed","ping_status":"closed","sticky":false,"template":"","format":"standard","meta":{"colormag_page_container_layout":"default_layout","colormag_page_sidebar_layout":"default_layout","_jetpack_memberships_contains_paid_content":false,"footnotes":"","jetpack_publicize_message":"","jetpack_publicize_feature_enabled":true,"jetpack_social_post_already_shared":false,"jetpack_social_options":{"image_generator_settings":{"template":"highway","default_image_id":0,"font":"","enabled":false},"version":2}},"categories":[2050],"tags":[],"class_list":["post-42277","post","type-post","status-publish","format-standard","has-post-thumbnail","hentry","category-economia"],"jetpack_publicize_connections":[],"jetpack_featured_media_url":"https:\/\/i0.wp.com\/politicosaldesnudo.com.mx\/wp-content\/uploads\/2024\/07\/ac81127d7f0f2a4c1aae31c139b7fac3.jpg?fit=550%2C284&ssl=1","jetpack-related-posts":[],"jetpack_sharing_enabled":true,"_links":{"self":[{"href":"https:\/\/politicosaldesnudo.com.mx\/index.php\/wp-json\/wp\/v2\/posts\/42277","targetHints":{"allow":["GET"]}}],"collection":[{"href":"https:\/\/politicosaldesnudo.com.mx\/index.php\/wp-json\/wp\/v2\/posts"}],"about":[{"href":"https:\/\/politicosaldesnudo.com.mx\/index.php\/wp-json\/wp\/v2\/types\/post"}],"author":[{"embeddable":true,"href":"https:\/\/politicosaldesnudo.com.mx\/index.php\/wp-json\/wp\/v2\/users\/4"}],"replies":[{"embeddable":true,"href":"https:\/\/politicosaldesnudo.com.mx\/index.php\/wp-json\/wp\/v2\/comments?post=42277"}],"version-history":[{"count":0,"href":"https:\/\/politicosaldesnudo.com.mx\/index.php\/wp-json\/wp\/v2\/posts\/42277\/revisions"}],"wp:featuredmedia":[{"embeddable":true,"href":"https:\/\/politicosaldesnudo.com.mx\/index.php\/wp-json\/wp\/v2\/media\/42278"}],"wp:attachment":[{"href":"https:\/\/politicosaldesnudo.com.mx\/index.php\/wp-json\/wp\/v2\/media?parent=42277"}],"wp:term":[{"taxonomy":"category","embeddable":true,"href":"https:\/\/politicosaldesnudo.com.mx\/index.php\/wp-json\/wp\/v2\/categories?post=42277"},{"taxonomy":"post_tag","embeddable":true,"href":"https:\/\/politicosaldesnudo.com.mx\/index.php\/wp-json\/wp\/v2\/tags?post=42277"}],"curies":[{"name":"wp","href":"https:\/\/api.w.org\/{rel}","templated":true}]}}