{"id":42384,"date":"2024-07-21T01:20:51","date_gmt":"2024-07-21T06:20:51","guid":{"rendered":"https:\/\/politicosaldesnudo.com.mx\/?p=42384"},"modified":"2024-07-21T01:20:51","modified_gmt":"2024-07-21T06:20:51","slug":"indigenas-conmemoran-500-anos-de-resistencia-a-invasion-espanola-en-guatemala","status":"publish","type":"post","link":"https:\/\/politicosaldesnudo.com.mx\/index.php\/2024\/07\/21\/indigenas-conmemoran-500-anos-de-resistencia-a-invasion-espanola-en-guatemala\/","title":{"rendered":"Ind\u00edgenas conmemoran 500 a\u00f1os de \u201cresistencia\u201d a invasi\u00f3n espa\u00f1ola en Guatemala"},"content":{"rendered":"<p><span style=\"font-size: 14pt;\">Con una caminata, ceremonias, danzas, m\u00fasica y una demostraci\u00f3n del ancestral juego de pelota, ind\u00edgenas conmemoran este s\u00e1bado en un poblado maya de Guatemala los 500 a\u00f1os de \u00abresistencia\u00bb tras la colonizaci\u00f3n de Espa\u00f1a.<\/span><\/p>\n<div class=\"teads-inread\">\n<div>\n<div id=\"teads0\" class=\"teads-player\"><span style=\"font-size: 14pt;\">Las actividades iniciaron con una caminata de los pueblos originarios de Guatemala, El Salvador y Honduras desde el centro del municipio de Tecp\u00e1n (oeste) al sitio arqueol\u00f3gico de Iximch\u00e9 en una \u00abcontracelebraci\u00f3n\u00bb por la llegada a Guatemala de la primera expedici\u00f3n de conquistadores espa\u00f1oles en 1524.<\/span><\/div>\n<\/div>\n<\/div>\n<p><span style=\"font-size: 14pt;\">Durante la jornada, los grupos ind\u00edgenas hicieron un \u00abrecorrido por la memoria hist\u00f3rica de los 500 a\u00f1os de lucha\u00bb en Iximch\u00e9, la antigua ciudad maya donde los conquistadores espa\u00f1oles fundaron la primera capital de Guatemala.<\/span><\/p>\n<p><span style=\"font-size: 14pt;\">En esa ciudad los descendientes de los mayas danzaron al ritmo de m\u00fasica de marimba a la orilla del c\u00edrculo de fuego hecho con decenas de candelas de cera de varios colores donde quemaron resinas de \u00e1rboles.<\/span><\/p>\n<p><span style=\"font-size: 14pt;\">\u00abEstamos conmemorando los 500 a\u00f1os de la resistencia. Fue una invasi\u00f3n cruel y violenta\u00bb, dijo Pakal Rodr\u00edguez, integrante de Kaqchikel Taq Molaj, una de las entidades aut\u00f3ctonas guatemaltecas organizadoras de la conmemoraci\u00f3n.<\/span><\/p>\n<div class=\"teads-inread sm-screen\">\n<div id=\"teads1\" class=\"teads-player\"><span style=\"font-size: 14pt;\">\u00abHoy no estamos celebrando 500 a\u00f1os, hoy estamos conmemorando la memoria de nuestros ancestros, hace 500 a\u00f1os comenz\u00f3 la gran masacre, la invasi\u00f3n a estos territorios\u00bb, lament\u00f3 ind\u00edgena Marco Tulio Pichiya, de la organizaci\u00f3n Ralk&#8217;wal Pa Tz&#8217;iya&#8217;.<\/span><\/div>\n<\/div>\n<p><span style=\"font-size: 14pt;\">\u00abEl racismo, la discriminaci\u00f3n, el genocidio, las grandes masacres no se celebran (&#8230;), estamos en resistencia como pueblos originarios\u00bb, insisti\u00f3.<\/span><\/p>\n<p><span style=\"font-size: 14pt;\">Record\u00f3 que esa ciudad fue quemada por el conquistador espa\u00f1ol Pedro de Alvarado y arremeti\u00f3 contra las actividades organizadas por la municipalidad local para celebrar la llegada de los espa\u00f1oles. \u00abEsas actitudes, esas acciones de verdad son una verg\u00fcenza\u00bb, afirm\u00f3.<\/span><\/p>\n<p><span style=\"font-size: 14pt;\">En tanto, Ixmukane \u00c1lvarez, de la misma entidad que Pakal, consider\u00f3 que es necesario \u00abhacer estos recorridos de memoria para agradecer y honrar la lucha de nuestros abuelos\u00bb.<\/span><\/p>\n<p><span style=\"font-size: 14pt;\">\u00abCreemos que es necesario hablar del trauma de la invasi\u00f3n para poder empezar a sanar a toda la poblaci\u00f3n\u00bb, consider\u00f3.<\/span><\/p>\n<p><span style=\"font-size: 14pt;\">\u00c1lvarez agradeci\u00f3 a los abuelos y abuelas porque \u00abnos han ense\u00f1ado el camino de no rendirnos nunca por encima del dolor, por encima del sufrimiento, siempre tenemos esperanza, siempre tenemos alegr\u00eda, siempre luchamos por la vida\u00bb.<\/span><\/p>\n","protected":false},"excerpt":{"rendered":"<p>Con una caminata, ceremonias, danzas, m\u00fasica y una demostraci\u00f3n del ancestral juego de pelota, ind\u00edgenas conmemoran este s\u00e1bado en un<\/p>\n","protected":false},"author":4,"featured_media":42385,"comment_status":"closed","ping_status":"closed","sticky":false,"template":"","format":"standard","meta":{"colormag_page_container_layout":"default_layout","colormag_page_sidebar_layout":"default_layout","_jetpack_memberships_contains_paid_content":false,"footnotes":"","jetpack_publicize_message":"","jetpack_publicize_feature_enabled":true,"jetpack_social_post_already_shared":false,"jetpack_social_options":{"image_generator_settings":{"template":"highway","default_image_id":0,"font":"","enabled":false},"version":2}},"categories":[28],"tags":[],"class_list":["post-42384","post","type-post","status-publish","format-standard","has-post-thumbnail","hentry","category-internacional"],"jetpack_publicize_connections":[],"jetpack_featured_media_url":"https:\/\/i0.wp.com\/politicosaldesnudo.com.mx\/wp-content\/uploads\/2024\/07\/WhatsApp-Image-2024-07-20-at-18.21.28.jpeg?fit=1280%2C851&ssl=1","jetpack-related-posts":[],"jetpack_sharing_enabled":true,"_links":{"self":[{"href":"https:\/\/politicosaldesnudo.com.mx\/index.php\/wp-json\/wp\/v2\/posts\/42384","targetHints":{"allow":["GET"]}}],"collection":[{"href":"https:\/\/politicosaldesnudo.com.mx\/index.php\/wp-json\/wp\/v2\/posts"}],"about":[{"href":"https:\/\/politicosaldesnudo.com.mx\/index.php\/wp-json\/wp\/v2\/types\/post"}],"author":[{"embeddable":true,"href":"https:\/\/politicosaldesnudo.com.mx\/index.php\/wp-json\/wp\/v2\/users\/4"}],"replies":[{"embeddable":true,"href":"https:\/\/politicosaldesnudo.com.mx\/index.php\/wp-json\/wp\/v2\/comments?post=42384"}],"version-history":[{"count":0,"href":"https:\/\/politicosaldesnudo.com.mx\/index.php\/wp-json\/wp\/v2\/posts\/42384\/revisions"}],"wp:featuredmedia":[{"embeddable":true,"href":"https:\/\/politicosaldesnudo.com.mx\/index.php\/wp-json\/wp\/v2\/media\/42385"}],"wp:attachment":[{"href":"https:\/\/politicosaldesnudo.com.mx\/index.php\/wp-json\/wp\/v2\/media?parent=42384"}],"wp:term":[{"taxonomy":"category","embeddable":true,"href":"https:\/\/politicosaldesnudo.com.mx\/index.php\/wp-json\/wp\/v2\/categories?post=42384"},{"taxonomy":"post_tag","embeddable":true,"href":"https:\/\/politicosaldesnudo.com.mx\/index.php\/wp-json\/wp\/v2\/tags?post=42384"}],"curies":[{"name":"wp","href":"https:\/\/api.w.org\/{rel}","templated":true}]}}