{"id":42388,"date":"2024-07-21T01:22:50","date_gmt":"2024-07-21T06:22:50","guid":{"rendered":"https:\/\/politicosaldesnudo.com.mx\/?p=42388"},"modified":"2024-07-21T01:22:50","modified_gmt":"2024-07-21T06:22:50","slug":"anuncia-erdogan-fin-de-operacion-militar-en-irak-y-siria","status":"publish","type":"post","link":"https:\/\/politicosaldesnudo.com.mx\/index.php\/2024\/07\/21\/anuncia-erdogan-fin-de-operacion-militar-en-irak-y-siria\/","title":{"rendered":"Anuncia Erdogan fin de operaci\u00f3n militar en Irak y Siria"},"content":{"rendered":"<p><span style=\"font-size: 14pt;\">El presidente turco, Recep Tayyip Erdogan, anunci\u00f3 este s\u00e1bado el fin inminente de la operaci\u00f3n militar contra combatientes del Partido de los Trabajadores del Kurdist\u00e1n (PKK) en el norte de Irak y Siria.<\/span><\/p>\n<p><span style=\"font-size: 14pt;\">\u00abMuy pronto completaremos el bloqueo de la zona de operaciones en el norte de Irak\u00bb, declar\u00f3 Erdogan, que afirm\u00f3 que la ofensiva asest\u00f3 duros golpes al PKK, una organizaci\u00f3n que califica como \u00abterrorista\u00bb.<\/span><\/p>\n<p><span style=\"font-size: 14pt;\">\u00abCompletaremos los puntos que faltan del cintur\u00f3n de seguridad a lo largo de nuestra frontera sur con Siria. Estamos decididos a eliminar cualquier estructura que pueda constituir una amenaza para nuestro pa\u00eds a lo largo de las fronteras con Irak y Siria\u00bb, subray\u00f3.<\/span><\/p>\n<p><span style=\"font-size: 14pt;\">Turqu\u00eda lanz\u00f3 la operaci\u00f3n \u00abGarra cerrada\u00bb en abril de 2022 para garantizar la seguridad en su frontera con el norte de Irak, desde donde acusaba al PKK de lanzar ataques contra el territorio turco.<\/span><\/p>\n<p><span style=\"font-size: 14pt;\">\u00abLa organizaci\u00f3n separatista qued\u00f3 incapacitada para actuar dentro de nuestras fronteras. En Irak y Siria est\u00e1 completamente atrapada\u00bb, agreg\u00f3 Erdogan, en declaraciones durante una graduaci\u00f3n de cadetes de la Academia Militar de Estambul.<\/span><\/p>\n<p><span style=\"font-size: 14pt;\">\u00abEstamos tras ellos en todas partes, con nuestros soldados, polic\u00edas, gendarmes y agentes de inteligencia\u00bb, a\u00f1adi\u00f3.<\/span><\/p>\n<p><span style=\"font-size: 14pt;\">El PKK, clasificado como \u00abterrorista\u00bb por Turqu\u00eda y sus aliados occidentales, entre ellos Estados Unidos y la Uni\u00f3n Europea, libra una insurgencia contra el ej\u00e9rcito turco desde 1984.<\/span><\/p>\n<p><span style=\"font-size: 14pt;\">Ankara tiene un largo historial de operaciones desplegadas en pa\u00edses vecinos para combatir a separatistas kurdos a los que denuncia que refugiarse al otro lado de la frontera.<\/span><\/p>\n<p><span style=\"font-size: 14pt;\">Por su parte, Irak denunci\u00f3 esta semana nuevas incursiones del ej\u00e9rcito turco en el Kurdist\u00e1n, un territorio aut\u00f3nomo del norte del pa\u00eds, dando cuenta de un refuerzo de las operaciones militares de Ankara contra los combatientes del PKK en las \u00faltimas semanas.<\/span><\/p>\n<p><span style=\"font-size: 14pt;\">Turqu\u00eda e Irak se acercaron en la pasada primavera boreal despu\u00e9s de que las autoridades de Bagdad designaran al PKK \u00aborganizaci\u00f3n prohibida\u00bb. Erdogan visit\u00f3 la capital iraqu\u00ed en abril, y reclam\u00f3 que Bagdad se implique m\u00e1s en la lucha contra sus enemigos.<\/span><\/p>\n<p><span style=\"font-size: 14pt;\">Los combatientes kurdos cuentan con bases de retaguardia en el Kurdist\u00e1n aut\u00f3nomo, que tambi\u00e9n acoge desde hace 25 a\u00f1os bases militares turcas.<\/span><\/p>\n<p><span style=\"font-size: 14pt;\"><strong>Una v\u00eda diplom\u00e1tica<\/strong><\/span><\/p>\n<p><span style=\"font-size: 14pt;\">Por su parte, el Ministerio sirio de Relaciones Exteriores declar\u00f3 el s\u00e1bado que la normalizaci\u00f3n de los v\u00ednculos con Turqu\u00eda depende del retiro de las tropas de Ankara de su territorio.<\/span><\/p>\n<p><span style=\"font-size: 14pt;\">Los dos pa\u00edses, fronterizos, rompieron sus relaciones diplom\u00e1ticas al inicio de la guerra civil en Siria, un conflicto que estall\u00f3 en 2011 cuando una ola de protestas pac\u00edficas contra el gobierno de Bashar al Asad fue brutalmente reprimida.<\/span><\/p>\n<p><span style=\"font-size: 14pt;\">La canciller\u00eda siria afirm\u00f3 que una normalizaci\u00f3n de las relaciones bilaterales, \u00abdebe basarse en fundamentos claros\u00bb y cit\u00f3 como importantes \u00abla retirada de las fuerzas presentes ilegalmente en territorio sirio y la lucha contra los grupos terroristas que amenazan la seguridad no s\u00f3lo de Siria sino tambi\u00e9n de Turqu\u00eda\u00bb.<\/span><\/p>\n<p><span style=\"font-size: 14pt;\">Turqu\u00eda dispone de bases militares en el norte de Siria, para \u00abproteger su frontera\u00bb e impedir la instauraci\u00f3n de un \u00abcorredor de terror\u00bb, seg\u00fan los t\u00e9rminos de Erdogan en 2019.<\/span><\/p>\n<p><span style=\"font-size: 14pt;\">Erdogan expres\u00f3 una voluntad de acercamiento con el presidente sirio Bashar el Asad y el 7 de julio dijo que pod\u00eda invitarlo \u00aben cualquier momento\u00bb, un gesto de reconciliaci\u00f3n.<\/span><\/p>\n","protected":false},"excerpt":{"rendered":"<p>El presidente turco, Recep Tayyip Erdogan, anunci\u00f3 este s\u00e1bado el fin inminente de la operaci\u00f3n militar contra combatientes del Partido<\/p>\n","protected":false},"author":4,"featured_media":42389,"comment_status":"closed","ping_status":"closed","sticky":false,"template":"","format":"standard","meta":{"colormag_page_container_layout":"default_layout","colormag_page_sidebar_layout":"default_layout","_jetpack_memberships_contains_paid_content":false,"footnotes":"","jetpack_publicize_message":"","jetpack_publicize_feature_enabled":true,"jetpack_social_post_already_shared":false,"jetpack_social_options":{"image_generator_settings":{"template":"highway","default_image_id":0,"font":"","enabled":false},"version":2}},"categories":[28],"tags":[],"class_list":["post-42388","post","type-post","status-publish","format-standard","has-post-thumbnail","hentry","category-internacional"],"jetpack_publicize_connections":[],"jetpack_featured_media_url":"https:\/\/i0.wp.com\/politicosaldesnudo.com.mx\/wp-content\/uploads\/2024\/07\/erdogan_reuters.jpg_1691493684.jpg?fit=1200%2C900&ssl=1","jetpack-related-posts":[],"jetpack_sharing_enabled":true,"_links":{"self":[{"href":"https:\/\/politicosaldesnudo.com.mx\/index.php\/wp-json\/wp\/v2\/posts\/42388","targetHints":{"allow":["GET"]}}],"collection":[{"href":"https:\/\/politicosaldesnudo.com.mx\/index.php\/wp-json\/wp\/v2\/posts"}],"about":[{"href":"https:\/\/politicosaldesnudo.com.mx\/index.php\/wp-json\/wp\/v2\/types\/post"}],"author":[{"embeddable":true,"href":"https:\/\/politicosaldesnudo.com.mx\/index.php\/wp-json\/wp\/v2\/users\/4"}],"replies":[{"embeddable":true,"href":"https:\/\/politicosaldesnudo.com.mx\/index.php\/wp-json\/wp\/v2\/comments?post=42388"}],"version-history":[{"count":0,"href":"https:\/\/politicosaldesnudo.com.mx\/index.php\/wp-json\/wp\/v2\/posts\/42388\/revisions"}],"wp:featuredmedia":[{"embeddable":true,"href":"https:\/\/politicosaldesnudo.com.mx\/index.php\/wp-json\/wp\/v2\/media\/42389"}],"wp:attachment":[{"href":"https:\/\/politicosaldesnudo.com.mx\/index.php\/wp-json\/wp\/v2\/media?parent=42388"}],"wp:term":[{"taxonomy":"category","embeddable":true,"href":"https:\/\/politicosaldesnudo.com.mx\/index.php\/wp-json\/wp\/v2\/categories?post=42388"},{"taxonomy":"post_tag","embeddable":true,"href":"https:\/\/politicosaldesnudo.com.mx\/index.php\/wp-json\/wp\/v2\/tags?post=42388"}],"curies":[{"name":"wp","href":"https:\/\/api.w.org\/{rel}","templated":true}]}}