{"id":42391,"date":"2024-07-21T01:28:27","date_gmt":"2024-07-21T06:28:27","guid":{"rendered":"https:\/\/politicosaldesnudo.com.mx\/?p=42391"},"modified":"2024-07-21T01:28:27","modified_gmt":"2024-07-21T06:28:27","slug":"protestan-en-italia-contra-envio-de-armas-a-ucrania","status":"publish","type":"post","link":"https:\/\/politicosaldesnudo.com.mx\/index.php\/2024\/07\/21\/protestan-en-italia-contra-envio-de-armas-a-ucrania\/","title":{"rendered":"Protestan en Italia contra env\u00edo de armas a Ucrania"},"content":{"rendered":"<div id=\"article-content-tts\" class=\"nota-contenido mb-5\">\n<div id=\"content_nitf\">\n<p><span style=\"font-size: 14pt;\">Cerca de un centenar de personas salieron este s\u00e1bado a las calles en la ciudad italiana de M\u00f3dena, en la provincia de Emilia-Roma\u00f1a, protestando contra el env\u00edo de armas a Ucrania y las sanciones antirrusas.<\/span><\/p>\n<p><span style=\"font-size: 14pt;\">\u00abNos pronunciamos en contra de las sanciones antirrusas y el suministro de armas a Ucrania como una forma de resolver el conflicto\u00bb, dijo a Sputnik el jefe de la oficina regional del movimiento italiano &#8216;Independencia&#8217;, Fabio de Luca\u200b\u200b\u200b.<\/span><\/p>\n<p><span style=\"font-size: 14pt;\">Para avanzar hacia la paz, agreg\u00f3, hay que \u00abser un mediador y no parte del conflicto\u00bb.<\/span><\/p>\n<p><span style=\"font-size: 14pt;\">Los organizadores de la acci\u00f3n tambi\u00e9n relataron a esta agencia que varias asociaciones civiles desplegaron carteles que dec\u00edan \u00abRusia no es mi enemigo\u00bb en Emilia-Roma\u00f1a y la regi\u00f3n vecina de V\u00e9neto, pero fueron todos destruidos por v\u00e1ndalos desconocidos.<\/span><\/p>\n<p><span style=\"font-size: 14pt;\">Rusia contin\u00faa desde el 24 de febrero de 2022 una operaci\u00f3n militar especial en Ucrania, cuyos objetivos, seg\u00fan el presidente Vlad\u00edmir Putin, son proteger a la poblaci\u00f3n de \u00abun genocidio por parte del r\u00e9gimen de Kiev\u00bb y atajar los riesgos de seguridad nacional que representa el avance de la OTAN hacia el este.<\/span><\/p>\n<p><span style=\"font-size: 14pt;\">El 14 de junio, Putin formul\u00f3 varias condiciones clave para iniciar las negociaciones de paz, en particular, que Ucrania retire las tropas de cuatro nuevos territorios rusos (Donetsk, Lugansk, Jers\u00f3n y Zaporozhie), desista de adherirse a la OTAN y mantenga el estatus neutral, no alineado y no nuclear; y que adem\u00e1s se levanten todas las sanciones contra Rusia.<\/span><\/p>\n<p><span style=\"font-size: 14pt;\">El presidente de Ucrania, Vlad\u00edmir Zelenski, por su parte, rechaz\u00f3 la propuesta, calific\u00e1ndola de ultim\u00e1tum.\u00a0<\/span><\/p>\n<\/div>\n<\/div>\n<div class=\"nota-tags\"><\/div>\n","protected":false},"excerpt":{"rendered":"<p>Cerca de un centenar de personas salieron este s\u00e1bado a las calles en la ciudad italiana de M\u00f3dena, en la<\/p>\n","protected":false},"author":4,"featured_media":42392,"comment_status":"closed","ping_status":"closed","sticky":false,"template":"","format":"standard","meta":{"colormag_page_container_layout":"default_layout","colormag_page_sidebar_layout":"default_layout","_jetpack_memberships_contains_paid_content":false,"footnotes":"","jetpack_publicize_message":"","jetpack_publicize_feature_enabled":true,"jetpack_social_post_already_shared":false,"jetpack_social_options":{"image_generator_settings":{"template":"highway","default_image_id":0,"font":"","enabled":false},"version":2}},"categories":[28],"tags":[],"class_list":["post-42391","post","type-post","status-publish","format-standard","has-post-thumbnail","hentry","category-internacional"],"jetpack_publicize_connections":[],"jetpack_featured_media_url":"https:\/\/i0.wp.com\/politicosaldesnudo.com.mx\/wp-content\/uploads\/2024\/07\/images-21.jpg?fit=300%2C168&ssl=1","jetpack-related-posts":[],"jetpack_sharing_enabled":true,"_links":{"self":[{"href":"https:\/\/politicosaldesnudo.com.mx\/index.php\/wp-json\/wp\/v2\/posts\/42391","targetHints":{"allow":["GET"]}}],"collection":[{"href":"https:\/\/politicosaldesnudo.com.mx\/index.php\/wp-json\/wp\/v2\/posts"}],"about":[{"href":"https:\/\/politicosaldesnudo.com.mx\/index.php\/wp-json\/wp\/v2\/types\/post"}],"author":[{"embeddable":true,"href":"https:\/\/politicosaldesnudo.com.mx\/index.php\/wp-json\/wp\/v2\/users\/4"}],"replies":[{"embeddable":true,"href":"https:\/\/politicosaldesnudo.com.mx\/index.php\/wp-json\/wp\/v2\/comments?post=42391"}],"version-history":[{"count":0,"href":"https:\/\/politicosaldesnudo.com.mx\/index.php\/wp-json\/wp\/v2\/posts\/42391\/revisions"}],"wp:featuredmedia":[{"embeddable":true,"href":"https:\/\/politicosaldesnudo.com.mx\/index.php\/wp-json\/wp\/v2\/media\/42392"}],"wp:attachment":[{"href":"https:\/\/politicosaldesnudo.com.mx\/index.php\/wp-json\/wp\/v2\/media?parent=42391"}],"wp:term":[{"taxonomy":"category","embeddable":true,"href":"https:\/\/politicosaldesnudo.com.mx\/index.php\/wp-json\/wp\/v2\/categories?post=42391"},{"taxonomy":"post_tag","embeddable":true,"href":"https:\/\/politicosaldesnudo.com.mx\/index.php\/wp-json\/wp\/v2\/tags?post=42391"}],"curies":[{"name":"wp","href":"https:\/\/api.w.org\/{rel}","templated":true}]}}