{"id":42398,"date":"2024-07-21T01:38:13","date_gmt":"2024-07-21T06:38:13","guid":{"rendered":"https:\/\/politicosaldesnudo.com.mx\/?p=42398"},"modified":"2024-07-21T01:38:13","modified_gmt":"2024-07-21T06:38:13","slug":"rinden-homenaje-en-chihuahua-a-francisco-villa-el-centauro-del-norte","status":"publish","type":"post","link":"https:\/\/politicosaldesnudo.com.mx\/index.php\/2024\/07\/21\/rinden-homenaje-en-chihuahua-a-francisco-villa-el-centauro-del-norte\/","title":{"rendered":"Rinden homenaje en Chihuahua a Francisco Villa, el \u201cCentauro del Norte\u201d"},"content":{"rendered":"<p><span style=\"font-size: 14pt;\">Alrededor de ocho mil jinetes, seg\u00fan organizadores, llegaron al municipio de Parral desde Ciudad Ju\u00e1rez y otros municipios del estado, aparte de grupos de Durango, Coahuila y otros estados y del extranjero para rendir un homenaje al Centauro del Norte, Francisco Villa, al que consideran el verdadero revolucionario del pueblo.<\/span><\/p>\n<p><span style=\"font-size: 14pt;\">Esta celebraci\u00f3n lleva 29 a\u00f1os desde que la iniciaron ex villistas y simpatizantes y cada a\u00f1o crece el n\u00famero de participantes, aparte de cientos de motociclistas.<\/span><\/p>\n<p><span style=\"font-size: 14pt;\">El recorrido inici\u00f3 en Ju\u00e1rez con la cabalgata y dur\u00f3 14 d\u00edas; en cada municipio que recorr\u00edan se incorporan nuevos grupos, hasta ayer en la tarde que ingresaron a la ciudad donde Villa muri\u00f3 ejecutado en 1923.<\/span><\/p>\n<p><span style=\"font-size: 14pt;\">Este evento, que re\u00fane a participantes del pa\u00eds y del extranjero, se ha posicionado como una de las cabalgatas m\u00e1s grandes y representativas de M\u00e9xico.<\/span><\/p>\n<p><span style=\"font-size: 14pt;\">Durante el recibimiento se record\u00f3 que, con la Cabalgata Villista, evento anual, le rinden homenaje al l\u00edder revolucionario Francisco Villa, el m\u00e1s querido, y a los valientes hombres y mujeres que lucharon por la libertad y la justicia.<\/span><\/p>\n<p><span style=\"font-size: 14pt;\">Este evento re\u00fane a miles de jinetes que recorren m\u00e1s de 600 kil\u00f3metros hasta llegar a Parral, Chihuahua, una ciudad de gran relevancia para la Revoluci\u00f3n Mexicana.<\/span><\/p>\n<p><span style=\"font-size: 14pt;\">El principal impulsor de esta actividad fue Jos\u00e9 Socorro Salcido G\u00f3mez, admirador del General Villa y de los combatientes de la Divisi\u00f3n del Norte, introdujo esta festividad en Chihuahua.<\/span><\/p>\n<p><span style=\"font-size: 14pt;\">La idea original de Salcido G\u00f3mez era recorrer 27 kil\u00f3metros hasta Hidalgo del Parral durante el aniversario luctuoso de Villa, coincidiendo con la conmemoraci\u00f3n de la fundaci\u00f3n del pueblo.<\/span><\/p>\n<p><span style=\"font-size: 14pt;\">Con el paso del tiempo el inter\u00e9s y el entusiasmo por la Cabalgata Villista han crecido significativamente, convirti\u00e9ndo el evento en uno de los m\u00e1s destacados del pa\u00eds.<\/span><\/p>\n<p><span style=\"font-size: 14pt;\">La cabalgata, que inicialmente contaba con alrededor de 50 jinetes ha evolucionado para reunir hasta m\u00e1s de ocho mil cabalgantes en sus ediciones m\u00e1s recientes, situ\u00e1ndose como una de las cabalgatas m\u00e1s concurridas y largas en M\u00e9xico.<\/span><\/p>\n<p><span style=\"font-size: 14pt;\">Durante el trayecto, el gobierno estatal, a trav\u00e9s de la Secretar\u00eda de Turismo se encarg\u00f3 de acompa\u00f1ar a las y los cabalgantes con un operativo de seguridad para garantizar su integridad.<\/span><\/p>\n<p><span style=\"font-size: 14pt;\">A su arribo, fueron recibidos por la sociedad parralense, autoridades municipales y estatales.<\/span><\/p>\n<p><span style=\"font-size: 14pt;\">\u00d3scar Gonz\u00e1lez Luna, subsecretario general de Gobierno, comparti\u00f3 el mensaje de bienvenida, y reconoci\u00f3 la entrega y convicci\u00f3n de todas y todos los participantes.<\/span><\/p>\n<p><span style=\"font-size: 14pt;\">Adem\u00e1s, puntualiz\u00f3 que con estas acciones se resaltan los valores de libertad, justicia y valent\u00eda de hombres y mujeres que representaron la lucha del general Francisco Villa.<\/span><\/p>\n<p><span style=\"font-size: 14pt;\">\u201cLa Cabalgata nos recuerda la importancia de preservar nuestra historia y cultura, as\u00ed como mantener viva la memoria de aquellos que lucharon por un M\u00e9xico m\u00e1s justo y libre\u201d, expres\u00f3 Gonz\u00e1lez Luna.<\/span><\/p>\n<p><span style=\"font-size: 14pt;\">La cabalgata forma parte del calendario de actividades del Festival Internacional de Turismo de Aventura (FITA).<\/span><\/p>\n","protected":false},"excerpt":{"rendered":"<p>Alrededor de ocho mil jinetes, seg\u00fan organizadores, llegaron al municipio de Parral desde Ciudad Ju\u00e1rez y otros municipios del estado,<\/p>\n","protected":false},"author":4,"featured_media":42399,"comment_status":"closed","ping_status":"closed","sticky":false,"template":"","format":"standard","meta":{"colormag_page_container_layout":"default_layout","colormag_page_sidebar_layout":"default_layout","_jetpack_memberships_contains_paid_content":false,"footnotes":"","jetpack_publicize_message":"","jetpack_publicize_feature_enabled":true,"jetpack_social_post_already_shared":false,"jetpack_social_options":{"image_generator_settings":{"template":"highway","default_image_id":0,"font":"","enabled":false},"version":2}},"categories":[30],"tags":[],"class_list":["post-42398","post","type-post","status-publish","format-standard","has-post-thumbnail","hentry","category-estados"],"jetpack_publicize_connections":[],"jetpack_featured_media_url":"https:\/\/i0.wp.com\/politicosaldesnudo.com.mx\/wp-content\/uploads\/2024\/07\/pancho-villa-parral-chihuahua.jpg?fit=1920%2C1080&ssl=1","jetpack-related-posts":[],"jetpack_sharing_enabled":true,"_links":{"self":[{"href":"https:\/\/politicosaldesnudo.com.mx\/index.php\/wp-json\/wp\/v2\/posts\/42398","targetHints":{"allow":["GET"]}}],"collection":[{"href":"https:\/\/politicosaldesnudo.com.mx\/index.php\/wp-json\/wp\/v2\/posts"}],"about":[{"href":"https:\/\/politicosaldesnudo.com.mx\/index.php\/wp-json\/wp\/v2\/types\/post"}],"author":[{"embeddable":true,"href":"https:\/\/politicosaldesnudo.com.mx\/index.php\/wp-json\/wp\/v2\/users\/4"}],"replies":[{"embeddable":true,"href":"https:\/\/politicosaldesnudo.com.mx\/index.php\/wp-json\/wp\/v2\/comments?post=42398"}],"version-history":[{"count":0,"href":"https:\/\/politicosaldesnudo.com.mx\/index.php\/wp-json\/wp\/v2\/posts\/42398\/revisions"}],"wp:featuredmedia":[{"embeddable":true,"href":"https:\/\/politicosaldesnudo.com.mx\/index.php\/wp-json\/wp\/v2\/media\/42399"}],"wp:attachment":[{"href":"https:\/\/politicosaldesnudo.com.mx\/index.php\/wp-json\/wp\/v2\/media?parent=42398"}],"wp:term":[{"taxonomy":"category","embeddable":true,"href":"https:\/\/politicosaldesnudo.com.mx\/index.php\/wp-json\/wp\/v2\/categories?post=42398"},{"taxonomy":"post_tag","embeddable":true,"href":"https:\/\/politicosaldesnudo.com.mx\/index.php\/wp-json\/wp\/v2\/tags?post=42398"}],"curies":[{"name":"wp","href":"https:\/\/api.w.org\/{rel}","templated":true}]}}