{"id":42405,"date":"2024-07-21T01:41:32","date_gmt":"2024-07-21T06:41:32","guid":{"rendered":"https:\/\/politicosaldesnudo.com.mx\/?p=42405"},"modified":"2024-07-21T01:41:32","modified_gmt":"2024-07-21T06:41:32","slug":"se-atienden-afectaciones-causadas-por-lluvias-en-nayarit","status":"publish","type":"post","link":"https:\/\/politicosaldesnudo.com.mx\/index.php\/2024\/07\/21\/se-atienden-afectaciones-causadas-por-lluvias-en-nayarit\/","title":{"rendered":"Se atienden afectaciones causadas por lluvias en Nayarit"},"content":{"rendered":"<p><span style=\"font-size: 14pt;\">El gobierno de Nayarit atiende derrumbes y cortes con motosierra de arboles que cayeron durante las \u00faltimas lluvias realizadas en la entidad.<\/span><\/p>\n<p><span style=\"font-size: 14pt;\">La Secretar\u00eda de Seguridad y Protecci\u00f3n Ciudadana a trav\u00e9s de la Polic\u00eda Estatal brind\u00f3 esta tarde del viernes apoyo en deslaves en la carretera Ru\u00edz \u2013 Zacatecas. \u00abLas acciones, por parte de los elementos consistieron en realizar el levantamiento de las piedras para posteriormente remover los restos del derrumbe que pudieran ocasionar alg\u00fan accidente\u00bb<\/span><\/p>\n<p><span style=\"font-size: 14pt;\">Mientras tanto, personal de bomberos del estado y de la Secretar\u00eda de Desarrollo Sustentable y COFONAY trabajan desde este viernes en la tarde en el corte y retiro de los dos \u00e1rboles que cayeron en el recinto ferial de Tepic.\u00bbMediante el uso de maquinaria se realizan las labores para levantar de manera segura un \u00e1rbol que cay\u00f3 sobre un veh\u00edculo de la marca Audi, en color blanco.<\/span><\/p>\n<p><span style=\"font-size: 14pt;\">Este viernes en esta capital Xalisco, Compostela y carretera Tepic_ Puerto Vallarta se reportaron ca\u00edda de \u00e1rboles y cables de alta tensi\u00f3n que afectaron la circulaci\u00f3n vehicular.<\/span><\/p>\n","protected":false},"excerpt":{"rendered":"<p>El gobierno de Nayarit atiende derrumbes y cortes con motosierra de arboles que cayeron durante las \u00faltimas lluvias realizadas en<\/p>\n","protected":false},"author":4,"featured_media":42406,"comment_status":"closed","ping_status":"closed","sticky":false,"template":"","format":"standard","meta":{"colormag_page_container_layout":"default_layout","colormag_page_sidebar_layout":"default_layout","_jetpack_memberships_contains_paid_content":false,"footnotes":"","jetpack_publicize_message":"","jetpack_publicize_feature_enabled":true,"jetpack_social_post_already_shared":false,"jetpack_social_options":{"image_generator_settings":{"template":"highway","default_image_id":0,"font":"","enabled":false},"version":2}},"categories":[30],"tags":[],"class_list":["post-42405","post","type-post","status-publish","format-standard","has-post-thumbnail","hentry","category-estados"],"jetpack_publicize_connections":[],"jetpack_featured_media_url":"https:\/\/i0.wp.com\/politicosaldesnudo.com.mx\/wp-content\/uploads\/2024\/07\/Gobierno-de-Nayarit-estudia-los-danos-causados-por-lluvias.jpg?fit=1140%2C712&ssl=1","jetpack-related-posts":[],"jetpack_sharing_enabled":true,"_links":{"self":[{"href":"https:\/\/politicosaldesnudo.com.mx\/index.php\/wp-json\/wp\/v2\/posts\/42405","targetHints":{"allow":["GET"]}}],"collection":[{"href":"https:\/\/politicosaldesnudo.com.mx\/index.php\/wp-json\/wp\/v2\/posts"}],"about":[{"href":"https:\/\/politicosaldesnudo.com.mx\/index.php\/wp-json\/wp\/v2\/types\/post"}],"author":[{"embeddable":true,"href":"https:\/\/politicosaldesnudo.com.mx\/index.php\/wp-json\/wp\/v2\/users\/4"}],"replies":[{"embeddable":true,"href":"https:\/\/politicosaldesnudo.com.mx\/index.php\/wp-json\/wp\/v2\/comments?post=42405"}],"version-history":[{"count":0,"href":"https:\/\/politicosaldesnudo.com.mx\/index.php\/wp-json\/wp\/v2\/posts\/42405\/revisions"}],"wp:featuredmedia":[{"embeddable":true,"href":"https:\/\/politicosaldesnudo.com.mx\/index.php\/wp-json\/wp\/v2\/media\/42406"}],"wp:attachment":[{"href":"https:\/\/politicosaldesnudo.com.mx\/index.php\/wp-json\/wp\/v2\/media?parent=42405"}],"wp:term":[{"taxonomy":"category","embeddable":true,"href":"https:\/\/politicosaldesnudo.com.mx\/index.php\/wp-json\/wp\/v2\/categories?post=42405"},{"taxonomy":"post_tag","embeddable":true,"href":"https:\/\/politicosaldesnudo.com.mx\/index.php\/wp-json\/wp\/v2\/tags?post=42405"}],"curies":[{"name":"wp","href":"https:\/\/api.w.org\/{rel}","templated":true}]}}