{"id":42424,"date":"2024-07-21T02:04:43","date_gmt":"2024-07-21T07:04:43","guid":{"rendered":"https:\/\/politicosaldesnudo.com.mx\/?p=42424"},"modified":"2024-07-21T02:04:43","modified_gmt":"2024-07-21T07:04:43","slug":"por-primera-vez-se-negocia-con-eu-en-igualdad-y-sin-subordinacion-sheinbaum","status":"publish","type":"post","link":"https:\/\/politicosaldesnudo.com.mx\/index.php\/2024\/07\/21\/por-primera-vez-se-negocia-con-eu-en-igualdad-y-sin-subordinacion-sheinbaum\/","title":{"rendered":"Por primera vez se negocia con EU en igualdad y sin subordinaci\u00f3n: Sheinbaum"},"content":{"rendered":"<div>\n<div id=\"content-body-225-12272730\">\n<p><span style=\"font-size: 14pt;\">La virtual presidenta electa, Claudia\u00a0Sheinbaum Pardo, apunt\u00f3 que por primera vez M\u00e9xico negocia con Estados Unidos en igualdad de condiciones\u00a0y no bajo la subordinaci\u00f3n de la potencia norteamericana.<\/span><\/p>\n<p><span style=\"font-size: 14pt;\">\u201cPor primera vez se negocia en condiciones de igualdad, no de subordinaci\u00f3n, con Estados Unidos, porque somos iguales, somos un pa\u00eds soberano, un pa\u00eds aut\u00f3nomo y negociamos en igualdad de circunstancias\u201d, afirm\u00f3.<\/span><\/p>\n<\/div>\n<\/div>\n<div>\n<div id=\"dfp-nota-1x3s\" data-google-query-id=\"CL-t6aPIt4cDFWaopgQdDy8F_Q\">\n<div id=\"google_ads_iframe_\/2000002\/la-prensa\/mexico_nota_1x3_0__container__\">\n<div id=\"inArticle_1\">\n<div>\n<div>\n<div>\n<div><span style=\"font-size: 14pt;\">Celebr\u00f3 que de la mano con la reducci\u00f3n de la pobreza y la desigualdad, as\u00ed como con el\u00a0crecimiento econ\u00f3mico, salarial y de empleos, M\u00e9xico se convirti\u00f3 en el primer socio comercial de Estados Unidos.<\/span><\/div>\n<\/div>\n<\/div>\n<\/div>\n<\/div>\n<\/div>\n<\/div>\n<\/div>\n<article>\n<div id=\"content-body-5851641-12272730\">\n<p><span style=\"font-size: 14pt;\">Nos convertimos en el socio principal de Estados Unidos y en una relaci\u00f3n de igualdaddijo.<\/span><\/p>\n<p><span style=\"font-size: 14pt;\">Agreg\u00f3 que el\u00a0Gobierno federal tambi\u00e9n defiende a los paisanos y paisanas que viven en Estados Unidos, a quienes calific\u00f3 como un soporte fundamental tanto para la econom\u00eda del pa\u00eds vecino del norte, como para M\u00e9xico.<\/span><\/p>\n<p><span style=\"font-size: 14pt;\">Son h\u00e9roes y hero\u00ednas de nuestra patria y siempre los vamos a defender.Se\u00f1al\u00f3 Sheinbaum Pardo<\/span><\/p>\n<p><span style=\"font-size: 14pt;\">Las palabras de\u00a0Sheinbaum sobre soberan\u00eda e igualdad se suman a lo que dijo ayer en Zacatecas\u00a0cuando calific\u00f3 como \u201cdiscurso electoral\u201d los pronunciamientos de Donald Trump, candidato presidencial republicano, quien el jueves en la Convenci\u00f3n Nacional Republicana -de Estados Unidos- prometi\u00f3 abatir la crisis migratoria con la conclusi\u00f3n del muro fronterizo entre ambos pa\u00edses y un programa de deportaci\u00f3n masiva.<\/span><\/p>\n<p><span style=\"font-size: 14pt;\">Los\u00a0resultados econ\u00f3micos en M\u00e9xico los adjudic\u00f3 a la \u201cEconom\u00eda Moral\u201d o \u201cHumanismo Mexicano\u201d,\u00a0modelo con el que se comprometi\u00f3 a seguir porque \u201clas mexicanas y los mexicanos vivimos mejor\u201d.<\/span><\/p>\n<p><span style=\"font-size: 14pt;\">Este modelo de gobernar incluso ha disminuido la migraci\u00f3n a Estados Unidos, por eso vamos a seguir con el segundo piso de la transformaci\u00f3nSe\u00f1al\u00f3 la virtual presidenta electa<\/span><\/p>\n<p><span style=\"font-size: 14pt;\">En su sexta gira conjunta con el presidente\u00a0L\u00f3pez Obrador, Claudia Sheinbaum resalt\u00f3 que la transici\u00f3n de gobierno se ha realizado en armon\u00eda en 16 estados del pa\u00eds.\u00a0Desde San Luis Potos\u00ed refrend\u00f3 sus propuestas y proyectos, como desarrollar el tren r\u00e1pido Ciudad de M\u00e9xico-San Luis, as\u00ed como dar continuidad a programas sociales e incluir nuevos.<\/span><\/p>\n<p><span style=\"font-size: 14pt;\">Por su parte, el presidente\u00a0Andr\u00e9s Manuel L\u00f3pez Obrador, en una serie de memorias sobre personajes hist\u00f3ricos oriundos de San Luis Potos\u00ed, destac\u00f3 que Sheinbaum ser\u00e1 la primera presidenta en la historia de M\u00e9xico y se dijo feliz por jubilarse con ella como su relevo en Palacio Nacional.<\/span><\/p>\n<\/div>\n<\/article>\n","protected":false},"excerpt":{"rendered":"<p>La virtual presidenta electa, Claudia\u00a0Sheinbaum Pardo, apunt\u00f3 que por primera vez M\u00e9xico negocia con Estados Unidos en igualdad de condiciones\u00a0y<\/p>\n","protected":false},"author":4,"featured_media":42425,"comment_status":"closed","ping_status":"closed","sticky":false,"template":"","format":"standard","meta":{"colormag_page_container_layout":"default_layout","colormag_page_sidebar_layout":"default_layout","_jetpack_memberships_contains_paid_content":false,"footnotes":"","jetpack_publicize_message":"","jetpack_publicize_feature_enabled":true,"jetpack_social_post_already_shared":false,"jetpack_social_options":{"image_generator_settings":{"template":"highway","default_image_id":0,"font":"","enabled":false},"version":2}},"categories":[33],"tags":[],"class_list":["post-42424","post","type-post","status-publish","format-standard","has-post-thumbnail","hentry","category-nacional"],"jetpack_publicize_connections":[],"jetpack_featured_media_url":"https:\/\/i0.wp.com\/politicosaldesnudo.com.mx\/wp-content\/uploads\/2024\/07\/Sheinbaum.jpg?fit=400%2C250&ssl=1","jetpack-related-posts":[],"jetpack_sharing_enabled":true,"_links":{"self":[{"href":"https:\/\/politicosaldesnudo.com.mx\/index.php\/wp-json\/wp\/v2\/posts\/42424","targetHints":{"allow":["GET"]}}],"collection":[{"href":"https:\/\/politicosaldesnudo.com.mx\/index.php\/wp-json\/wp\/v2\/posts"}],"about":[{"href":"https:\/\/politicosaldesnudo.com.mx\/index.php\/wp-json\/wp\/v2\/types\/post"}],"author":[{"embeddable":true,"href":"https:\/\/politicosaldesnudo.com.mx\/index.php\/wp-json\/wp\/v2\/users\/4"}],"replies":[{"embeddable":true,"href":"https:\/\/politicosaldesnudo.com.mx\/index.php\/wp-json\/wp\/v2\/comments?post=42424"}],"version-history":[{"count":0,"href":"https:\/\/politicosaldesnudo.com.mx\/index.php\/wp-json\/wp\/v2\/posts\/42424\/revisions"}],"wp:featuredmedia":[{"embeddable":true,"href":"https:\/\/politicosaldesnudo.com.mx\/index.php\/wp-json\/wp\/v2\/media\/42425"}],"wp:attachment":[{"href":"https:\/\/politicosaldesnudo.com.mx\/index.php\/wp-json\/wp\/v2\/media?parent=42424"}],"wp:term":[{"taxonomy":"category","embeddable":true,"href":"https:\/\/politicosaldesnudo.com.mx\/index.php\/wp-json\/wp\/v2\/categories?post=42424"},{"taxonomy":"post_tag","embeddable":true,"href":"https:\/\/politicosaldesnudo.com.mx\/index.php\/wp-json\/wp\/v2\/tags?post=42424"}],"curies":[{"name":"wp","href":"https:\/\/api.w.org\/{rel}","templated":true}]}}