{"id":42434,"date":"2024-07-21T02:12:24","date_gmt":"2024-07-21T07:12:24","guid":{"rendered":"https:\/\/politicosaldesnudo.com.mx\/?p=42434"},"modified":"2024-07-21T02:12:24","modified_gmt":"2024-07-21T07:12:24","slug":"hay-trabajo-en-veracruz-afirma-secretaria-estatal-del-trabajo","status":"publish","type":"post","link":"https:\/\/politicosaldesnudo.com.mx\/index.php\/2024\/07\/21\/hay-trabajo-en-veracruz-afirma-secretaria-estatal-del-trabajo\/","title":{"rendered":"\u00abHay trabajo en Veracruz\u00bb afirma Secretaria Estatal del Trabajo"},"content":{"rendered":"<p><span style=\"font-size: 14pt;\">Durante su visita al Municipio de Tuxpan, Dorenhy Garc\u00eda Cayetano, Secretar\u00eda del Trabajo Previsi\u00f3n Social y Productividad en Veracruz, asegur\u00f3 que en la entidad si hay trabajo, aun cuando se se\u00f1ala lo contrario.\u00a0<\/span><\/p>\n<p><span style=\"font-size: 14pt;\">Indic\u00f3 que debido a la pandemia las fuentes de empleo cayeron en gran medida en el Estado, sin embrago actualmente se han recuperado y se cuenta con una bolsa permanente del empleo con aproximadamente 200 vacantes en la unidades regionales operativas del Servicio Nacional de Empleo en todo el Estado.\u00a0<\/span><\/p>\n<p><span style=\"font-size: 14pt;\">Coment\u00f3 que mensualmente se est\u00e1 incrementado entre 1.4 y 2 por ciento el nivel de personas registradas ante la seguridad social, as\u00ed como disminuido la tasa de desocupaci\u00f3n laboral en la entidad veracruzana.\u00a0<\/span><\/p>\n","protected":false},"excerpt":{"rendered":"<p>Durante su visita al Municipio de Tuxpan, Dorenhy Garc\u00eda Cayetano, Secretar\u00eda del Trabajo Previsi\u00f3n Social y Productividad en Veracruz, asegur\u00f3<\/p>\n","protected":false},"author":4,"featured_media":42435,"comment_status":"closed","ping_status":"closed","sticky":false,"template":"","format":"standard","meta":{"colormag_page_container_layout":"default_layout","colormag_page_sidebar_layout":"default_layout","_jetpack_memberships_contains_paid_content":false,"footnotes":"","jetpack_publicize_message":"","jetpack_publicize_feature_enabled":true,"jetpack_social_post_already_shared":false,"jetpack_social_options":{"image_generator_settings":{"template":"highway","default_image_id":0,"font":"","enabled":false},"version":2}},"categories":[1082],"tags":[],"class_list":["post-42434","post","type-post","status-publish","format-standard","has-post-thumbnail","hentry","category-tuxpan"],"jetpack_publicize_connections":[],"jetpack_featured_media_url":"https:\/\/i0.wp.com\/politicosaldesnudo.com.mx\/wp-content\/uploads\/2024\/07\/Dorheny-Garcia-Cayetano.jpg?fit=960%2C640&ssl=1","jetpack-related-posts":[],"jetpack_sharing_enabled":true,"_links":{"self":[{"href":"https:\/\/politicosaldesnudo.com.mx\/index.php\/wp-json\/wp\/v2\/posts\/42434","targetHints":{"allow":["GET"]}}],"collection":[{"href":"https:\/\/politicosaldesnudo.com.mx\/index.php\/wp-json\/wp\/v2\/posts"}],"about":[{"href":"https:\/\/politicosaldesnudo.com.mx\/index.php\/wp-json\/wp\/v2\/types\/post"}],"author":[{"embeddable":true,"href":"https:\/\/politicosaldesnudo.com.mx\/index.php\/wp-json\/wp\/v2\/users\/4"}],"replies":[{"embeddable":true,"href":"https:\/\/politicosaldesnudo.com.mx\/index.php\/wp-json\/wp\/v2\/comments?post=42434"}],"version-history":[{"count":0,"href":"https:\/\/politicosaldesnudo.com.mx\/index.php\/wp-json\/wp\/v2\/posts\/42434\/revisions"}],"wp:featuredmedia":[{"embeddable":true,"href":"https:\/\/politicosaldesnudo.com.mx\/index.php\/wp-json\/wp\/v2\/media\/42435"}],"wp:attachment":[{"href":"https:\/\/politicosaldesnudo.com.mx\/index.php\/wp-json\/wp\/v2\/media?parent=42434"}],"wp:term":[{"taxonomy":"category","embeddable":true,"href":"https:\/\/politicosaldesnudo.com.mx\/index.php\/wp-json\/wp\/v2\/categories?post=42434"},{"taxonomy":"post_tag","embeddable":true,"href":"https:\/\/politicosaldesnudo.com.mx\/index.php\/wp-json\/wp\/v2\/tags?post=42434"}],"curies":[{"name":"wp","href":"https:\/\/api.w.org\/{rel}","templated":true}]}}